{"id":40709,"date":"2023-12-26T09:58:18","date_gmt":"2023-12-26T12:58:18","guid":{"rendered":"https:\/\/atecordoba.org\/?p=40709"},"modified":"2023-12-26T10:07:20","modified_gmt":"2023-12-26T13:07:20","slug":"rio-cuarto-protesta-de-la-intersindical-por-las-medidas-contra-los-trabajadores","status":"publish","type":"post","link":"https:\/\/atecordoba.org\/?p=40709","title":{"rendered":"R\u00edo Cuarto: Protesta de la Intersindical por las medidas contra los trabajadores"},"content":{"rendered":"<div class=\"wp-block-image\">\n<figure class=\"aligncenter size-large\"><img loading=\"lazy\" decoding=\"async\" width=\"576\" height=\"1024\" src=\"https:\/\/atecordoba.org\/wp-content\/uploads\/2023\/12\/WhatsApp-Image-2023-12-22-at-12.05.30-1-576x1024.jpeg\" alt=\"\" class=\"wp-image-40693\" \/><\/figure>\n<\/div>\n\n\n<p>La secretaria General de ATE R\u00edo Cuarto, Rafaela Alcoba, brind\u00f3 una entrevista a Radio R\u00edo Cuarto y se\u00f1al\u00f3 que el pasado viernes hubo una convocatoria frente al Centro C\u00edvico repudiando algunas medidas tomadas por los gobiernos nacional, provincial y en algunos municipios.<\/p>\n\n\n\n<p>\u201cHay despidos y falta de pagos de aguinaldo, el Gobierno Nacional abri\u00f3 las puertas para que se genere un manoseo salarial hacia los trabajadores y las trabajadoras. Algo para denunciar es que el decreto nacional de emergencia que se lanz\u00f3, al \u00fanico sector que toca es a la clase trabajadora, en ninguno de sus articulados toca al empresariado o a los grandes grupos econ\u00f3micos\u201d, sentenci\u00f3, la dirigente que tambi\u00e9n tiene responsabilidades como secretaria General de la CTA R\u00edo Cuarto. En ese marco, destac\u00f3 la importancia de la unidad en la lucha de los trabajadores.<\/p>\n\n\n\n<p>Alcoba expres\u00f3 que \u201cMilei en su discurso anunciaba que el ajuste lo iba a pagar la casta, y hoy lo estamos pagando las trabajadoras y los trabajadores. Basta con ver lo que cuesta hoy poder adquirir los insumos b\u00e1sicos para alimentarse\u201d.<\/p>\n\n\n\n<p>\u201cEl viernes tambi\u00e9n hubo una asamblea bastante importante en el Hospital Regional, aqu\u00ed en R\u00edo Cuarto, donde tambi\u00e9n se ven\u00eda a denunciar que se le puso la pata encima a las luchas que viene llevando el sector desde hace 15 a\u00f1os atr\u00e1s\u201d, cerr\u00f3.<\/p>\n","protected":false},"excerpt":{"rendered":"<p>La secretaria General de ATE R\u00edo Cuarto, Rafaela Alcoba, brind\u00f3 una entrevista a Radio R\u00edo Cuarto y se\u00f1al\u00f3 que el pasado viernes hubo una convocatoria frente al Centro C\u00edvico repudiando algunas medidas tomadas por los gobiernos nacional, provincial y en algunos municipios. \u201cHay despidos y falta de pagos de aguinaldo, el Gobierno Nacional abri\u00f3 las [&hellip;]<\/p>\n","protected":false},"author":7,"featured_media":40710,"comment_status":"open","ping_status":"open","sticky":false,"template":"","format":"standard","meta":{"_exactmetrics_skip_tracking":false,"_exactmetrics_sitenote_active":false,"_exactmetrics_sitenote_note":"","_exactmetrics_sitenote_category":0,"jnews-multi-image_gallery":[],"jnews_single_post":{"subtitle":"\u201cMilei en su discurso anunciaba que el ajuste lo iba a pagar la casta, y hoy lo estamos pagando las trabajadoras y los trabajadores. Basta con ver lo que cuesta hoy poder adquirir los insumos b\u00e1sicos para alimentarse\u201d, dijo la secretaria General de la seccional, Rafaela Alcoba.","format":"standard","video":"","gallery":"","source_name":"","source_url":"","via_name":"","via_url":"","override_template":"0","override":[{"template":"1","single_blog_custom":"","parallax":"1","fullscreen":"1","layout":"no-sidebar-narrow","sidebar":"default-sidebar","second_sidebar":"default-sidebar","sticky_sidebar":"1","share_position":"bottom","share_float_style":"share-monocrhome","show_share_counter":"1","show_view_counter":"1","show_featured":"0","show_post_meta":"1","show_post_author":"0","show_post_author_image":"1","show_post_date":"1","post_date_format":"default","post_date_format_custom":"Y\/m\/d","show_post_category":"1","show_post_reading_time":"0","post_reading_time_wpm":"300","show_zoom_button":"0","zoom_button_out_step":"2","zoom_button_in_step":"3","show_post_tag":"1","show_prev_next_post":"0","show_popup_post":"0","number_popup_post":"1","show_author_box":"0","show_post_related":"1","show_inline_post_related":"0"}],"override_image_size":"0","image_override":[{"single_post_thumbnail_size":"crop-500","single_post_gallery_size":"crop-500"}],"trending_post":"0","trending_post_position":"meta","trending_post_label":"Trending","sponsored_post":"0","sponsored_post_label":"Sponsored by","sponsored_post_name":"","sponsored_post_url":"","sponsored_post_logo_enable":"0","sponsored_post_logo":"","sponsored_post_desc":"","disable_ad":"0"},"jnews_primary_category":{"id":"","hide":""},"jnews_social_meta":{"fb_title":"","fb_description":"","fb_image":"","twitter_title":"","twitter_description":"","twitter_image":""},"jnews_review":[],"enable_review":"0","type":"percentage","name":"","summary":"","brand":"","sku":"","good":[{"good_text":""}],"bad":[{"bad_text":""}],"score_override":"","override_value":"","rating":[{"rating_text":"","rating_number":"10"}],"price":[{"shop":"","price":"","link":"","icon":""}],"jnews_override_counter":{"override_view_counter":"0","view_counter_number":"0","override_share_counter":"0","share_counter_number":"0","override_like_counter":"0","like_counter_number":"0","override_dislike_counter":"0","dislike_counter_number":"0"},"jnews_post_split":{"enable_post_split":"0","post_split":[{"template":"1","tag":"h2","numbering":"asc","mode":"normal","first":"0","enable_toc":"0","toc_type":"normal"}]},"footnotes":""},"categories":[10],"tags":[],"class_list":["post-40709","post","type-post","status-publish","format-standard","has-post-thumbnail","hentry","category-accion-politica"],"jetpack_featured_media_url":"https:\/\/atecordoba.org\/wp-content\/uploads\/2023\/12\/alcobarafa-e1703595492493.jpeg","_links":{"self":[{"href":"https:\/\/atecordoba.org\/index.php?rest_route=\/wp\/v2\/posts\/40709","targetHints":{"allow":["GET"]}}],"collection":[{"href":"https:\/\/atecordoba.org\/index.php?rest_route=\/wp\/v2\/posts"}],"about":[{"href":"https:\/\/atecordoba.org\/index.php?rest_route=\/wp\/v2\/types\/post"}],"author":[{"embeddable":true,"href":"https:\/\/atecordoba.org\/index.php?rest_route=\/wp\/v2\/users\/7"}],"replies":[{"embeddable":true,"href":"https:\/\/atecordoba.org\/index.php?rest_route=%2Fwp%2Fv2%2Fcomments&post=40709"}],"version-history":[{"count":1,"href":"https:\/\/atecordoba.org\/index.php?rest_route=\/wp\/v2\/posts\/40709\/revisions"}],"predecessor-version":[{"id":40711,"href":"https:\/\/atecordoba.org\/index.php?rest_route=\/wp\/v2\/posts\/40709\/revisions\/40711"}],"wp:featuredmedia":[{"embeddable":true,"href":"https:\/\/atecordoba.org\/index.php?rest_route=\/wp\/v2\/media\/40710"}],"wp:attachment":[{"href":"https:\/\/atecordoba.org\/index.php?rest_route=%2Fwp%2Fv2%2Fmedia&parent=40709"}],"wp:term":[{"taxonomy":"category","embeddable":true,"href":"https:\/\/atecordoba.org\/index.php?rest_route=%2Fwp%2Fv2%2Fcategories&post=40709"},{"taxonomy":"post_tag","embeddable":true,"href":"https:\/\/atecordoba.org\/index.php?rest_route=%2Fwp%2Fv2%2Ftags&post=40709"}],"curies":[{"name":"wp","href":"https:\/\/api.w.org\/{rel}","templated":true}]}}