{"id":40685,"date":"2023-12-22T13:37:00","date_gmt":"2023-12-22T16:37:00","guid":{"rendered":"https:\/\/atecordoba.org\/?p=40685"},"modified":"2023-12-22T15:32:24","modified_gmt":"2023-12-22T18:32:24","slug":"ate-se-movilizo-y-lanzo-otra-jornada-nacional-de-lucha-para-el-miercoles-27-de-diciembre","status":"publish","type":"post","link":"https:\/\/atecordoba.org\/?p=40685","title":{"rendered":"ATE se moviliz\u00f3 y lanz\u00f3 otra Jornada Nacional de Lucha para el mi\u00e9rcoles 27 de diciembre"},"content":{"rendered":"<div class=\"wp-block-image\">\n<figure class=\"aligncenter size-full\"><img decoding=\"async\" src=\"https:\/\/atecordoba.org\/wp-content\/uploads\/2023\/12\/02.webp\" alt=\"\" class=\"wp-image-40686\" \/><\/figure>\n<\/div>\n\n\n<p>ATE Argentina&nbsp;realiz\u00f3 una Jornada Nacional de Lucha con movilizaciones en todo el pa\u00eds y anunci\u00f3 una nueva movilizaci\u00f3n para el mi\u00e9rcoles 27 de diciembre que incluir\u00e1 asambleas, paros y movilizaciones en todo el pa\u00eds. La Conducci\u00f3n Nacional, encabezada por el Secretario General, Rodolfo Aguiar, se manifest\u00f3 en la Jefatura de Gabinete de Ministros en rechazo al ajuste y el mega decreto del presidente Javier Milei.<\/p>\n\n\n\n<p>\u201cNo nos corresponde a nosotros evaluar si pasaron s\u00f3lo 12 d\u00edas desde que el Gobierno asumi\u00f3, ni tampoco el mayor o menor apoyo popular que \u00e9ste tenga. Eso corresponder\u00e1 a los analistas pol\u00edticos. Somos un sindicato y tenemos que defender los derechos de los trabajadores que representamos. Hasta ahora no hemos escuchado una sola medida en favor de los trabajadores y jubilados\u201d, exclam\u00f3 Aguiar.<\/p>\n\n\n<div class=\"wp-block-image\">\n<figure class=\"alignleft size-large is-resized\"><img loading=\"lazy\" decoding=\"async\" src=\"https:\/\/atecordoba.org\/wp-content\/uploads\/2023\/12\/01-1024x681.webp\" alt=\"\" class=\"wp-image-40687\" width=\"512\" height=\"341\" srcset=\"https:\/\/atecordoba.org\/wp-content\/uploads\/2023\/12\/01-1024x681.webp 1024w, https:\/\/atecordoba.org\/wp-content\/uploads\/2023\/12\/01-300x199.webp 300w, https:\/\/atecordoba.org\/wp-content\/uploads\/2023\/12\/01-768x511.webp 768w, https:\/\/atecordoba.org\/wp-content\/uploads\/2023\/12\/01-750x499.webp 750w, https:\/\/atecordoba.org\/wp-content\/uploads\/2023\/12\/01-1140x758.webp 1140w, https:\/\/atecordoba.org\/wp-content\/uploads\/2023\/12\/01.webp 1536w\" sizes=\"auto, (max-width: 512px) 100vw, 512px\" \/><\/figure>\n<\/div>\n\n\n<p>\u201cEs una barbaridad lo que nos proponen. Milei habla de abrir la econom\u00eda y multiplicar la inflaci\u00f3n. Multiplicando la inflaci\u00f3n lo \u00fanico que van a hacer es multiplicar la pobreza\u201d, dispar\u00f3 el dirigente estatal. La movilizaci\u00f3n se desarroll\u00f3 durante el mediod\u00eda del viernes frente al edificio de la Jefatura de Gabinete, ubicado en Diagonal Sur 782 de la Ciudad Aut\u00f3noma de Buenos Aires, para reclamar contra la desregulaci\u00f3n del mercado, la privatizaci\u00f3n de las empresas estatales, y la reforma laboral que se encuentra entre los principales puntos del decreto firmado por el Presidente durante la jornada del mi\u00e9rcoles.<\/p>\n\n\n\n<p>En referencia al Decreto de Necesidad y Urgencia 70\/2023 firmado por el presidente Javier Milei, se\u00f1al\u00f3: \u201cEl retroceso institucional que configura el DNU del Presidente es tan grave que de un plumazo nos devuelve a 1976. Se intenta instaurar en el pa\u00eds nuevamente el programa econ\u00f3mico de la \u00faltima Dictadura Militar\u201d.<\/p>\n\n\n\n<p>Aguiar enumer\u00f3 tambi\u00e9n las medidas adoptadas desde ATE en los \u00faltimos d\u00edas como respuesta a las recientes medidas del Gobierno: \u201cHemos decidido enfrentar este decretazo en tres planos. En el Poder Legislativo, solicitando reuniones con todas las fuerzas que tengan representaci\u00f3n parlamentaria. En el Poder Judicial hemos presentado un amparo para que mediante una medida cautelar se suspendan sus efectos. Pero ninguno de estos dos casos depende de nosotros. Es m\u00e1s, no existe un juez o fiscal que se anime a actuar de oficio. Todos se est\u00e1n declarando incompetentes. Dan verg\u00fcenza. Se les nota mucho que reciben instrucciones desde la Casa Rosada. Por eso hoy nos toca salir a las calles\u201d.<\/p>\n\n\n\n<p>\u201cSon tiempos de derribar algunos mitos. Plata hay, lo que pasa es que la tienen los que siempre la tuvieron y quieren acaparar m\u00e1s. Basta con analizar los balances de las grandes empresas para saber que son los \u00fanicos que incrementaron sus ganancias hasta triplicando la inflaci\u00f3n\u201d, evalu\u00f3 el Secretario General de ATE.<\/p>\n\n\n\n<p>Aguiar sostuvo que \u201clo que pretende este DNU es moldear un Estado que est\u00e9 s\u00f3lo al servicio de los principales grupos econ\u00f3micos\u201d y explic\u00f3: \u201cCon asombro, hemos escuchado declarar a Asociaci\u00f3n Empresaria Argentina (AEA) que luego del inicio del Gobierno tienen esperanza. No nos sorprende que sean los \u00fanicos esperanzados en el pa\u00eds. Quieren volverse m\u00e1s multimillonarios de lo que siempre fueron a costa del sacrificio de todo el pueblo argentino\u201d.<\/p>\n\n\n<div class=\"wp-block-image\">\n<figure class=\"alignright size-full is-resized\"><img loading=\"lazy\" decoding=\"async\" src=\"https:\/\/atecordoba.org\/wp-content\/uploads\/2023\/12\/03.webp\" alt=\"\" class=\"wp-image-40688\" width=\"576\" height=\"383\" srcset=\"https:\/\/atecordoba.org\/wp-content\/uploads\/2023\/12\/03.webp 768w, https:\/\/atecordoba.org\/wp-content\/uploads\/2023\/12\/03-300x199.webp 300w, https:\/\/atecordoba.org\/wp-content\/uploads\/2023\/12\/03-750x498.webp 750w\" sizes=\"auto, (max-width: 576px) 100vw, 576px\" \/><\/figure>\n<\/div>\n\n\n<p>\u201cEl Presidente nos dijo que despu\u00e9s del decreto van a venir m\u00e1s medidas. Nosotros le respondemos que si van a haber m\u00e1s medidas, tambi\u00e9n van a haber m\u00e1s luchas. Todas las que sean necesarias hasta poder frenarlo a \u00e9l y al desquicio de sus pol\u00edticas\u201d, indic\u00f3 Rodolfo Aguiar y concluy\u00f3: \u201cNos negamos a encomendarnos a las fuerzas del cielo. Preferimos encomendarnos a la fuerza de los trabajadores porque es la \u00fanica que m\u00e1s temprano que tarde nos permitir\u00e1 recuperar todos nuestros derechos\u201d.<\/p>\n\n\n\n<p><strong>La respuesta al ajustazo de Milei<\/strong><\/p>\n\n\n\n<p>En primera instancia, ATE solicit\u00f3 reuniones con todas las fuerzas con representaci\u00f3n parlamentaria para que rechacen el DNU firmado por Javier Milei. El primer encuentro se dio durante la jornada del jueves con el bloque de diputados de Uni\u00f3n por la Patria, quienes se posicionaron en contra de la norma por su nulidad absoluta e insanable<\/p>\n\n\n\n<p>Adem\u00e1s, se present\u00f3 un amparo ante la Justicia pidiendo que se declare la inconstitucionalidad y nulidad absoluta del mega decreto, solicitando que, mediante una medida cautelar, se suspendan de inmediato los efectos del mismo, alegando que el Presidente se atribuye facultades extraordinarias que atentan contra la divisi\u00f3n de poderes de la Rep\u00fablica Argentina.<\/p>\n\n\n\n<p>De esta forma, los principales ejes reclamados del sindicato durante la jornada son:<\/p>\n\n\n\n<p>\u2022 Cese de las pol\u00edticas de ajuste;<\/p>\n\n\n\n<p>\u2022 Pago de los salarios y del Sueldo Anual Complementario en tiempo y forma;<\/p>\n\n\n\n<p>\u2022 Urgente reapertura de paritarias y aumento salarial que supere la inflaci\u00f3n;<\/p>\n\n\n\n<p>\u2022 Pase a planta permanente de todos los trabajadores y estabilidad laboral;<\/p>\n\n\n\n<p>\u2022 Rechazo a la aplicaci\u00f3n del Protocolo Antimovilizaciones que intenta cercenar el derecho a peticionar a las autoridades.<\/p>\n","protected":false},"excerpt":{"rendered":"<p>ATE Argentina&nbsp;realiz\u00f3 una Jornada Nacional de Lucha con movilizaciones en todo el pa\u00eds y anunci\u00f3 una nueva movilizaci\u00f3n para el mi\u00e9rcoles 27 de diciembre que incluir\u00e1 asambleas, paros y movilizaciones en todo el pa\u00eds. La Conducci\u00f3n Nacional, encabezada por el Secretario General, Rodolfo Aguiar, se manifest\u00f3 en la Jefatura de Gabinete de Ministros en rechazo [&hellip;]<\/p>\n","protected":false},"author":7,"featured_media":40686,"comment_status":"open","ping_status":"open","sticky":false,"template":"","format":"standard","meta":{"_exactmetrics_skip_tracking":false,"_exactmetrics_sitenote_active":false,"_exactmetrics_sitenote_note":"","_exactmetrics_sitenote_category":0,"jnews-multi-image_gallery":[],"jnews_single_post":{"subtitle":"La medida tendr\u00e1 alcance nacional e incluir\u00e1 asambleas, paros y manifestaciones. \u201cEl retroceso institucional es tan grave que de un plumazo nos devuelven a 1976\u201d, sentenci\u00f3 el secretario General de ATE Argentina, Rodolfo Aguiar.","format":"standard","video":"","gallery":"","source_name":"","source_url":"","via_name":"","via_url":"","override_template":"0","override":[{"template":"1","single_blog_custom":"","parallax":"1","fullscreen":"1","layout":"no-sidebar-narrow","sidebar":"default-sidebar","second_sidebar":"default-sidebar","sticky_sidebar":"1","share_position":"bottom","share_float_style":"share-monocrhome","show_share_counter":"1","show_view_counter":"1","show_featured":"0","show_post_meta":"1","show_post_author":"0","show_post_author_image":"1","show_post_date":"1","post_date_format":"default","post_date_format_custom":"Y\/m\/d","show_post_category":"1","show_post_reading_time":"0","post_reading_time_wpm":"300","show_zoom_button":"0","zoom_button_out_step":"2","zoom_button_in_step":"3","show_post_tag":"1","show_prev_next_post":"0","show_popup_post":"0","number_popup_post":"1","show_author_box":"0","show_post_related":"1","show_inline_post_related":"0"}],"override_image_size":"0","image_override":[{"single_post_thumbnail_size":"crop-500","single_post_gallery_size":"crop-500"}],"trending_post":"0","trending_post_position":"meta","trending_post_label":"Trending","sponsored_post":"0","sponsored_post_label":"Sponsored by","sponsored_post_name":"","sponsored_post_url":"","sponsored_post_logo_enable":"0","sponsored_post_logo":"","sponsored_post_desc":"","disable_ad":"0"},"jnews_primary_category":{"id":"","hide":""},"jnews_social_meta":{"fb_title":"","fb_description":"","fb_image":"","twitter_title":"","twitter_description":"","twitter_image":""},"jnews_review":[],"enable_review":"0","type":"percentage","name":"","summary":"","brand":"","sku":"","good":[{"good_text":""}],"bad":[{"bad_text":""}],"score_override":"","override_value":"","rating":[{"rating_text":"","rating_number":"10"}],"price":[{"shop":"","price":"","link":"","icon":""}],"jnews_override_counter":{"override_view_counter":"0","view_counter_number":"0","override_share_counter":"0","share_counter_number":"0","override_like_counter":"0","like_counter_number":"0","override_dislike_counter":"0","dislike_counter_number":"0"},"jnews_post_split":{"enable_post_split":"0","post_split":[{"template":"1","tag":"h2","numbering":"asc","mode":"normal","first":"0","enable_toc":"0","toc_type":"normal"}]},"footnotes":""},"categories":[756],"tags":[],"class_list":["post-40685","post","type-post","status-publish","format-standard","has-post-thumbnail","hentry","category-consejo-directivo-nacional-cdn"],"jetpack_featured_media_url":"https:\/\/atecordoba.org\/wp-content\/uploads\/2023\/12\/02-e1703266631915.webp","_links":{"self":[{"href":"https:\/\/atecordoba.org\/index.php?rest_route=\/wp\/v2\/posts\/40685","targetHints":{"allow":["GET"]}}],"collection":[{"href":"https:\/\/atecordoba.org\/index.php?rest_route=\/wp\/v2\/posts"}],"about":[{"href":"https:\/\/atecordoba.org\/index.php?rest_route=\/wp\/v2\/types\/post"}],"author":[{"embeddable":true,"href":"https:\/\/atecordoba.org\/index.php?rest_route=\/wp\/v2\/users\/7"}],"replies":[{"embeddable":true,"href":"https:\/\/atecordoba.org\/index.php?rest_route=%2Fwp%2Fv2%2Fcomments&post=40685"}],"version-history":[{"count":2,"href":"https:\/\/atecordoba.org\/index.php?rest_route=\/wp\/v2\/posts\/40685\/revisions"}],"predecessor-version":[{"id":40701,"href":"https:\/\/atecordoba.org\/index.php?rest_route=\/wp\/v2\/posts\/40685\/revisions\/40701"}],"wp:featuredmedia":[{"embeddable":true,"href":"https:\/\/atecordoba.org\/index.php?rest_route=\/wp\/v2\/media\/40686"}],"wp:attachment":[{"href":"https:\/\/atecordoba.org\/index.php?rest_route=%2Fwp%2Fv2%2Fmedia&parent=40685"}],"wp:term":[{"taxonomy":"category","embeddable":true,"href":"https:\/\/atecordoba.org\/index.php?rest_route=%2Fwp%2Fv2%2Fcategories&post=40685"},{"taxonomy":"post_tag","embeddable":true,"href":"https:\/\/atecordoba.org\/index.php?rest_route=%2Fwp%2Fv2%2Ftags&post=40685"}],"curies":[{"name":"wp","href":"https:\/\/api.w.org\/{rel}","templated":true}]}}