{"id":4068,"date":"2014-04-23T16:29:08","date_gmt":"2014-04-23T19:29:08","guid":{"rendered":"http:\/\/www.atecordoba.org\/?p=4068"},"modified":"2014-04-23T16:29:08","modified_gmt":"2014-04-23T19:29:08","slug":"con-amplia-participacion-parques-nacionales-consagro-otro-delegado-de-ate","status":"publish","type":"post","link":"https:\/\/atecordoba.org\/?p=4068","title":{"rendered":"Con amplia participaci\u00f3n Parques Nacionales consagr\u00f3 otro delegado de ATE"},"content":{"rendered":"<p><em>El 75% del padr\u00f3n particip\u00f3 de la elecci\u00f3n donde result\u00f3 electo el compa\u00f1ero Leonardo Barrios Caro por lo pr\u00f3ximos dos a\u00f1os.<\/em><\/p>\n<p style=\"text-align: center;\"><a href=\"http:\/\/www.atecordoba.org\/wp-content\/uploads\/2014\/04\/Foto2014-e1398281289849.jpg\"><img loading=\"lazy\" decoding=\"async\" class=\"aligncenter  wp-image-4069\" alt=\"Foto2014\" src=\"http:\/\/www.atecordoba.org\/wp-content\/uploads\/2014\/04\/Foto2014-e1398281289849.jpg\" width=\"480\" height=\"640\" \/><\/a><\/p>\n<p>En la oportunidad estuvo presente el compa\u00f1ero Marcelo Stancanelli, miembro de la Regi\u00f3n Centro de la coordinaci\u00f3n de delegados de Parques Nacionales.<\/p>\n<p>La gran asistencia al comisio da cuenta de la fortaleza de nuestra organizaci\u00f3n en ese importante sector de la Administraci\u00f3n P\u00fablica y refrenda el compromiso de ATE ante las numerosas demandas que expresan los trabajadores, como la necesidad de construir un convenio colectivo que atienda a las particularidades de todos los trabajadores del sector.<\/p>\n<p>Hasta el momento, ATE cuenta en C\u00f3rdoba con representaci\u00f3n en la delegaci\u00f3n regional centro y en la Quebrada del Condorito. A nivel nacional nuestro gremio representa la mayor\u00eda de los trabajadores en el sector.<\/p>\n","protected":false},"excerpt":{"rendered":"<p>El 75% del padr\u00f3n particip\u00f3 de la elecci\u00f3n donde result\u00f3 electo el compa\u00f1ero Leonardo Barrios Caro por lo pr\u00f3ximos dos a\u00f1os. En la oportunidad estuvo presente el compa\u00f1ero Marcelo Stancanelli, miembro de la Regi\u00f3n Centro de la coordinaci\u00f3n de delegados de Parques Nacionales. La gran asistencia al comisio da cuenta de la fortaleza de nuestra [&hellip;]<\/p>\n","protected":false},"author":1,"featured_media":19220,"comment_status":"open","ping_status":"open","sticky":false,"template":"","format":"standard","meta":{"_exactmetrics_skip_tracking":false,"_exactmetrics_sitenote_active":false,"_exactmetrics_sitenote_note":"","_exactmetrics_sitenote_category":0,"jnews-multi-image_gallery":[],"jnews_single_post":[],"jnews_primary_category":[],"jnews_social_meta":[],"jnews_review":[],"enable_review":"","type":"","name":"","summary":"","brand":"","sku":"","good":[],"bad":[],"score_override":"","override_value":"","rating":[],"price":[],"jnews_override_counter":[],"jnews_post_split":[],"footnotes":""},"categories":[18,96],"tags":[],"class_list":["post-4068","post","type-post","status-publish","format-standard","has-post-thumbnail","hentry","category-nacionales","category-parques-nacionales-2"],"jetpack_featured_media_url":"https:\/\/atecordoba.org\/wp-content\/uploads\/2020\/05\/logo-nuevochico-e1561581322808.png","_links":{"self":[{"href":"https:\/\/atecordoba.org\/index.php?rest_route=\/wp\/v2\/posts\/4068","targetHints":{"allow":["GET"]}}],"collection":[{"href":"https:\/\/atecordoba.org\/index.php?rest_route=\/wp\/v2\/posts"}],"about":[{"href":"https:\/\/atecordoba.org\/index.php?rest_route=\/wp\/v2\/types\/post"}],"author":[{"embeddable":true,"href":"https:\/\/atecordoba.org\/index.php?rest_route=\/wp\/v2\/users\/1"}],"replies":[{"embeddable":true,"href":"https:\/\/atecordoba.org\/index.php?rest_route=%2Fwp%2Fv2%2Fcomments&post=4068"}],"version-history":[{"count":0,"href":"https:\/\/atecordoba.org\/index.php?rest_route=\/wp\/v2\/posts\/4068\/revisions"}],"wp:featuredmedia":[{"embeddable":true,"href":"https:\/\/atecordoba.org\/index.php?rest_route=\/wp\/v2\/media\/19220"}],"wp:attachment":[{"href":"https:\/\/atecordoba.org\/index.php?rest_route=%2Fwp%2Fv2%2Fmedia&parent=4068"}],"wp:term":[{"taxonomy":"category","embeddable":true,"href":"https:\/\/atecordoba.org\/index.php?rest_route=%2Fwp%2Fv2%2Fcategories&post=4068"},{"taxonomy":"post_tag","embeddable":true,"href":"https:\/\/atecordoba.org\/index.php?rest_route=%2Fwp%2Fv2%2Ftags&post=4068"}],"curies":[{"name":"wp","href":"https:\/\/api.w.org\/{rel}","templated":true}]}}