{"id":40673,"date":"2023-12-22T14:30:43","date_gmt":"2023-12-22T17:30:43","guid":{"rendered":"https:\/\/atecordoba.org\/?p=40673"},"modified":"2023-12-22T15:03:54","modified_gmt":"2023-12-22T18:03:54","slug":"jornada-provincial-de-lucha-en-anisacate-y-acuerdo-con-contini-para-que-trabajo-analice-los-despidos","status":"publish","type":"post","link":"https:\/\/atecordoba.org\/?p=40673","title":{"rendered":"Jornada Provincial de lucha en Anisacate y acuerdo con Contini para que Trabajo analice los despidos"},"content":{"rendered":"<div class=\"wp-block-image\">\n<figure class=\"aligncenter size-large is-resized\"><img loading=\"lazy\" decoding=\"async\" src=\"https:\/\/atecordoba.org\/wp-content\/uploads\/2023\/12\/WhatsApp-Image-2023-12-22-at-14.02.54-1-1024x578.jpeg\" alt=\"\" class=\"wp-image-40679\" width=\"768\" height=\"434\" srcset=\"https:\/\/atecordoba.org\/wp-content\/uploads\/2023\/12\/WhatsApp-Image-2023-12-22-at-14.02.54-1-1024x578.jpeg 1024w, https:\/\/atecordoba.org\/wp-content\/uploads\/2023\/12\/WhatsApp-Image-2023-12-22-at-14.02.54-1-300x169.jpeg 300w, https:\/\/atecordoba.org\/wp-content\/uploads\/2023\/12\/WhatsApp-Image-2023-12-22-at-14.02.54-1-768x434.jpeg 768w, https:\/\/atecordoba.org\/wp-content\/uploads\/2023\/12\/WhatsApp-Image-2023-12-22-at-14.02.54-1-1536x867.jpeg 1536w, https:\/\/atecordoba.org\/wp-content\/uploads\/2023\/12\/WhatsApp-Image-2023-12-22-at-14.02.54-1-2048x1156.jpeg 2048w, https:\/\/atecordoba.org\/wp-content\/uploads\/2023\/12\/WhatsApp-Image-2023-12-22-at-14.02.54-1-750x423.jpeg 750w, https:\/\/atecordoba.org\/wp-content\/uploads\/2023\/12\/WhatsApp-Image-2023-12-22-at-14.02.54-1-1140x644.jpeg 1140w\" sizes=\"auto, (max-width: 768px) 100vw, 768px\" \/><\/figure>\n<\/div>\n\n\n<p>ATE logr\u00f3 hoy un importante avance en el conflicto municipal de Anisacate, cuando la Municipalidad se comprometi\u00f3 por acta resolver el conflicto de los despidos en el \u00e1mbito de la secretaria de Trabajo de la provincia, d\u00e1ndose anclaje institucional al conflicto ya aceptando la revisi\u00f3n de cada uno de los 80 casos en cuesti\u00f3n.<\/p>\n\n\n\n<p>La audiencia se celebr\u00f3 esta ma\u00f1ana entre la intendenta y su equipo de trabajo y la comitiva gremial encabezada por nuestro secretario General, Federico Giuliani, y los delegados municipales Rodrigo Peralta y Nelson \u00c1vila, tras cinco d\u00edas de fuerte lucha con movilizaciones, cortes de ruta y protestas de todo tipo, donde se destacaron los incidentes protagonizados por <a href=\"https:\/\/atecordoba.org\/?p=40524\">funcionarios de la comuna<\/a> y el <a href=\"https:\/\/atecordoba.org\/?p=40574\">ataque vand\u00e1lico<\/a> a un veh\u00edculo de nuestro gremio.<\/p>\n\n\n<div class=\"wp-block-image\">\n<figure class=\"alignleft size-large is-resized\"><img loading=\"lazy\" decoding=\"async\" src=\"https:\/\/atecordoba.org\/wp-content\/uploads\/2023\/12\/WhatsApp-Image-2023-12-22-at-14.03.35-1-1024x578.jpeg\" alt=\"\" class=\"wp-image-40680\" width=\"512\" height=\"289\" srcset=\"https:\/\/atecordoba.org\/wp-content\/uploads\/2023\/12\/WhatsApp-Image-2023-12-22-at-14.03.35-1-1024x578.jpeg 1024w, https:\/\/atecordoba.org\/wp-content\/uploads\/2023\/12\/WhatsApp-Image-2023-12-22-at-14.03.35-1-300x169.jpeg 300w, https:\/\/atecordoba.org\/wp-content\/uploads\/2023\/12\/WhatsApp-Image-2023-12-22-at-14.03.35-1-768x434.jpeg 768w, https:\/\/atecordoba.org\/wp-content\/uploads\/2023\/12\/WhatsApp-Image-2023-12-22-at-14.03.35-1-1536x867.jpeg 1536w, https:\/\/atecordoba.org\/wp-content\/uploads\/2023\/12\/WhatsApp-Image-2023-12-22-at-14.03.35-1-2048x1156.jpeg 2048w, https:\/\/atecordoba.org\/wp-content\/uploads\/2023\/12\/WhatsApp-Image-2023-12-22-at-14.03.35-1-750x423.jpeg 750w, https:\/\/atecordoba.org\/wp-content\/uploads\/2023\/12\/WhatsApp-Image-2023-12-22-at-14.03.35-1-1140x644.jpeg 1140w\" sizes=\"auto, (max-width: 512px) 100vw, 512px\" \/><\/figure>\n<\/div>\n\n\n<p>El acuerdo, que levanta las medidas de fuerza en Anisacate, incluye el pago de los sueldos y medio aguinaldo de diciembre a la totalidad de las y los trabajadores municipales, activos (trabajen en blanco o precarizados) y despedidos, hasta tanto se resuelva su situaci\u00f3n. <\/p>\n\n\n\n<p>Seg\u00fan aclar\u00f3 el delegado Rodrigo Peralta al salir de la reuni\u00f3n, el pago de los salarios conlleva la actualizaci\u00f3n que estaba comprometida para diciembre por la gesti\u00f3n anterior a Contini, rubricada oportunamente en el Ministerio de Trabajo de la naci\u00f3n. <\/p>\n\n\n\n<p>Vale se\u00f1alar que ATE realiz\u00f3 la protesta en Anisacate en el marco de la Jornada Nacional de Lucha que convoc\u00f3 ATE Argentina, por el repudio a las medidas econ\u00f3micas anunciadas por el ministro de Econom\u00eda de la Naci\u00f3n, Luis Caputo, y al DNU que firm\u00f3 esta semana el Presidente Javier Milei. La concentraci\u00f3n tuvo presencia de dirigentes de las seis seccionales de la provincia, junto a compa\u00f1eros municipales de distintos puntos de territorito cordob\u00e9s, como de Alta Gracia, Tancacha, Los Aromos, R\u00edo Primero, Cruz del Eje, San Francisco, entre otros. <\/p>\n\n\n\n<p>La secretaria General Adjunta de ATE C\u00f3rdoba, Gabriela Alcoba, la secretaria General de ATE Cruz del Eje, M\u00f3nica Rodr\u00edguez, su Adjunto, Beto Pozzi, y la secretaria Adjunto de la CTA C\u00f3rdoba, Silvia Alcoba, fueron algunos de los dirigentes presentes en Anisacate.<\/p>\n\n\n\n<p><strong>Balance positivo<\/strong><\/p>\n\n\n\n<p>&#8220;Logramos este avance en el quinto d\u00eda de pelea y destacamos la importancia que se haya resuelto hacer la la Jornada de Lucha en Anisacate, porque tiene una carga simb\u00f3lica fuerte, que gener\u00f3 una presi\u00f3n sobre el Ejecutivo. Como resultado de esto por primera vez pudimos armar una mesa de negociaci\u00f3n, madura y con di\u00e1logo pol\u00edtico&#8221;, dijo Giuliani a la hora se realizar las primeras evaluaciones .<\/p>\n\n\n<div class=\"wp-block-image\">\n<figure class=\"alignright size-large is-resized\"><img loading=\"lazy\" decoding=\"async\" src=\"https:\/\/atecordoba.org\/wp-content\/uploads\/2023\/12\/WhatsApp-Image-2023-12-22-at-14.03.34-1-1024x578.jpeg\" alt=\"\" class=\"wp-image-40681\" width=\"512\" height=\"289\" srcset=\"https:\/\/atecordoba.org\/wp-content\/uploads\/2023\/12\/WhatsApp-Image-2023-12-22-at-14.03.34-1-1024x578.jpeg 1024w, https:\/\/atecordoba.org\/wp-content\/uploads\/2023\/12\/WhatsApp-Image-2023-12-22-at-14.03.34-1-300x169.jpeg 300w, https:\/\/atecordoba.org\/wp-content\/uploads\/2023\/12\/WhatsApp-Image-2023-12-22-at-14.03.34-1-768x434.jpeg 768w, https:\/\/atecordoba.org\/wp-content\/uploads\/2023\/12\/WhatsApp-Image-2023-12-22-at-14.03.34-1-1536x867.jpeg 1536w, https:\/\/atecordoba.org\/wp-content\/uploads\/2023\/12\/WhatsApp-Image-2023-12-22-at-14.03.34-1-2048x1156.jpeg 2048w, https:\/\/atecordoba.org\/wp-content\/uploads\/2023\/12\/WhatsApp-Image-2023-12-22-at-14.03.34-1-750x423.jpeg 750w, https:\/\/atecordoba.org\/wp-content\/uploads\/2023\/12\/WhatsApp-Image-2023-12-22-at-14.03.34-1-1140x644.jpeg 1140w\" sizes=\"auto, (max-width: 512px) 100vw, 512px\" \/><\/figure>\n<\/div>\n\n\n<p>Y a\u00f1adi\u00f3 que &#8220;en ese marco logramos acordar que los despidos se resuelvan en el \u00e1mbito de la Secretaria de Trabajo de la Provincia, que para nosotros es un espacio institucional importante, el m\u00e1ximo \u00f3rgano contralor de las relaciones laborales. En segundo lugar, logramos que se pague el sueldo no solo a los trabajadores activos y en negro, sino tambi\u00e9n a los despedidos, medida que entendemos como un buen gesto para que estas familias lleguen con dinero en el bolsillo a este dif\u00edcil fin de a\u00f1o. De la misma forma, logramos que se pague el aguinaldo para activos y quienes est\u00e1n en conflicto por los despidos sufridos&#8221;.<\/p>\n\n\n\n<p>El dirigente afirm\u00f3 que &#8220;desde el primer d\u00eda venimos articulando con la comunidad la lucha, para que todos sepan que los servicios que est\u00e1n resentidos no solo por el paro que resolvi\u00f3 ATE, sino tambi\u00e9n por el vaciamiento que est\u00e1 haciendo la intendenta de las \u00e1reas sensibles del Estado: salud, guardia urbana, desarrollo social&#8221;.<\/p>\n\n\n\n<p>Y destac\u00f3 que los despidos &#8220;son injustos, arbitrarios, con un claro sesgo discriminatorio por g\u00e9nero, por pensamiento pol\u00edtico y por participaci\u00f3n sindical&#8221;.<\/p>\n\n\n\n<p><strong>Cuerpo de delegados<\/strong><\/p>\n\n\n\n<p>Fuerte protagonismo tuvo el cuerpo de delegados de ATE en la Municipalidad de Anisacate, consolidando el apoyo de las y los trabajadores del sector ante la brutal ola de despidos y organizando la resistencia de quienes perdieron sus puestos de trabajo. <\/p>\n\n\n\n<p>&#8220;Dejamos asentado bajo acta que los despedidos cobran diciembre y aguinaldo igual que el resto de los y las municipales. y destacamos que el pago de sueldos incluye el aumento del 30% estipulado para completar el a\u00f1o. El aumento est\u00e1 compuesto por un 10% que hab\u00eda acordado el sindicato amarillo municipal, pero el 20% restante lo logr\u00f3 ATE, en una negociaci\u00f3n alcanzada con la administraci\u00f3n anterior, acuerdo rubricado en su momento por el Ministerio de Trabajo de la Naci\u00f3n&#8221;, dijo el delegado Rodrigo Peralta.<\/p>\n\n\n\n<figure class=\"wp-block-gallery has-nested-images columns-default is-cropped wp-block-gallery-1 is-layout-flex wp-block-gallery-is-layout-flex\">\n<figure class=\"wp-block-image size-large\"><img loading=\"lazy\" decoding=\"async\" width=\"1024\" height=\"578\" data-id=\"40683\" src=\"https:\/\/atecordoba.org\/wp-content\/uploads\/2023\/12\/WhatsApp-Image-2023-12-22-at-14.01.53-1-1024x578.jpeg\" alt=\"\" class=\"wp-image-40683\" srcset=\"https:\/\/atecordoba.org\/wp-content\/uploads\/2023\/12\/WhatsApp-Image-2023-12-22-at-14.01.53-1-1024x578.jpeg 1024w, https:\/\/atecordoba.org\/wp-content\/uploads\/2023\/12\/WhatsApp-Image-2023-12-22-at-14.01.53-1-300x169.jpeg 300w, https:\/\/atecordoba.org\/wp-content\/uploads\/2023\/12\/WhatsApp-Image-2023-12-22-at-14.01.53-1-768x434.jpeg 768w, https:\/\/atecordoba.org\/wp-content\/uploads\/2023\/12\/WhatsApp-Image-2023-12-22-at-14.01.53-1-1536x867.jpeg 1536w, https:\/\/atecordoba.org\/wp-content\/uploads\/2023\/12\/WhatsApp-Image-2023-12-22-at-14.01.53-1-2048x1156.jpeg 2048w, https:\/\/atecordoba.org\/wp-content\/uploads\/2023\/12\/WhatsApp-Image-2023-12-22-at-14.01.53-1-750x423.jpeg 750w, https:\/\/atecordoba.org\/wp-content\/uploads\/2023\/12\/WhatsApp-Image-2023-12-22-at-14.01.53-1-1140x644.jpeg 1140w\" sizes=\"auto, (max-width: 1024px) 100vw, 1024px\" \/><\/figure>\n\n\n\n<figure class=\"wp-block-image size-large\"><img loading=\"lazy\" decoding=\"async\" width=\"1024\" height=\"578\" data-id=\"40682\" src=\"https:\/\/atecordoba.org\/wp-content\/uploads\/2023\/12\/WhatsApp-Image-2023-12-22-at-14.04.28-1-1024x578.jpeg\" alt=\"\" class=\"wp-image-40682\" \/><\/figure>\n<\/figure>\n\n\n\n<p>Y aclar\u00f3 que en el acta qued\u00f3 tambi\u00e9n asentado que los abogados de ATE se pondr\u00e1n en contacto con la Municipalidad para ya fijar fecha y hora en el Ministerio de Trabajo de la provincia con sede en Altas Gracia para empezar a solucionar los despidos.<\/p>\n\n\n\n<p>&#8220;Estamos un poco m\u00e1s tranquilos porque en estas fiestas los compa\u00f1eros van a poder llevar el pan a su mesa y brindar con su familia, hasta que resolvamos definitivamente esta situaci\u00f3n que nunca debi\u00f3 suceder&#8221;, complet\u00f3 Peralta.<\/p>\n\n\n\n<p><strong>Seccionales<\/strong><\/p>\n\n\n\n<p>Diversas seccionales realizaron actividades ene l marco de la Jornada Nacional de Lucha.<\/p>\n\n\n\n<p>ATE R\u00edo Cuarto realiz\u00f3 una asamblea intersindical frente al Centro C\u00edvico; ATE R\u00edo Tercero convoc\u00f3 a una asamblea en la F\u00e1brica Militar; ATE Adelia Mar\u00eda llev\u00f3 a cabo asambleas y recorridos y diversos sectores de trabajo. <\/p>\n\n\n\n<p><\/p>\n\n\n\n<figure class=\"wp-block-gallery has-nested-images columns-default is-cropped wp-block-gallery-2 is-layout-flex wp-block-gallery-is-layout-flex\">\n<figure class=\"wp-block-image size-large\"><a href=\"https:\/\/atecordoba.org\/wp-content\/uploads\/2023\/12\/WhatsApp-Image-2023-12-22-at-12.05.31-3.jpeg\" target=\"_blank\" rel=\"noopener\"><img loading=\"lazy\" decoding=\"async\" width=\"1024\" height=\"461\" data-id=\"40695\" src=\"https:\/\/atecordoba.org\/wp-content\/uploads\/2023\/12\/WhatsApp-Image-2023-12-22-at-12.05.31-3-1024x461.jpeg\" alt=\"\" class=\"wp-image-40695\" srcset=\"https:\/\/atecordoba.org\/wp-content\/uploads\/2023\/12\/WhatsApp-Image-2023-12-22-at-12.05.31-3-1024x461.jpeg 1024w, https:\/\/atecordoba.org\/wp-content\/uploads\/2023\/12\/WhatsApp-Image-2023-12-22-at-12.05.31-3-300x135.jpeg 300w, https:\/\/atecordoba.org\/wp-content\/uploads\/2023\/12\/WhatsApp-Image-2023-12-22-at-12.05.31-3-768x346.jpeg 768w, https:\/\/atecordoba.org\/wp-content\/uploads\/2023\/12\/WhatsApp-Image-2023-12-22-at-12.05.31-3-1536x691.jpeg 1536w, https:\/\/atecordoba.org\/wp-content\/uploads\/2023\/12\/WhatsApp-Image-2023-12-22-at-12.05.31-3-750x338.jpeg 750w, https:\/\/atecordoba.org\/wp-content\/uploads\/2023\/12\/WhatsApp-Image-2023-12-22-at-12.05.31-3-1140x513.jpeg 1140w, https:\/\/atecordoba.org\/wp-content\/uploads\/2023\/12\/WhatsApp-Image-2023-12-22-at-12.05.31-3.jpeg 1600w\" sizes=\"auto, (max-width: 1024px) 100vw, 1024px\" \/><\/a><\/figure>\n\n\n\n<figure class=\"wp-block-image size-large\"><a href=\"https:\/\/atecordoba.org\/wp-content\/uploads\/2023\/12\/WhatsApp-Image-2023-12-22-at-12.05.31.jpeg\" target=\"_blank\" rel=\"noopener\"><img loading=\"lazy\" decoding=\"async\" width=\"1024\" height=\"768\" data-id=\"40696\" src=\"https:\/\/atecordoba.org\/wp-content\/uploads\/2023\/12\/WhatsApp-Image-2023-12-22-at-12.05.31-1024x768.jpeg\" alt=\"\" class=\"wp-image-40696\" srcset=\"https:\/\/atecordoba.org\/wp-content\/uploads\/2023\/12\/WhatsApp-Image-2023-12-22-at-12.05.31-1024x768.jpeg 1024w, https:\/\/atecordoba.org\/wp-content\/uploads\/2023\/12\/WhatsApp-Image-2023-12-22-at-12.05.31-300x225.jpeg 300w, https:\/\/atecordoba.org\/wp-content\/uploads\/2023\/12\/WhatsApp-Image-2023-12-22-at-12.05.31-768x576.jpeg 768w, https:\/\/atecordoba.org\/wp-content\/uploads\/2023\/12\/WhatsApp-Image-2023-12-22-at-12.05.31-1536x1152.jpeg 1536w, https:\/\/atecordoba.org\/wp-content\/uploads\/2023\/12\/WhatsApp-Image-2023-12-22-at-12.05.31-750x563.jpeg 750w, https:\/\/atecordoba.org\/wp-content\/uploads\/2023\/12\/WhatsApp-Image-2023-12-22-at-12.05.31-1140x855.jpeg 1140w, https:\/\/atecordoba.org\/wp-content\/uploads\/2023\/12\/WhatsApp-Image-2023-12-22-at-12.05.31.jpeg 1600w\" sizes=\"auto, (max-width: 1024px) 100vw, 1024px\" \/><\/a><\/figure>\n\n\n\n<figure class=\"wp-block-image size-large\"><a href=\"https:\/\/atecordoba.org\/wp-content\/uploads\/2023\/12\/WhatsApp-Image-2023-12-22-at-12.05.29.jpeg\" target=\"_blank\" rel=\"noopener\"><img loading=\"lazy\" decoding=\"async\" width=\"1024\" height=\"576\" data-id=\"40699\" src=\"https:\/\/atecordoba.org\/wp-content\/uploads\/2023\/12\/WhatsApp-Image-2023-12-22-at-12.05.29-1024x576.jpeg\" alt=\"\" class=\"wp-image-40699\" srcset=\"https:\/\/atecordoba.org\/wp-content\/uploads\/2023\/12\/WhatsApp-Image-2023-12-22-at-12.05.29-1024x576.jpeg 1024w, https:\/\/atecordoba.org\/wp-content\/uploads\/2023\/12\/WhatsApp-Image-2023-12-22-at-12.05.29-300x169.jpeg 300w, https:\/\/atecordoba.org\/wp-content\/uploads\/2023\/12\/WhatsApp-Image-2023-12-22-at-12.05.29-768x432.jpeg 768w, https:\/\/atecordoba.org\/wp-content\/uploads\/2023\/12\/WhatsApp-Image-2023-12-22-at-12.05.29-1536x864.jpeg 1536w, https:\/\/atecordoba.org\/wp-content\/uploads\/2023\/12\/WhatsApp-Image-2023-12-22-at-12.05.29-750x422.jpeg 750w, https:\/\/atecordoba.org\/wp-content\/uploads\/2023\/12\/WhatsApp-Image-2023-12-22-at-12.05.29-1140x641.jpeg 1140w, https:\/\/atecordoba.org\/wp-content\/uploads\/2023\/12\/WhatsApp-Image-2023-12-22-at-12.05.29.jpeg 1600w\" sizes=\"auto, (max-width: 1024px) 100vw, 1024px\" \/><\/a><\/figure>\n\n\n\n<figure class=\"wp-block-image size-large\"><a href=\"https:\/\/atecordoba.org\/wp-content\/uploads\/2023\/12\/WhatsApp-Image-2023-12-22-at-12.05.31-1.jpeg\" target=\"_blank\" rel=\"noopener\"><img loading=\"lazy\" decoding=\"async\" width=\"1024\" height=\"461\" data-id=\"40694\" src=\"https:\/\/atecordoba.org\/wp-content\/uploads\/2023\/12\/WhatsApp-Image-2023-12-22-at-12.05.31-1-1024x461.jpeg\" alt=\"\" class=\"wp-image-40694\" srcset=\"https:\/\/atecordoba.org\/wp-content\/uploads\/2023\/12\/WhatsApp-Image-2023-12-22-at-12.05.31-1-1024x461.jpeg 1024w, https:\/\/atecordoba.org\/wp-content\/uploads\/2023\/12\/WhatsApp-Image-2023-12-22-at-12.05.31-1-300x135.jpeg 300w, https:\/\/atecordoba.org\/wp-content\/uploads\/2023\/12\/WhatsApp-Image-2023-12-22-at-12.05.31-1-768x346.jpeg 768w, https:\/\/atecordoba.org\/wp-content\/uploads\/2023\/12\/WhatsApp-Image-2023-12-22-at-12.05.31-1-1536x691.jpeg 1536w, https:\/\/atecordoba.org\/wp-content\/uploads\/2023\/12\/WhatsApp-Image-2023-12-22-at-12.05.31-1-750x338.jpeg 750w, https:\/\/atecordoba.org\/wp-content\/uploads\/2023\/12\/WhatsApp-Image-2023-12-22-at-12.05.31-1-1140x513.jpeg 1140w, https:\/\/atecordoba.org\/wp-content\/uploads\/2023\/12\/WhatsApp-Image-2023-12-22-at-12.05.31-1.jpeg 1600w\" sizes=\"auto, (max-width: 1024px) 100vw, 1024px\" \/><\/a><\/figure>\n\n\n\n<figure class=\"wp-block-image size-large\"><a href=\"https:\/\/atecordoba.org\/wp-content\/uploads\/2023\/12\/WhatsApp-Image-2023-12-22-at-12.05.31-2.jpeg\" target=\"_blank\" rel=\"noopener\"><img loading=\"lazy\" decoding=\"async\" width=\"1024\" height=\"461\" data-id=\"40698\" src=\"https:\/\/atecordoba.org\/wp-content\/uploads\/2023\/12\/WhatsApp-Image-2023-12-22-at-12.05.31-2-1024x461.jpeg\" alt=\"\" class=\"wp-image-40698\" srcset=\"https:\/\/atecordoba.org\/wp-content\/uploads\/2023\/12\/WhatsApp-Image-2023-12-22-at-12.05.31-2-1024x461.jpeg 1024w, https:\/\/atecordoba.org\/wp-content\/uploads\/2023\/12\/WhatsApp-Image-2023-12-22-at-12.05.31-2-300x135.jpeg 300w, https:\/\/atecordoba.org\/wp-content\/uploads\/2023\/12\/WhatsApp-Image-2023-12-22-at-12.05.31-2-768x346.jpeg 768w, https:\/\/atecordoba.org\/wp-content\/uploads\/2023\/12\/WhatsApp-Image-2023-12-22-at-12.05.31-2-1536x691.jpeg 1536w, https:\/\/atecordoba.org\/wp-content\/uploads\/2023\/12\/WhatsApp-Image-2023-12-22-at-12.05.31-2-750x338.jpeg 750w, https:\/\/atecordoba.org\/wp-content\/uploads\/2023\/12\/WhatsApp-Image-2023-12-22-at-12.05.31-2-1140x513.jpeg 1140w, https:\/\/atecordoba.org\/wp-content\/uploads\/2023\/12\/WhatsApp-Image-2023-12-22-at-12.05.31-2.jpeg 1600w\" sizes=\"auto, (max-width: 1024px) 100vw, 1024px\" \/><\/a><\/figure>\n<\/figure>\n\n\n<div class=\"wp-block-image\">\n<figure class=\"aligncenter size-large is-resized\"><img loading=\"lazy\" decoding=\"async\" src=\"https:\/\/atecordoba.org\/wp-content\/uploads\/2023\/12\/WhatsApp-Image-2023-12-22-at-12.05.30-1-576x1024.jpeg\" alt=\"\" class=\"wp-image-40693\" width=\"432\" height=\"768\" \/><\/figure>\n<\/div>","protected":false},"excerpt":{"rendered":"<p>ATE logr\u00f3 hoy un importante avance en el conflicto municipal de Anisacate, cuando la Municipalidad se comprometi\u00f3 por acta resolver el conflicto de los despidos en el \u00e1mbito de la secretaria de Trabajo de la provincia, d\u00e1ndose anclaje institucional al conflicto ya aceptando la revisi\u00f3n de cada uno de los 80 casos en cuesti\u00f3n. La [&hellip;]<\/p>\n","protected":false},"author":7,"featured_media":40682,"comment_status":"open","ping_status":"open","sticky":false,"template":"","format":"standard","meta":{"_exactmetrics_skip_tracking":false,"_exactmetrics_sitenote_active":false,"_exactmetrics_sitenote_note":"","_exactmetrics_sitenote_category":0,"jnews-multi-image_gallery":[],"jnews_single_post":{"subtitle":"El acuerdo, que levanta las medidas de fuerza, incluye el pago de los sueldos y medio aguinaldo de diciembre a la totalidad de las y los trabajadores municipales, activos (trabajen en blanco o precarizados) y despedidos, hasta tanto se resuelva su situaci\u00f3n. ","format":"standard","video":"","gallery":"","source_name":"","source_url":"","via_name":"","via_url":"","override_template":"0","override":[{"template":"1","single_blog_custom":"","parallax":"1","fullscreen":"1","layout":"no-sidebar-narrow","sidebar":"default-sidebar","second_sidebar":"default-sidebar","sticky_sidebar":"1","share_position":"bottom","share_float_style":"share-monocrhome","show_share_counter":"1","show_view_counter":"1","show_featured":"0","show_post_meta":"1","show_post_author":"0","show_post_author_image":"1","show_post_date":"1","post_date_format":"default","post_date_format_custom":"Y\/m\/d","show_post_category":"1","show_post_reading_time":"0","post_reading_time_wpm":"300","show_zoom_button":"0","zoom_button_out_step":"2","zoom_button_in_step":"3","show_post_tag":"1","show_prev_next_post":"0","show_popup_post":"0","number_popup_post":"1","show_author_box":"0","show_post_related":"1","show_inline_post_related":"0"}],"override_image_size":"0","image_override":[{"single_post_thumbnail_size":"crop-500","single_post_gallery_size":"crop-500"}],"trending_post":"0","trending_post_position":"meta","trending_post_label":"Trending","sponsored_post":"0","sponsored_post_label":"Sponsored by","sponsored_post_name":"","sponsored_post_url":"","sponsored_post_logo_enable":"0","sponsored_post_logo":"","sponsored_post_desc":"","disable_ad":"0"},"jnews_primary_category":{"id":"","hide":""},"jnews_social_meta":{"fb_title":"","fb_description":"","fb_image":"","twitter_title":"","twitter_description":"","twitter_image":""},"jnews_review":[],"enable_review":"0","type":"percentage","name":"","summary":"","brand":"","sku":"","good":[{"good_text":""}],"bad":[{"bad_text":""}],"score_override":"","override_value":"","rating":[{"rating_text":"","rating_number":"10"}],"price":[{"shop":"","price":"","link":"","icon":""}],"jnews_override_counter":{"override_view_counter":"0","view_counter_number":"0","override_share_counter":"0","share_counter_number":"0","override_like_counter":"0","like_counter_number":"0","override_dislike_counter":"0","dislike_counter_number":"0"},"jnews_post_split":{"enable_post_split":"0","post_split":[{"template":"1","tag":"h2","numbering":"asc","mode":"normal","first":"0","enable_toc":"0","toc_type":"normal"}]},"footnotes":""},"categories":[20],"tags":[],"class_list":["post-40673","post","type-post","status-publish","format-standard","has-post-thumbnail","hentry","category-municipales"],"jetpack_featured_media_url":"https:\/\/atecordoba.org\/wp-content\/uploads\/2023\/12\/WhatsApp-Image-2023-12-22-at-14.04.28-1-scaled-e1703266170615.jpeg","_links":{"self":[{"href":"https:\/\/atecordoba.org\/index.php?rest_route=\/wp\/v2\/posts\/40673","targetHints":{"allow":["GET"]}}],"collection":[{"href":"https:\/\/atecordoba.org\/index.php?rest_route=\/wp\/v2\/posts"}],"about":[{"href":"https:\/\/atecordoba.org\/index.php?rest_route=\/wp\/v2\/types\/post"}],"author":[{"embeddable":true,"href":"https:\/\/atecordoba.org\/index.php?rest_route=\/wp\/v2\/users\/7"}],"replies":[{"embeddable":true,"href":"https:\/\/atecordoba.org\/index.php?rest_route=%2Fwp%2Fv2%2Fcomments&post=40673"}],"version-history":[{"count":2,"href":"https:\/\/atecordoba.org\/index.php?rest_route=\/wp\/v2\/posts\/40673\/revisions"}],"predecessor-version":[{"id":40700,"href":"https:\/\/atecordoba.org\/index.php?rest_route=\/wp\/v2\/posts\/40673\/revisions\/40700"}],"wp:featuredmedia":[{"embeddable":true,"href":"https:\/\/atecordoba.org\/index.php?rest_route=\/wp\/v2\/media\/40682"}],"wp:attachment":[{"href":"https:\/\/atecordoba.org\/index.php?rest_route=%2Fwp%2Fv2%2Fmedia&parent=40673"}],"wp:term":[{"taxonomy":"category","embeddable":true,"href":"https:\/\/atecordoba.org\/index.php?rest_route=%2Fwp%2Fv2%2Fcategories&post=40673"},{"taxonomy":"post_tag","embeddable":true,"href":"https:\/\/atecordoba.org\/index.php?rest_route=%2Fwp%2Fv2%2Ftags&post=40673"}],"curies":[{"name":"wp","href":"https:\/\/api.w.org\/{rel}","templated":true}]}}