{"id":40666,"date":"2023-12-22T10:55:56","date_gmt":"2023-12-22T13:55:56","guid":{"rendered":"https:\/\/atecordoba.org\/?p=40666"},"modified":"2023-12-22T10:55:58","modified_gmt":"2023-12-22T13:55:58","slug":"la-cta-a-cordoba-condena-la-criminalizacion-de-la-protesta","status":"publish","type":"post","link":"https:\/\/atecordoba.org\/?p=40666","title":{"rendered":"La CTA-A C\u00f3rdoba condena la criminalizaci\u00f3n de la protesta"},"content":{"rendered":"<div class=\"wp-block-image\">\n<figure class=\"aligncenter size-large is-resized\"><img loading=\"lazy\" decoding=\"async\" src=\"https:\/\/atecordoba.org\/wp-content\/uploads\/2023\/12\/represion2-1024x576.png\" alt=\"\" class=\"wp-image-40667\" width=\"768\" height=\"432\" \/><\/figure>\n<\/div>\n\n\n<p>\u201cLa CTA Aut\u00f3noma C\u00f3rdoba repudia la represi\u00f3n montada por la Polic\u00eda de la Provincia atacando con \u2018armas no letales\u2019 la manifestaci\u00f3n pac\u00edfica que cientos de ciudadanos protagonizaron anoche por las calles de la ciudad Capital mediante un \u2018cacerolazo\u2019 para protestar contra el DNU de Milei que pone bandera de remate a la Patria\u201d.<\/p>\n\n\n\n<p>\u201cLa ferocidad policial para golpear a civiles que se expresaban en la v\u00eda p\u00fablica, se perpetr\u00f3 casi en el mismo momento en que se aprobaba en la Unicameral -entre gallos y medianoche- la Ley de Seguridad que municipaliza y privatiza una potestad del Estado Provincial: El monopolio de fuerza p\u00fablica\u201d, enfatiza la nota.<\/p>\n\n\n\n<p>Para la Central, \u201cla transferencia de esa responsabilidad indelegable del Estado tercerizando la funci\u00f3n de prevenir y reprimir el delito, tiene que ver con que en realidad el objetivo no es el de contener la creciente inseguridad en la provincia, sino sofocar el crecimiento de la conflictividad social producto del brutal ajuste impuesto por el Gobierno Nacional\u201d.<\/p>\n\n\n\n<p>Y agrega: \u201cTransformar a polic\u00edas municipales en guardias pretorianas o dotar de \u2018armas no tan letales\u2019 a la seguridad privada, son medidas que implican una avanzada peligros\u00edsima que atenta contra la vigencia de los derechos humanos y est\u00e1 en sinton\u00eda con el discurso retr\u00f3grado y de ultraderecha que bajan los socios del Gobernador Llaryora desde el Gobierno Nacional\u201d.<\/p>\n\n\n\n<p>\u201cRechazamos la ofensiva pol\u00edtica, judicial, policial y medi\u00e1tica contra el pueblo trabajador y los sectores medios que no esperan de brazos cruzados ser \u2018carneados\u2019 por el DNU de Milei, Macri, Bullrich, Schiaretti y compa\u00f1\u00eda que los arroja a la banquina y los deja sin futuro. El Gobierno tiene que tener \u2018tolerancia cero\u2019 con la corrupci\u00f3n, la violencia institucional de la Polic\u00eda, el hambre y la marginalidad, en lugar de asediar a los que luchan para que vuelva a imperar la Justicia Social\u201d, remata la declaraci\u00f3n de la CTA-A de la provincia de C\u00f3rdoba.<\/p>\n","protected":false},"excerpt":{"rendered":"<p>\u201cLa CTA Aut\u00f3noma C\u00f3rdoba repudia la represi\u00f3n montada por la Polic\u00eda de la Provincia atacando con \u2018armas no letales\u2019 la manifestaci\u00f3n pac\u00edfica que cientos de ciudadanos protagonizaron anoche por las calles de la ciudad Capital mediante un \u2018cacerolazo\u2019 para protestar contra el DNU de Milei que pone bandera de remate a la Patria\u201d. \u201cLa ferocidad [&hellip;]<\/p>\n","protected":false},"author":7,"featured_media":40667,"comment_status":"open","ping_status":"open","sticky":false,"template":"","format":"standard","meta":{"_exactmetrics_skip_tracking":false,"_exactmetrics_sitenote_active":false,"_exactmetrics_sitenote_note":"","_exactmetrics_sitenote_category":0,"jnews-multi-image_gallery":[],"jnews_single_post":{"subtitle":"\u201cLa ferocidad policial para golpear a civiles que se expresaban en la v\u00eda p\u00fablica, se perpetr\u00f3 casi en el mismo momento en que se aprobaba en la Unicameral -entre gallos y medianoche- la Ley de Seguridad que municipaliza y privatiza una potestad del Estado Provincial: El monopolio de fuerza p\u00fablica\u201d, expres\u00f3 la Central.","format":"standard","video":"","gallery":"","source_name":"","source_url":"","via_name":"","via_url":"","override_template":"0","override":[{"template":"1","single_blog_custom":"","parallax":"1","fullscreen":"1","layout":"no-sidebar-narrow","sidebar":"default-sidebar","second_sidebar":"default-sidebar","sticky_sidebar":"1","share_position":"bottom","share_float_style":"share-monocrhome","show_share_counter":"1","show_view_counter":"1","show_featured":"0","show_post_meta":"1","show_post_author":"0","show_post_author_image":"1","show_post_date":"1","post_date_format":"default","post_date_format_custom":"Y\/m\/d","show_post_category":"1","show_post_reading_time":"0","post_reading_time_wpm":"300","show_zoom_button":"0","zoom_button_out_step":"2","zoom_button_in_step":"3","show_post_tag":"1","show_prev_next_post":"0","show_popup_post":"0","number_popup_post":"1","show_author_box":"0","show_post_related":"1","show_inline_post_related":"0"}],"override_image_size":"0","image_override":[{"single_post_thumbnail_size":"crop-500","single_post_gallery_size":"crop-500"}],"trending_post":"0","trending_post_position":"meta","trending_post_label":"Trending","sponsored_post":"0","sponsored_post_label":"Sponsored by","sponsored_post_name":"","sponsored_post_url":"","sponsored_post_logo_enable":"0","sponsored_post_logo":"","sponsored_post_desc":"","disable_ad":"0"},"jnews_primary_category":{"id":"","hide":""},"jnews_social_meta":{"fb_title":"","fb_description":"","fb_image":"","twitter_title":"","twitter_description":"","twitter_image":""},"jnews_review":[],"enable_review":"0","type":"percentage","name":"","summary":"","brand":"","sku":"","good":[{"good_text":""}],"bad":[{"bad_text":""}],"score_override":"","override_value":"","rating":[{"rating_text":"","rating_number":"10"}],"price":[{"shop":"","price":"","link":"","icon":""}],"jnews_override_counter":{"override_view_counter":"0","view_counter_number":"0","override_share_counter":"0","share_counter_number":"0","override_like_counter":"0","like_counter_number":"0","override_dislike_counter":"0","dislike_counter_number":"0"},"jnews_post_split":{"enable_post_split":"0","post_split":[{"template":"1","tag":"h2","numbering":"asc","mode":"normal","first":"0","enable_toc":"0","toc_type":"normal"}]},"footnotes":""},"categories":[92],"tags":[],"class_list":["post-40666","post","type-post","status-publish","format-standard","has-post-thumbnail","hentry","category-cta"],"jetpack_featured_media_url":"https:\/\/atecordoba.org\/wp-content\/uploads\/2023\/12\/represion2-e1703253349251.png","_links":{"self":[{"href":"https:\/\/atecordoba.org\/index.php?rest_route=\/wp\/v2\/posts\/40666","targetHints":{"allow":["GET"]}}],"collection":[{"href":"https:\/\/atecordoba.org\/index.php?rest_route=\/wp\/v2\/posts"}],"about":[{"href":"https:\/\/atecordoba.org\/index.php?rest_route=\/wp\/v2\/types\/post"}],"author":[{"embeddable":true,"href":"https:\/\/atecordoba.org\/index.php?rest_route=\/wp\/v2\/users\/7"}],"replies":[{"embeddable":true,"href":"https:\/\/atecordoba.org\/index.php?rest_route=%2Fwp%2Fv2%2Fcomments&post=40666"}],"version-history":[{"count":1,"href":"https:\/\/atecordoba.org\/index.php?rest_route=\/wp\/v2\/posts\/40666\/revisions"}],"predecessor-version":[{"id":40668,"href":"https:\/\/atecordoba.org\/index.php?rest_route=\/wp\/v2\/posts\/40666\/revisions\/40668"}],"wp:featuredmedia":[{"embeddable":true,"href":"https:\/\/atecordoba.org\/index.php?rest_route=\/wp\/v2\/media\/40667"}],"wp:attachment":[{"href":"https:\/\/atecordoba.org\/index.php?rest_route=%2Fwp%2Fv2%2Fmedia&parent=40666"}],"wp:term":[{"taxonomy":"category","embeddable":true,"href":"https:\/\/atecordoba.org\/index.php?rest_route=%2Fwp%2Fv2%2Fcategories&post=40666"},{"taxonomy":"post_tag","embeddable":true,"href":"https:\/\/atecordoba.org\/index.php?rest_route=%2Fwp%2Fv2%2Ftags&post=40666"}],"curies":[{"name":"wp","href":"https:\/\/api.w.org\/{rel}","templated":true}]}}