{"id":40659,"date":"2023-12-21T15:48:05","date_gmt":"2023-12-21T18:48:05","guid":{"rendered":"https:\/\/atecordoba.org\/?p=40659"},"modified":"2023-12-21T15:48:06","modified_gmt":"2023-12-21T18:48:06","slug":"anisacate-ate-protesta-manana-frente-al-municipio-por-los-80-despidos-de-la-intendenta-contini","status":"publish","type":"post","link":"https:\/\/atecordoba.org\/?p=40659","title":{"rendered":"Anisacate: ATE protesta ma\u00f1ana frente al Municipio por los 80 despidos de la intendenta Contini"},"content":{"rendered":"<div class=\"wp-block-image\">\n<figure class=\"aligncenter size-large is-resized\"><img loading=\"lazy\" decoding=\"async\" src=\"https:\/\/atecordoba.org\/wp-content\/uploads\/2023\/12\/WhatsApp-Image-2023-12-19-at-11.52.52-1024x461.jpeg\" alt=\"\" class=\"wp-image-40520\" width=\"768\" height=\"346\" srcset=\"https:\/\/atecordoba.org\/wp-content\/uploads\/2023\/12\/WhatsApp-Image-2023-12-19-at-11.52.52-1024x461.jpeg 1024w, https:\/\/atecordoba.org\/wp-content\/uploads\/2023\/12\/WhatsApp-Image-2023-12-19-at-11.52.52-300x135.jpeg 300w, https:\/\/atecordoba.org\/wp-content\/uploads\/2023\/12\/WhatsApp-Image-2023-12-19-at-11.52.52-768x346.jpeg 768w, https:\/\/atecordoba.org\/wp-content\/uploads\/2023\/12\/WhatsApp-Image-2023-12-19-at-11.52.52-750x338.jpeg 750w, https:\/\/atecordoba.org\/wp-content\/uploads\/2023\/12\/WhatsApp-Image-2023-12-19-at-11.52.52-1140x513.jpeg 1140w, https:\/\/atecordoba.org\/wp-content\/uploads\/2023\/12\/WhatsApp-Image-2023-12-19-at-11.52.52.jpeg 1280w\" sizes=\"auto, (max-width: 768px) 100vw, 768px\" \/><\/figure>\n<\/div>\n\n\n<p>ATE convoca para ma\u00f1ana a primera hora a una protesta frente a la Municipalidad de Anisacate en rechazo a la brutal oleada de despidos que realiz\u00f3 la intendenta Natalia Contini nom\u00e1s asumir su cargo la semana pasada.<\/p>\n\n\n\n<p>Se trata de 80 trabajadoras y trabajadores municipales que comprenden el 40% del plantel y cuya ausencia significa el colapso de los servicios municipales, m\u00e1s all\u00e1 que Contini pretenda dar tranquilidad a los vecinos de la zona. <\/p>\n\n\n\n<p>Desde las 8 horas, ATE estar\u00e1 presentes junto a las y los compa\u00f1eros municipales llevando el repudio a las pol\u00edticas de ajuste en Anisacate y la violencia que la nueva gesti\u00f3n est\u00e1 imponiendo dentro y fuera de la Municipalidad: un funcionario -que hab\u00eda sido echado como empleado por robar- <a href=\"https:\/\/atecordoba.org\/?p=40524\">atropell\u00f3 con su auto a nuestro delegado Rodrigo Peralta<\/a> y fue oportunamente denunciado penalmente; y un veh\u00edculo de ATE<a href=\"https:\/\/atecordoba.org\/?p=40574\"> fue atacado a escasos metros de la sede municipal <\/a>mientras se llevada a cabo una asamblea en el lugar. Como resultado, un vidrio fue roto y una mochila robada con documentaci\u00f3n de nuestro, pero no robaron un dinero que estaba a la vista dentro del coche.<\/p>\n\n\n\n<p>Todo forma parte de un modus operandi de la gesti\u00f3n de Contini para amedrentar y meter miedo a la comunidad y a las y los municipales. <\/p>\n\n\n\n<p>ATE se planta ante estos pol\u00edticos que hacen del matonismo una forma de gestionar. <\/p>\n\n\n\n<p>\u00a1Por la reincorporaci\u00f3n de las y los 80 despedidos! \u00a1Basta de ajuste!<\/p>\n","protected":false},"excerpt":{"rendered":"<p>ATE convoca para ma\u00f1ana a primera hora a una protesta frente a la Municipalidad de Anisacate en rechazo a la brutal oleada de despidos que realiz\u00f3 la intendenta Natalia Contini nom\u00e1s asumir su cargo la semana pasada. Se trata de 80 trabajadoras y trabajadores municipales que comprenden el 40% del plantel y cuya ausencia significa [&hellip;]<\/p>\n","protected":false},"author":7,"featured_media":40520,"comment_status":"open","ping_status":"open","sticky":false,"template":"","format":"standard","meta":{"_exactmetrics_skip_tracking":false,"_exactmetrics_sitenote_active":false,"_exactmetrics_sitenote_note":"","_exactmetrics_sitenote_category":0,"jnews-multi-image_gallery":[],"jnews_single_post":{"subtitle":"Desde las 8 horas, ATE estar\u00e1 presentes junto a las y los compa\u00f1eros municipales llevando el repudio a las pol\u00edticas de ajuste en Anisacate y la violencia que la nueva gesti\u00f3n est\u00e1 imponiendo dentro y fuera de la Municipalidad.","format":"standard","video":"","gallery":"","source_name":"","source_url":"","via_name":"","via_url":"","override_template":"0","override":[{"template":"1","single_blog_custom":"","parallax":"1","fullscreen":"1","layout":"no-sidebar-narrow","sidebar":"default-sidebar","second_sidebar":"default-sidebar","sticky_sidebar":"1","share_position":"bottom","share_float_style":"share-monocrhome","show_share_counter":"1","show_view_counter":"1","show_featured":"0","show_post_meta":"1","show_post_author":"0","show_post_author_image":"1","show_post_date":"1","post_date_format":"default","post_date_format_custom":"Y\/m\/d","show_post_category":"1","show_post_reading_time":"0","post_reading_time_wpm":"300","show_zoom_button":"0","zoom_button_out_step":"2","zoom_button_in_step":"3","show_post_tag":"1","show_prev_next_post":"0","show_popup_post":"0","number_popup_post":"1","show_author_box":"0","show_post_related":"1","show_inline_post_related":"0"}],"override_image_size":"0","image_override":[{"single_post_thumbnail_size":"crop-500","single_post_gallery_size":"crop-500"}],"trending_post":"0","trending_post_position":"meta","trending_post_label":"Trending","sponsored_post":"0","sponsored_post_label":"Sponsored by","sponsored_post_name":"","sponsored_post_url":"","sponsored_post_logo_enable":"0","sponsored_post_logo":"","sponsored_post_desc":"","disable_ad":"0"},"jnews_primary_category":{"id":"","hide":""},"jnews_social_meta":{"fb_title":"","fb_description":"","fb_image":"","twitter_title":"","twitter_description":"","twitter_image":""},"jnews_review":[],"enable_review":"0","type":"percentage","name":"","summary":"","brand":"","sku":"","good":[{"good_text":""}],"bad":[{"bad_text":""}],"score_override":"","override_value":"","rating":[{"rating_text":"","rating_number":"10"}],"price":[{"shop":"","price":"","link":"","icon":""}],"jnews_override_counter":{"override_view_counter":"0","view_counter_number":"0","override_share_counter":"0","share_counter_number":"0","override_like_counter":"0","like_counter_number":"0","override_dislike_counter":"0","dislike_counter_number":"0"},"jnews_post_split":{"enable_post_split":"0","post_split":[{"template":"1","tag":"h2","numbering":"asc","mode":"normal","first":"0","enable_toc":"0","toc_type":"normal"}]},"footnotes":""},"categories":[20],"tags":[],"class_list":["post-40659","post","type-post","status-publish","format-standard","has-post-thumbnail","hentry","category-municipales"],"jetpack_featured_media_url":"https:\/\/atecordoba.org\/wp-content\/uploads\/2023\/12\/WhatsApp-Image-2023-12-19-at-11.52.52.jpeg","_links":{"self":[{"href":"https:\/\/atecordoba.org\/index.php?rest_route=\/wp\/v2\/posts\/40659","targetHints":{"allow":["GET"]}}],"collection":[{"href":"https:\/\/atecordoba.org\/index.php?rest_route=\/wp\/v2\/posts"}],"about":[{"href":"https:\/\/atecordoba.org\/index.php?rest_route=\/wp\/v2\/types\/post"}],"author":[{"embeddable":true,"href":"https:\/\/atecordoba.org\/index.php?rest_route=\/wp\/v2\/users\/7"}],"replies":[{"embeddable":true,"href":"https:\/\/atecordoba.org\/index.php?rest_route=%2Fwp%2Fv2%2Fcomments&post=40659"}],"version-history":[{"count":1,"href":"https:\/\/atecordoba.org\/index.php?rest_route=\/wp\/v2\/posts\/40659\/revisions"}],"predecessor-version":[{"id":40661,"href":"https:\/\/atecordoba.org\/index.php?rest_route=\/wp\/v2\/posts\/40659\/revisions\/40661"}],"wp:featuredmedia":[{"embeddable":true,"href":"https:\/\/atecordoba.org\/index.php?rest_route=\/wp\/v2\/media\/40520"}],"wp:attachment":[{"href":"https:\/\/atecordoba.org\/index.php?rest_route=%2Fwp%2Fv2%2Fmedia&parent=40659"}],"wp:term":[{"taxonomy":"category","embeddable":true,"href":"https:\/\/atecordoba.org\/index.php?rest_route=%2Fwp%2Fv2%2Fcategories&post=40659"},{"taxonomy":"post_tag","embeddable":true,"href":"https:\/\/atecordoba.org\/index.php?rest_route=%2Fwp%2Fv2%2Ftags&post=40659"}],"curies":[{"name":"wp","href":"https:\/\/api.w.org\/{rel}","templated":true}]}}