{"id":4065,"date":"2014-04-22T19:55:26","date_gmt":"2014-04-22T22:55:26","guid":{"rendered":"http:\/\/www.atecordoba.org\/?p=4065"},"modified":"2014-04-22T19:55:26","modified_gmt":"2014-04-22T22:55:26","slug":"manana-eligen-delegado-de-ate-en-la-delegacion-regional-del-parques-nacionales","status":"publish","type":"post","link":"https:\/\/atecordoba.org\/?p=4065","title":{"rendered":"Ma\u00f1ana eligen delegado de ATE en la delegaci\u00f3n regional del Parques Nacionales"},"content":{"rendered":"<p><em>La elecci\u00f3n se desarrollar\u00e1 en la sede de la Administraci\u00f3n de barrio Rogelio Martinez, desde las 9 horas y hasta las 15.<\/em><\/p>\n<p>El candidato propuesto por nuestra organizaci\u00f3n es el compa\u00f1ero Leonardo Barrios Caro y est\u00e1n convocados para votar 25 trabajadores del sector. Tal como anticip\u00f3 el candidato a delegado, la prioridad pol\u00edtica consiste en luchar por un convenio colectivo de trabajo sectorial, debido a que los compa\u00f1eros del organismo se encuentran encuadrados en el sistema SINEP que no contempla las particularidades de todos los trabajadores del sector. En ese marco, se plantea tambi\u00e9n la necesidad de realizar nuevos concursos que eliminen la figura de la planta transitoria.<\/p>\n<p>&#8220;Los trabajadores viene reclamando la necesidad de que el organismo tenga una estructura conforme a las funciones que realizan, por caso, los directivos se nombran a dedo y no por concurso en funci\u00f3n de una carrera administrativa. Tan importante como eso, en la coyuntura, es el \u00a0reclamo por una recomposici\u00f3n salarial para el organismo y el pase a planta de los trabajadores precarizados&#8221;, explic\u00f3 Barrios Caro.<\/p>\n<p>&nbsp;<\/p>\n","protected":false},"excerpt":{"rendered":"<p>La elecci\u00f3n se desarrollar\u00e1 en la sede de la Administraci\u00f3n de barrio Rogelio Martinez, desde las 9 horas y hasta las 15. El candidato propuesto por nuestra organizaci\u00f3n es el compa\u00f1ero Leonardo Barrios Caro y est\u00e1n convocados para votar 25 trabajadores del sector. Tal como anticip\u00f3 el candidato a delegado, la prioridad pol\u00edtica consiste en [&hellip;]<\/p>\n","protected":false},"author":1,"featured_media":19220,"comment_status":"open","ping_status":"open","sticky":false,"template":"","format":"standard","meta":{"_exactmetrics_skip_tracking":false,"_exactmetrics_sitenote_active":false,"_exactmetrics_sitenote_note":"","_exactmetrics_sitenote_category":0,"jnews-multi-image_gallery":[],"jnews_single_post":[],"jnews_primary_category":[],"jnews_social_meta":[],"jnews_review":[],"enable_review":"","type":"","name":"","summary":"","brand":"","sku":"","good":[],"bad":[],"score_override":"","override_value":"","rating":[],"price":[],"jnews_override_counter":[],"jnews_post_split":[],"footnotes":""},"categories":[96],"tags":[],"class_list":["post-4065","post","type-post","status-publish","format-standard","has-post-thumbnail","hentry","category-parques-nacionales-2"],"jetpack_featured_media_url":"https:\/\/atecordoba.org\/wp-content\/uploads\/2020\/05\/logo-nuevochico-e1561581322808.png","_links":{"self":[{"href":"https:\/\/atecordoba.org\/index.php?rest_route=\/wp\/v2\/posts\/4065","targetHints":{"allow":["GET"]}}],"collection":[{"href":"https:\/\/atecordoba.org\/index.php?rest_route=\/wp\/v2\/posts"}],"about":[{"href":"https:\/\/atecordoba.org\/index.php?rest_route=\/wp\/v2\/types\/post"}],"author":[{"embeddable":true,"href":"https:\/\/atecordoba.org\/index.php?rest_route=\/wp\/v2\/users\/1"}],"replies":[{"embeddable":true,"href":"https:\/\/atecordoba.org\/index.php?rest_route=%2Fwp%2Fv2%2Fcomments&post=4065"}],"version-history":[{"count":0,"href":"https:\/\/atecordoba.org\/index.php?rest_route=\/wp\/v2\/posts\/4065\/revisions"}],"wp:featuredmedia":[{"embeddable":true,"href":"https:\/\/atecordoba.org\/index.php?rest_route=\/wp\/v2\/media\/19220"}],"wp:attachment":[{"href":"https:\/\/atecordoba.org\/index.php?rest_route=%2Fwp%2Fv2%2Fmedia&parent=4065"}],"wp:term":[{"taxonomy":"category","embeddable":true,"href":"https:\/\/atecordoba.org\/index.php?rest_route=%2Fwp%2Fv2%2Fcategories&post=4065"},{"taxonomy":"post_tag","embeddable":true,"href":"https:\/\/atecordoba.org\/index.php?rest_route=%2Fwp%2Fv2%2Ftags&post=4065"}],"curies":[{"name":"wp","href":"https:\/\/api.w.org\/{rel}","templated":true}]}}