{"id":40637,"date":"2023-12-21T14:54:42","date_gmt":"2023-12-21T17:54:42","guid":{"rendered":"https:\/\/atecordoba.org\/?p=40637"},"modified":"2023-12-21T14:57:46","modified_gmt":"2023-12-21T17:57:46","slug":"dnu-no-existe-lugar-en-el-mundo-donde-liberen-el-zorro-en-el-gallinero-y-haya-sido-beneficioso-para-la-sociedad","status":"publish","type":"post","link":"https:\/\/atecordoba.org\/?p=40637","title":{"rendered":"DNU: &#8220;No existe lugar en el mundo donde liberen el zorro en el gallinero y haya sido beneficioso para la sociedad&#8221;"},"content":{"rendered":"<div class=\"wp-block-image\">\n<figure class=\"aligncenter size-full is-resized\"><img loading=\"lazy\" decoding=\"async\" src=\"https:\/\/atecordoba.org\/wp-content\/uploads\/2023\/12\/eugenio-biafore-1.jpg\" alt=\"\" class=\"wp-image-40642\" width=\"675\" height=\"338\" srcset=\"https:\/\/atecordoba.org\/wp-content\/uploads\/2023\/12\/eugenio-biafore-1.jpg 900w, https:\/\/atecordoba.org\/wp-content\/uploads\/2023\/12\/eugenio-biafore-1-300x150.jpg 300w, https:\/\/atecordoba.org\/wp-content\/uploads\/2023\/12\/eugenio-biafore-1-768x384.jpg 768w, https:\/\/atecordoba.org\/wp-content\/uploads\/2023\/12\/eugenio-biafore-1-360x180.jpg 360w, https:\/\/atecordoba.org\/wp-content\/uploads\/2023\/12\/eugenio-biafore-1-750x375.jpg 750w\" sizes=\"auto, (max-width: 675px) 100vw, 675px\" \/><figcaption class=\"wp-element-caption\">El abogado Eugenio Biafore.<\/figcaption><\/figure>\n<\/div>\n\n\n<p>En una entrevista que dio esta ma\u00f1ana a la radio 102.3, el abogado laboralista y asesor letrado de ATE, Eugenio Biafore, explic\u00f3 algunos de los alcances en materia laboral que conlleva la aplicaci\u00f3n del Decreto de Necesidad y Urgencia (DNU) que inform\u00f3 ayer el Presidente Javier Milei. <\/p>\n\n\n\n<p>De ponerse en pr\u00e1ctica, el DNU implica un ataque frontal y brutal de los derechos laborales individuales y colectivos, seg\u00fan explic\u00f3 el letrado. A esto se suma la malsana intenci\u00f3n de desfinanciar a las organizaciones sindicales, limitan en consecuencia su capacidad de representar a las y los trabajadores.<\/p>\n\n\n\n<p>&#8220;No existe ning\u00fan lugar en el mundo donde liberen el zorro en el gallinero y haya funcionado como un beneficio para la sociedad. Se trata de una brutal transferencia de dinero a los sectores concentrados de la econom\u00eda, basado adem\u00e1s con un discurso rampl\u00f3n y casi infantil se agota por s\u00ed mismo&#8221;, dijo Biafore.<\/p>\n\n\n<div class=\"wp-block-image\">\n<figure class=\"alignright size-full\"><img loading=\"lazy\" decoding=\"async\" width=\"350\" height=\"350\" src=\"https:\/\/atecordoba.org\/wp-content\/uploads\/2023\/12\/biaforemicro.jpg\" alt=\"\" class=\"wp-image-40639\" srcset=\"https:\/\/atecordoba.org\/wp-content\/uploads\/2023\/12\/biaforemicro.jpg 350w, https:\/\/atecordoba.org\/wp-content\/uploads\/2023\/12\/biaforemicro-300x300.jpg 300w, https:\/\/atecordoba.org\/wp-content\/uploads\/2023\/12\/biaforemicro-150x150.jpg 150w, https:\/\/atecordoba.org\/wp-content\/uploads\/2023\/12\/biaforemicro-75x75.jpg 75w\" sizes=\"auto, (max-width: 350px) 100vw, 350px\" \/><figcaption class=\"wp-element-caption\">El asesor letrado de ATE es de consulta obligada en medios locales.<\/figcaption><\/figure>\n<\/div>\n\n\n<p>&#8220;Adem\u00e1s, agreg\u00f3, borra toda una tradici\u00f3n hist\u00f3rica tanto en el derecho individual como el derecho colectivo que distingue a nuestro pa\u00eds en el mundo&#8221;.<\/p>\n\n\n\n<p>En tal sentido, calific\u00f3 como un esc\u00e1ndalo la derogaci\u00f3n las multas para aquel empleador que ten\u00eda trabajadores de manera irregular, o los denominados en \u2018gris\u2019 a los que se les camuflaba en su antig\u00fcedad o su salario y que ten\u00edan compensaci\u00f3n al generarse su indemnizaci\u00f3n.<\/p>\n\n\n\n<p>&#8220;Tambi\u00e9n deroga los aportes que van al propio Estado nacional. Es decir que no solo desfinancia al trabajador sino al propio sistema de seguridad social. Est\u00e1 claro que esta norma en todo lo que es tributario est\u00e1 prohibido que sea modificado por el DNU. De la misma forma que el Ejecutivo no puede intervenir por DNU en materia penal ni electoral&#8221; asegur\u00f3.<\/p>\n\n\n\n<p>&#8220;De lo laboral, una parte muy importante es tributaria -todo lo que hace a aportes y contribuciones de la seguridad social- y otra es penal porque la ley castiga penalmente aquellos que evadan aportes con multas. Por eso nunca pudo modificarse con anterioridad sin contar con grandes mayor\u00edas en el congreso&#8221;, sentenci\u00f3.<\/p>\n\n\n\n<p><strong>Derechos colectivos e individuales<\/strong><\/p>\n\n\n\n<p>El abogado describi\u00f3 c\u00f3mo afecta el decreto el derecho individual y colectivo de trabajo. <\/p>\n\n\n\n<p>&#8220;En t\u00e9rminos de derechos individuales, promueve el trabajo en negro porque deroga las multas sin generar ning\u00fan tipo de forma de control de esa modalidad de trabajo. El \u00fanico significado que podemos interpretar es \u2018h\u00e1ganlo\u2019. Solo se pueden percibir las indemnizaciones por trabajo en negro solo cuando el juicio que as\u00ed lo establece est\u00e1 firme, es decir nunca. Por eso lleva los cuatro a\u00f1os de juicio, m\u00e1s los cuatro de casaci\u00f3n, m\u00e1s otros cuatro de recurso extraordinario. 12 a\u00f1os en t\u00e9rminos pr\u00e1cticos&#8221;, se\u00f1al\u00f3.<\/p>\n\n\n\n<p>Y apunt\u00f3 que sobre la Ley de Contrato de Trabajo se introduce hay una modificaci\u00f3n crucial: &#8220;quita la presunci\u00f3n de fraude (art\u00edculo 93) en aquellos trabajos camuflados bajo la figura de la prestaci\u00f3n de servicios. Son los monotributistas que trabajan en una empresa, es una de las formas que degradaron el sistema laboral&#8221;. <\/p>\n\n\n<div class=\"wp-block-image\">\n<figure class=\"alignright size-large is-resized\"><img loading=\"lazy\" decoding=\"async\" src=\"https:\/\/atecordoba.org\/wp-content\/uploads\/2023\/12\/tapa-1-1024x777.jpeg\" alt=\"\" class=\"wp-image-40638\" width=\"512\" height=\"389\" srcset=\"https:\/\/atecordoba.org\/wp-content\/uploads\/2023\/12\/tapa-1-1024x777.jpeg 1024w, https:\/\/atecordoba.org\/wp-content\/uploads\/2023\/12\/tapa-1-300x227.jpeg 300w, https:\/\/atecordoba.org\/wp-content\/uploads\/2023\/12\/tapa-1-768x582.jpeg 768w, https:\/\/atecordoba.org\/wp-content\/uploads\/2023\/12\/tapa-1-750x569.jpeg 750w, https:\/\/atecordoba.org\/wp-content\/uploads\/2023\/12\/tapa-1-1140x864.jpeg 1140w, https:\/\/atecordoba.org\/wp-content\/uploads\/2023\/12\/tapa-1.jpeg 1204w\" sizes=\"auto, (max-width: 512px) 100vw, 512px\" \/><figcaption class=\"wp-element-caption\">Biafore, junto a Federico Giuliani, secretario General de ATE C\u00f3rdoba.<\/figcaption><\/figure>\n<\/div>\n\n\n<p>Adem\u00e1s. extiende el periodo de prueba de 3 a 8 meses y deroga algunas leyes especiales como el teletrabajo y el trabajo agrario, que por tratarse de actividades particulares tiene reg\u00edmenes espec\u00edficos.<\/p>\n\n\n\n<p>En el an\u00e1lisis de otro punto de la afectaci\u00f3n del derecho laboral, Biafore explic\u00f3 que el DNU &#8220;promueve el despido de aquellos trabajadores que ingresaron el \u00faltimo a\u00f1o porque el patr\u00f3n pasa de pagar dos a un solo mes, sacando del c\u00e1lculo indemnizatorio el aguinaldo o cualquier otro premio que se pague de forma no mensual. Esto castiga a aquellos trabajadores con menor antig\u00fcedad&#8221;.<\/p>\n\n\n\n<p><strong>Como en la dictadura<\/strong><\/p>\n\n\n\n<p>Y destac\u00f3 como escandaloso &#8220;que se permita el despido discriminatorio sin poder ser revisado por un juez, cuando anteriormente los juzgados declaraban nulos esos despidos y se ordenaba la reinstalaci\u00f3n del trabajador. Ahora solo se ordena pagar un 50% m\u00e1s de indemnizaci\u00f3n en el primer a\u00f1o, que es una cifra paup\u00e9rrima. Con lo cual el est\u00e1ndar jur\u00eddico argentino retrocede a momentos que hab\u00edamos olvidado&#8221;.<\/p>\n\n\n\n<p>En t\u00e9rmino de derechos colectivos, la norma &#8220;pone en juego la vigencia de los convenios colectivos al derogar el criterio de ultraactividad&#8221;.<\/p>\n\n\n\n<p>Al mismo tiempo, el decreto atenta contra el derecho a huelga ya que &#8220;proh\u00edbe y vuelve causa objetiva de despido la obstrucci\u00f3n, el bloqueo o cualquier forma de da\u00f1o. Si la interpretaci\u00f3n es la de Bullrich, cualquiera podr\u00eda ser despedido por reunirse en la puerta de la empresa. Esto adem\u00e1s sanciona incluso hasta sacar la personer\u00eda a los sindicatos que resuelvan el plan de lucha, reservando a la empresa la capacidad de hacerle juicio al sindicato. Estos eran textos de la dictadura donde se establec\u00eda despidos legales por ejercer un derecho constitucional como la huelga&#8221;, concluy\u00f3.<\/p>\n","protected":false},"excerpt":{"rendered":"<p>En una entrevista que dio esta ma\u00f1ana a la radio 102.3, el abogado laboralista y asesor letrado de ATE, Eugenio Biafore, explic\u00f3 algunos de los alcances en materia laboral que conlleva la aplicaci\u00f3n del Decreto de Necesidad y Urgencia (DNU) que inform\u00f3 ayer el Presidente Javier Milei. De ponerse en pr\u00e1ctica, el DNU implica un [&hellip;]<\/p>\n","protected":false},"author":7,"featured_media":40640,"comment_status":"open","ping_status":"open","sticky":false,"template":"","format":"standard","meta":{"_exactmetrics_skip_tracking":false,"_exactmetrics_sitenote_active":false,"_exactmetrics_sitenote_note":"","_exactmetrics_sitenote_category":0,"jnews-multi-image_gallery":[],"jnews_single_post":{"subtitle":"El abogado Eugenio Biafore, asesor letrado de ATE, sostiene que el decreto informado ayer por Milei \"borra toda una tradici\u00f3n hist\u00f3rica tanto en el derecho individual como el derecho colectivo que distingue a nuestro pa\u00eds en el mundo\".","format":"standard","video":"","gallery":"","source_name":"","source_url":"","via_name":"","via_url":"","override_template":"0","override":[{"template":"1","single_blog_custom":"","parallax":"1","fullscreen":"1","layout":"no-sidebar-narrow","sidebar":"default-sidebar","second_sidebar":"default-sidebar","sticky_sidebar":"1","share_position":"bottom","share_float_style":"share-monocrhome","show_share_counter":"1","show_view_counter":"1","show_featured":"0","show_post_meta":"1","show_post_author":"0","show_post_author_image":"1","show_post_date":"1","post_date_format":"default","post_date_format_custom":"Y\/m\/d","show_post_category":"1","show_post_reading_time":"0","post_reading_time_wpm":"300","show_zoom_button":"0","zoom_button_out_step":"2","zoom_button_in_step":"3","show_post_tag":"1","show_prev_next_post":"0","show_popup_post":"0","number_popup_post":"1","show_author_box":"0","show_post_related":"1","show_inline_post_related":"0"}],"override_image_size":"0","image_override":[{"single_post_thumbnail_size":"crop-500","single_post_gallery_size":"crop-500"}],"trending_post":"0","trending_post_position":"meta","trending_post_label":"Trending","sponsored_post":"0","sponsored_post_label":"Sponsored by","sponsored_post_name":"","sponsored_post_url":"","sponsored_post_logo_enable":"0","sponsored_post_logo":"","sponsored_post_desc":"","disable_ad":"0"},"jnews_primary_category":{"id":"","hide":""},"jnews_social_meta":{"fb_title":"","fb_description":"","fb_image":"","twitter_title":"","twitter_description":"","twitter_image":""},"jnews_review":[],"enable_review":"0","type":"percentage","name":"","summary":"","brand":"","sku":"","good":[{"good_text":""}],"bad":[{"bad_text":""}],"score_override":"","override_value":"","rating":[{"rating_text":"","rating_number":"10"}],"price":[{"shop":"","price":"","link":"","icon":""}],"jnews_override_counter":{"override_view_counter":"0","view_counter_number":"0","override_share_counter":"0","share_counter_number":"0","override_like_counter":"0","like_counter_number":"0","override_dislike_counter":"0","dislike_counter_number":"0"},"jnews_post_split":{"enable_post_split":"0","post_split":[{"template":"1","tag":"h2","numbering":"asc","mode":"normal","first":"0","enable_toc":"0","toc_type":"normal"}]},"footnotes":""},"categories":[10],"tags":[],"class_list":["post-40637","post","type-post","status-publish","format-standard","has-post-thumbnail","hentry","category-accion-politica"],"jetpack_featured_media_url":"https:\/\/atecordoba.org\/wp-content\/uploads\/2023\/12\/eugenio-biafore-e1703181273795.jpg","_links":{"self":[{"href":"https:\/\/atecordoba.org\/index.php?rest_route=\/wp\/v2\/posts\/40637","targetHints":{"allow":["GET"]}}],"collection":[{"href":"https:\/\/atecordoba.org\/index.php?rest_route=\/wp\/v2\/posts"}],"about":[{"href":"https:\/\/atecordoba.org\/index.php?rest_route=\/wp\/v2\/types\/post"}],"author":[{"embeddable":true,"href":"https:\/\/atecordoba.org\/index.php?rest_route=\/wp\/v2\/users\/7"}],"replies":[{"embeddable":true,"href":"https:\/\/atecordoba.org\/index.php?rest_route=%2Fwp%2Fv2%2Fcomments&post=40637"}],"version-history":[{"count":4,"href":"https:\/\/atecordoba.org\/index.php?rest_route=\/wp\/v2\/posts\/40637\/revisions"}],"predecessor-version":[{"id":40647,"href":"https:\/\/atecordoba.org\/index.php?rest_route=\/wp\/v2\/posts\/40637\/revisions\/40647"}],"wp:featuredmedia":[{"embeddable":true,"href":"https:\/\/atecordoba.org\/index.php?rest_route=\/wp\/v2\/media\/40640"}],"wp:attachment":[{"href":"https:\/\/atecordoba.org\/index.php?rest_route=%2Fwp%2Fv2%2Fmedia&parent=40637"}],"wp:term":[{"taxonomy":"category","embeddable":true,"href":"https:\/\/atecordoba.org\/index.php?rest_route=%2Fwp%2Fv2%2Fcategories&post=40637"},{"taxonomy":"post_tag","embeddable":true,"href":"https:\/\/atecordoba.org\/index.php?rest_route=%2Fwp%2Fv2%2Ftags&post=40637"}],"curies":[{"name":"wp","href":"https:\/\/api.w.org\/{rel}","templated":true}]}}