{"id":40629,"date":"2023-12-21T11:01:36","date_gmt":"2023-12-21T14:01:36","guid":{"rendered":"https:\/\/atecordoba.org\/?p=40629"},"modified":"2023-12-21T11:41:39","modified_gmt":"2023-12-21T14:41:39","slug":"luego-del-decretazo-de-milei-aguiar-anuncio-que-ate-moviliza-el-viernes-a-la-jefatura-de-gabinete","status":"publish","type":"post","link":"https:\/\/atecordoba.org\/?p=40629","title":{"rendered":"Luego del \u201cDecretazo\u201d de Milei, Aguiar anunci\u00f3 que ATE moviliza el viernes a la Jefatura de Gabinete"},"content":{"rendered":"<div class=\"wp-block-image\">\n<figure class=\"aligncenter size-large is-resized\"><img loading=\"lazy\" decoding=\"async\" src=\"https:\/\/atecordoba.org\/wp-content\/uploads\/2023\/12\/rody_-atril-1024x682.jpg\" alt=\"\" class=\"wp-image-40630\" width=\"768\" height=\"512\" \/><\/figure>\n<\/div>\n\n\n<p>Luego del mega Decreto del Presidente Javier Milei que incluye la privatizaci\u00f3n de las empresas estatales, la desregulaci\u00f3n del mercado y la Reforma Laboral, el Consejo Directivo Nacional de ATE encabezado por su Secretario General, Rodolfo Aguiar, resolvi\u00f3 movilizar el viernes 22 de diciembre hacia la Jefatura de Gabinete de Ministros. \u201cMilei ha decidido gobernar por decreto y arrasar con el Parlamento. La mayor\u00eda de las propuestas coinciden con los objetivos econ\u00f3micos de la \u00faltima Dictadura Militar\u201d, acus\u00f3 el dirigente.<\/p>\n\n\n\n<p>\u201cEl cinismo empieza a ser pol\u00edtica en Argentina. Se habla de salarios miserables, pero desde el 10 de diciembre no se ha anunciado una sola medida en favor de los trabajadores y jubilados\u201d, apunt\u00f3. La movilizaci\u00f3n hacia la Avenida Presidente Julio Argentino Roca-Diagonal Norte 782 de la Ciudad Aut\u00f3noma de Buenos Aires se realizar\u00e1 a partir de las 13 y forma parte de la Jornada Nacional de Lucha definida por el sindicato en los \u00faltimos d\u00edas.<\/p>\n\n\n\n<p>Aguiar se\u00f1al\u00f3 que \u201cel Gobierno intenta rematar el Estado al mejor postor y tenemos que evitarlo\u201d y agreg\u00f3: \u201cSe establece una liberaci\u00f3n sin l\u00edmite de todos los precios que termina de destruir el poder adquisitivo de la gente\u201d. Las movilizaciones tambi\u00e9n se replicar\u00e1n en todas las provincias.<\/p>\n\n\n\n<p>En la nota que se envi\u00f3 al Ministerio de Capital Humano, el sindicato exigi\u00f3: Cese de las pol\u00edticas de ajuste; Pago de los salarios y del Sueldo Anual Complementario en tiempo y forma; Urgente reapertura de paritarias y aumento salarial que supere la inflaci\u00f3n; Pase a planta permanente de todos los trabajadores y estabilidad laboral; Rechazo a la aplicaci\u00f3n del Protocolo Antimovilizaciones que intenta cercenar el derecho a peticionar a las autoridades.<\/p>\n\n\n\n<p>Cabe recordar que el sindicato mantuvo una reuni\u00f3n nacional el jueves 14 de diciembre con los secretarios generales de todas las provincias, quienes otorgaron un mandato al Consejo Directivo Nacional para decidir el plan de acci\u00f3n a tomar.<\/p>\n\n\n\n<p><strong>Clase media<\/strong><\/p>\n\n\n\n<p>Con las medidas anunciadas por el Presidente en cadena nacional, el gobierno pretende imponer el achicamiento del Estado, la privatizaci\u00f3n de empresas que garantizan la soberan\u00eda productiva, comunicacional y aeroespacial, sumado al ya anuncio de estatizaci\u00f3n de la deuda de importadores privado por 30 millones de pesos. <\/p>\n\n\n\n<p>Este decreto deroga as\u00ed leyes claves en materias de derechos, como es el acceso a la vivienda, la ley de abastecimiento , as\u00ed como el Impuesto a las ganancias sobre los salarios de las y los trabajadores. <\/p>\n\n\n\n<p>Este ajuste desmedido recae sobre la clase media en particular, mientras que las normas laborales que buscan precarizar a\u00fan m\u00e1s a la masa asalariada, afecta al conjunto de las y los trabajadores no solamente en lo laboral sino en el cotidiano con tarifazos e impuestos regresivos que ajustan a las mayor\u00edas.<br>Atento a esto ATE contin\u00faa en estado de alerta y movilizaci\u00f3n para organizar la resistencia con propuestas y la unidad necesaria ante tan dantesco panorama.<\/p>\n","protected":false},"excerpt":{"rendered":"<p>Luego del mega Decreto del Presidente Javier Milei que incluye la privatizaci\u00f3n de las empresas estatales, la desregulaci\u00f3n del mercado y la Reforma Laboral, el Consejo Directivo Nacional de ATE encabezado por su Secretario General, Rodolfo Aguiar, resolvi\u00f3 movilizar el viernes 22 de diciembre hacia la Jefatura de Gabinete de Ministros. \u201cMilei ha decidido gobernar [&hellip;]<\/p>\n","protected":false},"author":7,"featured_media":40630,"comment_status":"open","ping_status":"open","sticky":false,"template":"","format":"standard","meta":{"_exactmetrics_skip_tracking":false,"_exactmetrics_sitenote_active":false,"_exactmetrics_sitenote_note":"","_exactmetrics_sitenote_category":0,"jnews-multi-image_gallery":[],"jnews_single_post":{"subtitle":"\u201cEl Gobierno intenta rematar el Estado al mejor postor y vamos a evitarlo\u201d, dijo el secretario General de ATE Nacional. Y agreg\u00f3: \u201cSe establece una liberaci\u00f3n sin l\u00edmite de todos los precios que termina de destruir el poder adquisitivo de la gente\u201d. ","format":"standard","video":"","gallery":"","source_name":"","source_url":"","via_name":"","via_url":"","override_template":"0","override":[{"template":"1","single_blog_custom":"","parallax":"1","fullscreen":"1","layout":"no-sidebar-narrow","sidebar":"default-sidebar","second_sidebar":"default-sidebar","sticky_sidebar":"1","share_position":"bottom","share_float_style":"share-monocrhome","show_share_counter":"1","show_view_counter":"1","show_featured":"0","show_post_meta":"1","show_post_author":"0","show_post_author_image":"1","show_post_date":"1","post_date_format":"default","post_date_format_custom":"Y\/m\/d","show_post_category":"1","show_post_reading_time":"0","post_reading_time_wpm":"300","show_zoom_button":"0","zoom_button_out_step":"2","zoom_button_in_step":"3","show_post_tag":"1","show_prev_next_post":"0","show_popup_post":"0","number_popup_post":"1","show_author_box":"0","show_post_related":"1","show_inline_post_related":"0"}],"override_image_size":"0","image_override":[{"single_post_thumbnail_size":"crop-500","single_post_gallery_size":"crop-500"}],"trending_post":"0","trending_post_position":"meta","trending_post_label":"Trending","sponsored_post":"0","sponsored_post_label":"Sponsored by","sponsored_post_name":"","sponsored_post_url":"","sponsored_post_logo_enable":"0","sponsored_post_logo":"","sponsored_post_desc":"","disable_ad":"0"},"jnews_primary_category":{"id":"","hide":""},"jnews_social_meta":{"fb_title":"","fb_description":"","fb_image":"","twitter_title":"","twitter_description":"","twitter_image":""},"jnews_review":[],"enable_review":"0","type":"percentage","name":"","summary":"","brand":"","sku":"","good":[{"good_text":""}],"bad":[{"bad_text":""}],"score_override":"","override_value":"","rating":[{"rating_text":"","rating_number":"10"}],"price":[{"shop":"","price":"","link":"","icon":""}],"jnews_override_counter":{"override_view_counter":"0","view_counter_number":"0","override_share_counter":"0","share_counter_number":"0","override_like_counter":"0","like_counter_number":"0","override_dislike_counter":"0","dislike_counter_number":"0"},"jnews_post_split":{"enable_post_split":"0","post_split":[{"template":"1","tag":"h2","numbering":"asc","mode":"normal","first":"0","enable_toc":"0","toc_type":"normal"}]},"footnotes":""},"categories":[756],"tags":[],"class_list":["post-40629","post","type-post","status-publish","format-standard","has-post-thumbnail","hentry","category-consejo-directivo-nacional-cdn"],"jetpack_featured_media_url":"https:\/\/atecordoba.org\/wp-content\/uploads\/2023\/12\/rody_-atril-e1703167203677.jpg","_links":{"self":[{"href":"https:\/\/atecordoba.org\/index.php?rest_route=\/wp\/v2\/posts\/40629","targetHints":{"allow":["GET"]}}],"collection":[{"href":"https:\/\/atecordoba.org\/index.php?rest_route=\/wp\/v2\/posts"}],"about":[{"href":"https:\/\/atecordoba.org\/index.php?rest_route=\/wp\/v2\/types\/post"}],"author":[{"embeddable":true,"href":"https:\/\/atecordoba.org\/index.php?rest_route=\/wp\/v2\/users\/7"}],"replies":[{"embeddable":true,"href":"https:\/\/atecordoba.org\/index.php?rest_route=%2Fwp%2Fv2%2Fcomments&post=40629"}],"version-history":[{"count":2,"href":"https:\/\/atecordoba.org\/index.php?rest_route=\/wp\/v2\/posts\/40629\/revisions"}],"predecessor-version":[{"id":40635,"href":"https:\/\/atecordoba.org\/index.php?rest_route=\/wp\/v2\/posts\/40629\/revisions\/40635"}],"wp:featuredmedia":[{"embeddable":true,"href":"https:\/\/atecordoba.org\/index.php?rest_route=\/wp\/v2\/media\/40630"}],"wp:attachment":[{"href":"https:\/\/atecordoba.org\/index.php?rest_route=%2Fwp%2Fv2%2Fmedia&parent=40629"}],"wp:term":[{"taxonomy":"category","embeddable":true,"href":"https:\/\/atecordoba.org\/index.php?rest_route=%2Fwp%2Fv2%2Fcategories&post=40629"},{"taxonomy":"post_tag","embeddable":true,"href":"https:\/\/atecordoba.org\/index.php?rest_route=%2Fwp%2Fv2%2Ftags&post=40629"}],"curies":[{"name":"wp","href":"https:\/\/api.w.org\/{rel}","templated":true}]}}