{"id":40614,"date":"2023-12-21T10:55:29","date_gmt":"2023-12-21T13:55:29","guid":{"rendered":"https:\/\/atecordoba.org\/?p=40614"},"modified":"2023-12-21T10:55:31","modified_gmt":"2023-12-21T13:55:31","slug":"contra-el-plan-motosierra-ate-y-la-ctaa-marcharon-ayer-junto-a-la-unidad-piquetera","status":"publish","type":"post","link":"https:\/\/atecordoba.org\/?p=40614","title":{"rendered":"Contra el Plan Motosierra, ATE y la CTAA marcharon ayer junto a la Unidad Piquetera"},"content":{"rendered":"<div class=\"wp-block-image\">\n<figure class=\"aligncenter size-large is-resized\"><img loading=\"lazy\" decoding=\"async\" src=\"https:\/\/atecordoba.org\/wp-content\/uploads\/2023\/12\/WhatsApp-Image-2023-12-21-at-10.09.39-2-1-1024x535.jpeg\" alt=\"\" class=\"wp-image-40625\" width=\"768\" height=\"401\" \/><\/figure>\n<\/div>\n\n\n<p>Con la consigna \u201cAbajo la motosierra de Milei y sus aliados\u201d, ATE C\u00f3rdoba se moviliz\u00f3 ayer junto a la CTA Aut\u00f3noma en la convocatoria realizada por organizaciones sociales del bloque de Unidad Piquetera, que marcharon este mi\u00e9rcoles a la tarde en la ciudad de C\u00f3rdoba, en respuesta a las medidas de ajuste llevadas adelante por el Presidente Javier Milei. <\/p>\n\n\n\n<p>La marcha cont\u00f3 con el apoyo y la participaci\u00f3n de compa\u00f1eras y compa\u00f1eros de organizaciones sindicales como la UEPC Capital, UTS, SUTNA, Petroqu\u00edmicos de R\u00edo Tercero, Gr\u00e1ficos, etc.<\/p>\n\n\n\n<p>La concentraci\u00f3n comenz\u00f3 a las 18 horas en Col\u00f3n y Ca\u00f1ada, desde donde los manifestantes avanzaron por la Avenida General Paz hasta el Patio Olmos. All\u00ed la intervenci\u00f3n concluy\u00f3 con un acto, donde uno de los oradores fue nuestro secretario General, Federico Giuliani.<\/p>\n\n\n<div class=\"wp-block-image\">\n<figure class=\"alignleft size-large is-resized\"><img loading=\"lazy\" decoding=\"async\" src=\"https:\/\/atecordoba.org\/wp-content\/uploads\/2023\/12\/WhatsApp-Image-2023-12-21-at-10.09.46-2-771x1024.jpeg\" alt=\"\" class=\"wp-image-40626\" width=\"386\" height=\"512\" srcset=\"https:\/\/atecordoba.org\/wp-content\/uploads\/2023\/12\/WhatsApp-Image-2023-12-21-at-10.09.46-2-771x1024.jpeg 771w, https:\/\/atecordoba.org\/wp-content\/uploads\/2023\/12\/WhatsApp-Image-2023-12-21-at-10.09.46-2-226x300.jpeg 226w, https:\/\/atecordoba.org\/wp-content\/uploads\/2023\/12\/WhatsApp-Image-2023-12-21-at-10.09.46-2-768x1020.jpeg 768w, https:\/\/atecordoba.org\/wp-content\/uploads\/2023\/12\/WhatsApp-Image-2023-12-21-at-10.09.46-2-1157x1536.jpeg 1157w, https:\/\/atecordoba.org\/wp-content\/uploads\/2023\/12\/WhatsApp-Image-2023-12-21-at-10.09.46-2-1542x2048.jpeg 1542w, https:\/\/atecordoba.org\/wp-content\/uploads\/2023\/12\/WhatsApp-Image-2023-12-21-at-10.09.46-2-750x996.jpeg 750w, https:\/\/atecordoba.org\/wp-content\/uploads\/2023\/12\/WhatsApp-Image-2023-12-21-at-10.09.46-2-1140x1514.jpeg 1140w, https:\/\/atecordoba.org\/wp-content\/uploads\/2023\/12\/WhatsApp-Image-2023-12-21-at-10.09.46-2-scaled.jpeg 1928w\" sizes=\"auto, (max-width: 386px) 100vw, 386px\" \/><\/figure>\n<\/div>\n\n\n<p>Minutos antes de las 19, la columna lleg\u00f3 a General Paz, para transitar el tramo final de la marcha, hasta el Patio Olmos. En la pr\u00e1ctica la marcha demostr\u00f3 que no tuvo aplicaci\u00f3n en C\u00f3rdoba el &#8220;Protocolo de Bullrich&#8221; ya que, antes de doblar en la esquina del Correo, la protesta ya ocupaba toda la avenida sin que la polic\u00eda interviniera, m\u00e1s all\u00e1 de la presencia habitual, aunque desmesurada en cantidad de efectivos. <\/p>\n\n\n\n<p>La protesta fue absolutamente pac\u00edfica como estaba previsto.<\/p>\n\n\n\n<p><strong>Unidad<\/strong><\/p>\n\n\n\n<p>Al grito de \u201cunidad de los trabajadores\/y al que no le gusta, se jode, se jode\u201d, los manifestantes reclamaron la organizaci\u00f3n de un Plan de Lucha para derrotar al \u201cplan motosierra\u201d de Javier Milei.<\/p>\n\n\n\n<p>Al ingresar a la Avenida General Paz, la columna luci\u00f3 m\u00e1s nutrida y ocup\u00f3 varias cuadras, mientras se repet\u00edan las consignas en contra de Milei y su plan de ajuste. Una llovizna persistente apuraba el paso de los manifestantes. Al llegar al Patio Olmos la cabecera de la movilizaci\u00f3n, la columna se extend\u00eda a lo largo de m\u00e1s de tres cuadras, hasta 27 de Abril. Se estim\u00f3 en 20 mil personas los presentes en la calle, dando una se\u00f1al muy concreta de que las organizaciones no vamos a resignar ejercer el derecho a la protestas, m\u00e1s all\u00e1 de las bravuconadas del gobierno nacional. <\/p>\n\n\n\n<p>\u201cComo ATE y CTA-A C\u00f3rdoba, junto a la Unidad Piquetera y sindicatos combativos, encabezamos esta impresionante movilizaci\u00f3n recordando los 22 a\u00f1os del \u2018Argentinazo\u2019 y tomando las calles ante el ajuste del fascista de Milei. Al absurdo Protocolo Antipiquetes de Bullrich lo derrotamos en las calles\u201d, expres\u00f3 Giuliani desde la cabecera de la marcha flanqueado por Alcoba y Emanuel Berardo, del Polo Obrero.<\/p>\n\n\n\n<p>Giuliani asever\u00f3 que \u201ceste Gobierno es del mismo signo neoliberal que el de Fernando De la R\u00faa y Domingo Cavallo, derrotado por la pueblada del 19 y 20 de diciembre de 2001 despu\u00e9s de declarar el Estado de Sitio y asesinar a 39 militantes populares en todo el pa\u00eds. Hoy es un buen momento para honrar a los ca\u00eddos, sobre todo a David Moreno, de 15 a\u00f1os, que fuera asesinado por la Polic\u00eda en C\u00f3rdoba\u201d.<\/p>\n\n\n<div class=\"wp-block-image\">\n<figure class=\"alignright size-large is-resized\"><img loading=\"lazy\" decoding=\"async\" src=\"https:\/\/atecordoba.org\/wp-content\/uploads\/2023\/12\/WhatsApp-Image-2023-12-21-at-10.09.46-1-771x1024.jpeg\" alt=\"\" class=\"wp-image-40621\" width=\"386\" height=\"512\" srcset=\"https:\/\/atecordoba.org\/wp-content\/uploads\/2023\/12\/WhatsApp-Image-2023-12-21-at-10.09.46-1-771x1024.jpeg 771w, https:\/\/atecordoba.org\/wp-content\/uploads\/2023\/12\/WhatsApp-Image-2023-12-21-at-10.09.46-1-226x300.jpeg 226w, https:\/\/atecordoba.org\/wp-content\/uploads\/2023\/12\/WhatsApp-Image-2023-12-21-at-10.09.46-1-768x1020.jpeg 768w, https:\/\/atecordoba.org\/wp-content\/uploads\/2023\/12\/WhatsApp-Image-2023-12-21-at-10.09.46-1-1157x1536.jpeg 1157w, https:\/\/atecordoba.org\/wp-content\/uploads\/2023\/12\/WhatsApp-Image-2023-12-21-at-10.09.46-1-1542x2048.jpeg 1542w, https:\/\/atecordoba.org\/wp-content\/uploads\/2023\/12\/WhatsApp-Image-2023-12-21-at-10.09.46-1-750x996.jpeg 750w, https:\/\/atecordoba.org\/wp-content\/uploads\/2023\/12\/WhatsApp-Image-2023-12-21-at-10.09.46-1-1140x1514.jpeg 1140w, https:\/\/atecordoba.org\/wp-content\/uploads\/2023\/12\/WhatsApp-Image-2023-12-21-at-10.09.46-1-scaled.jpeg 1928w\" sizes=\"auto, (max-width: 386px) 100vw, 386px\" \/><\/figure>\n<\/div>\n\n\n<p>Tras cart\u00f3n se\u00f1al\u00f3: \u201cTenemos que ser capaces de conmover a los indiferentes, tener una propuesta que enamore al pueblo y convocar a la m\u00e1s amplia unidad de los trabajadores ocupados y desocupados, estatales y privados, activos y jubilados, de las organizaciones sociales y el movimiento piquetero para construir la resistencia al revanchismo olig\u00e1rquico porque ac\u00e1 nos salvamos todos o no se salva nadie\u201d.<\/p>\n\n\n\n<p>\u201cLa calle, el barrio, el territorio, son sitios de disputa con el poder donde no hay espacio para el posibilismo y la resignaci\u00f3n por m\u00e1s que intenten amedrentar con el Protocolo Antipiquetes. No integramos la legi\u00f3n de los tibios. Esos que repugnaban a Evita y a los que Per\u00f3n defin\u00eda como \u2018bosta de paloma\u2019. El conflicto social es una manifestaci\u00f3n de la lucha de clases entre ajustadores y ajustados\u201d, remat\u00f3.<\/p>\n\n\n\n<p><strong>Pol\u00edticas inhumanas<\/strong><\/p>\n\n\n\n<p>A su turno Silvia Alcoba, secretaria Adjunta de la FeNaT-CTAA a nivel nacional, y a su vez Adjunta de la CTA C\u00f3rdoba, puntualiz\u00f3: \u201cEste 22 de diciembre los movimientos populares y organizaciones sociales hemos convocado a una Jornada Nacional de Asambleas y Ollas Populares en todo el pa\u00eds\u201d.<\/p>\n\n\n\n<p>Y a\u00f1adi\u00f3: \u201cComo organizaci\u00f3n territorial de la Central que contiene el hambre en las barriadas, nos alerta este ajuste grav\u00edsimo que el Gobierno est\u00e1 aplicando sobre el pueblo pobre y trabajador, sobre los jubilados y la clase media, por eso nos sumamos a la medida de lucha\u201d.<\/p>\n\n\n\n<p>\u201cSabemos que las amenazas v\u00eda la aplicaci\u00f3n \u2018Mi Argentina\u2019 y el intento de Protocolo de Bullrich s\u00f3lo buscan justificar la represi\u00f3n consecuente de las pol\u00edticas econ\u00f3micas inhumanas\u201d, finaliz\u00f3.<\/p>\n","protected":false},"excerpt":{"rendered":"<p>Con la consigna \u201cAbajo la motosierra de Milei y sus aliados\u201d, ATE C\u00f3rdoba se moviliz\u00f3 ayer junto a la CTA Aut\u00f3noma en la convocatoria realizada por organizaciones sociales del bloque de Unidad Piquetera, que marcharon este mi\u00e9rcoles a la tarde en la ciudad de C\u00f3rdoba, en respuesta a las medidas de ajuste llevadas adelante por [&hellip;]<\/p>\n","protected":false},"author":7,"featured_media":40625,"comment_status":"open","ping_status":"open","sticky":false,"template":"","format":"standard","meta":{"_exactmetrics_skip_tracking":false,"_exactmetrics_sitenote_active":false,"_exactmetrics_sitenote_note":"","_exactmetrics_sitenote_category":0,"jnews-multi-image_gallery":[],"jnews_single_post":{"subtitle":"\u201cTenemos que ser capaces de conmover a los indiferentes, tener una propuesta que enamore al pueblo y convocar a la m\u00e1s amplia unidad de los trabajadores ocupados y desocupados, estatales y privados, activos y jubilados, de las organizaciones sociales y el movimiento piquetero para construir la resistencia al revanchismo olig\u00e1rquico porque ac\u00e1 nos salvamos todos o no se salva nadie\u201d, dijo en el acto el secretario General de ATE C\u00f3rdoba y la CTAA, Federico Giuliani.","format":"standard","video":"","gallery":"","source_name":"","source_url":"","via_name":"","via_url":"","override_template":"0","override":[{"template":"1","single_blog_custom":"","parallax":"1","fullscreen":"1","layout":"no-sidebar-narrow","sidebar":"default-sidebar","second_sidebar":"default-sidebar","sticky_sidebar":"1","share_position":"bottom","share_float_style":"share-monocrhome","show_share_counter":"1","show_view_counter":"1","show_featured":"0","show_post_meta":"1","show_post_author":"0","show_post_author_image":"1","show_post_date":"1","post_date_format":"default","post_date_format_custom":"Y\/m\/d","show_post_category":"1","show_post_reading_time":"0","post_reading_time_wpm":"300","show_zoom_button":"0","zoom_button_out_step":"2","zoom_button_in_step":"3","show_post_tag":"1","show_prev_next_post":"0","show_popup_post":"0","number_popup_post":"1","show_author_box":"0","show_post_related":"1","show_inline_post_related":"0"}],"override_image_size":"0","image_override":[{"single_post_thumbnail_size":"crop-500","single_post_gallery_size":"crop-500"}],"trending_post":"0","trending_post_position":"meta","trending_post_label":"Trending","sponsored_post":"0","sponsored_post_label":"Sponsored by","sponsored_post_name":"","sponsored_post_url":"","sponsored_post_logo_enable":"0","sponsored_post_logo":"","sponsored_post_desc":"","disable_ad":"0"},"jnews_primary_category":{"id":"","hide":""},"jnews_social_meta":{"fb_title":"","fb_description":"","fb_image":"","twitter_title":"","twitter_description":"","twitter_image":""},"jnews_review":[],"enable_review":"0","type":"percentage","name":"","summary":"","brand":"","sku":"","good":[{"good_text":""}],"bad":[{"bad_text":""}],"score_override":"","override_value":"","rating":[{"rating_text":"","rating_number":"10"}],"price":[{"shop":"","price":"","link":"","icon":""}],"jnews_override_counter":{"override_view_counter":"0","view_counter_number":"0","override_share_counter":"0","share_counter_number":"0","override_like_counter":"0","like_counter_number":"0","override_dislike_counter":"0","dislike_counter_number":"0"},"jnews_post_split":{"enable_post_split":"0","post_split":[{"template":"1","tag":"h2","numbering":"asc","mode":"normal","first":"0","enable_toc":"0","toc_type":"normal"}]},"footnotes":""},"categories":[10],"tags":[],"class_list":["post-40614","post","type-post","status-publish","format-standard","has-post-thumbnail","hentry","category-accion-politica"],"jetpack_featured_media_url":"https:\/\/atecordoba.org\/wp-content\/uploads\/2023\/12\/WhatsApp-Image-2023-12-21-at-10.09.39-2-1-e1703166922831.jpeg","_links":{"self":[{"href":"https:\/\/atecordoba.org\/index.php?rest_route=\/wp\/v2\/posts\/40614","targetHints":{"allow":["GET"]}}],"collection":[{"href":"https:\/\/atecordoba.org\/index.php?rest_route=\/wp\/v2\/posts"}],"about":[{"href":"https:\/\/atecordoba.org\/index.php?rest_route=\/wp\/v2\/types\/post"}],"author":[{"embeddable":true,"href":"https:\/\/atecordoba.org\/index.php?rest_route=\/wp\/v2\/users\/7"}],"replies":[{"embeddable":true,"href":"https:\/\/atecordoba.org\/index.php?rest_route=%2Fwp%2Fv2%2Fcomments&post=40614"}],"version-history":[{"count":1,"href":"https:\/\/atecordoba.org\/index.php?rest_route=\/wp\/v2\/posts\/40614\/revisions"}],"predecessor-version":[{"id":40628,"href":"https:\/\/atecordoba.org\/index.php?rest_route=\/wp\/v2\/posts\/40614\/revisions\/40628"}],"wp:featuredmedia":[{"embeddable":true,"href":"https:\/\/atecordoba.org\/index.php?rest_route=\/wp\/v2\/media\/40625"}],"wp:attachment":[{"href":"https:\/\/atecordoba.org\/index.php?rest_route=%2Fwp%2Fv2%2Fmedia&parent=40614"}],"wp:term":[{"taxonomy":"category","embeddable":true,"href":"https:\/\/atecordoba.org\/index.php?rest_route=%2Fwp%2Fv2%2Fcategories&post=40614"},{"taxonomy":"post_tag","embeddable":true,"href":"https:\/\/atecordoba.org\/index.php?rest_route=%2Fwp%2Fv2%2Ftags&post=40614"}],"curies":[{"name":"wp","href":"https:\/\/api.w.org\/{rel}","templated":true}]}}