{"id":40611,"date":"2023-12-20T15:36:47","date_gmt":"2023-12-20T18:36:47","guid":{"rendered":"https:\/\/atecordoba.org\/?p=40611"},"modified":"2023-12-20T15:38:02","modified_gmt":"2023-12-20T18:38:02","slug":"pasado-y-presente","status":"publish","type":"post","link":"https:\/\/atecordoba.org\/?p=40611","title":{"rendered":"Pasado y presente"},"content":{"rendered":"<div class=\"wp-block-image\">\n<figure class=\"aligncenter is-resized\"><img loading=\"lazy\" decoding=\"async\" src=\"https:\/\/ctaacordoba.org\/wp-content\/uploads\/2022\/04\/la-prensa-cgt.jpg\" alt=\"\" width=\"675\" height=\"380\" \/><\/figure>\n<\/div>\n\n\n<p><strong>Por Juan Carlos Giuliani*<\/strong><\/p>\n\n\n\n<p>No result\u00f3 una experiencia fruct\u00edfera. La mediocridad de una dirigencia burocratizada hizo naufragar esa oportunidad hist\u00f3rica.<\/p>\n\n\n\n<p>La expropiaci\u00f3n del diario La Prensa en 1951 constituy\u00f3 un acto soberano dirigido a zanjar el antagonismo entre un gobierno de orientaci\u00f3n nacional y la visi\u00f3n olig\u00e1rquico-imperialista de las minor\u00edas del privilegio.<\/p>\n\n\n\n<p>Al discutirse en la C\u00e1mara de Diputados la expropiaci\u00f3n de La Prensa,&nbsp;uno de los defensores del proyecto fue John William Cooke, quien denunci\u00f3 con claridad la penetraci\u00f3n imperialista a trav\u00e9s de los medios de informaci\u00f3n.<\/p>\n\n\n\n<p>En su intervenci\u00f3n, Cooke dijo: \u201cNosotros estamos contra La Prensa por razones mucho m\u00e1s serias, mucho m\u00e1s fundamentales. Estamos contra La Prensa porque creemos que diarios de esa clase son los que han minado la base de la nacionalidad, creemos que La Prensa es uno de esos obst\u00e1culos, como hay muchos otros en el continente, que han impedido o demorado todas las posibilidades de reivindicaciones proletarias en Latinoam\u00e9rica. Nosotros lo decimos por encima de las contingencias de la comisi\u00f3n investigadora\u201d.<\/p>\n\n\n\n<p>\u201cLo decimos como hombres pol\u00edticos que expresamos opiniones personales. Nosotros estamos con los obreros, y estamos contra La Prensa, porque La Prensa siempre estar\u00e1, como lo ha estado hasta ahora, contra los obreros y contra nosotros\u201d, remat\u00f3 su exposici\u00f3n el 16 de marzo de 1951 en la C\u00e1mara de Diputados el \u201cBebe\u201d Cooke.<\/p>\n\n\n\n<p>A poco de expropiado el peri\u00f3dico a la familia Paz, en la celebraci\u00f3n del 1\u00ba de Mayo,&nbsp;Per\u00f3n anunci\u00f3 desde los balcones de la Casa Rosada la entrega del diario a los trabajadores.<\/p>\n\n\n\n<p>All\u00ed expres\u00f3: \u201cLa Prensa, que explot\u00f3 durante tantos a\u00f1os a los trabajadores y a los pobres, que fue instrumento refinado al servicio de toda explotaci\u00f3n nacional e internacional, que represent\u00f3 la m\u00e1s cruda traici\u00f3n a la Patria,&nbsp;deber\u00e1 purgar sus culpas sirviendo al pueblo trabajador&nbsp;para defender sus reivindicaciones y defender sus derechos soberanos\u201d.<\/p>\n\n\n<div class=\"wp-block-image\">\n<figure class=\"alignright\"><a href=\"https:\/\/latinta.com.ar\/wp-content\/uploads\/2018\/09\/Cooke-la-prensa-cgt.jpg\"><img decoding=\"async\" src=\"https:\/\/latinta.com.ar\/wp-content\/uploads\/2018\/09\/Cooke-la-prensa-cgt.jpg\" alt=\"Cooke la prensa cgt\" class=\"wp-image-64562\" \/><\/a><\/figure>\n<\/div>\n\n\n<p>Para hacer efectiva esta iniciativa se cre\u00f3 en julio de 1951 una sociedad denominada Empresa Period\u00edstica Argentina SA (EPASA), integrada en partes iguales por la Confederaci\u00f3n General del Trabajo y el Sindicato de Vendedores de Diarios, Revistas y Afines. Su directorio era presidido por el titular de la CGT, Jos\u00e9 Espejo y, entre otros, figuraba Jos\u00e9 Alonso del gremio del Vestido.<\/p>\n\n\n\n<p>El peri\u00f3dico reapareci\u00f3 el lunes 19 de noviembre de 1951 con un t\u00edtulo elocuente: \u201cPor decisi\u00f3n de cinco millones de trabajadores reanuda hoy La Prensa sus actividades\u201d.<\/p>\n\n\n\n<p>La direcci\u00f3n de La Prensa fue confiada por el propio Per\u00f3n a Martiniano Passo, quien hasta entonces ocupaba similar cargo en el diario Democracia. Passo decidi\u00f3 mantener el mismo formato y la misma tipograf\u00eda. Un 70 por ciento del personal regres\u00f3 al trabajo, en tanto que las vacantes fueron cubiertas promovi\u00e9ndose a los m\u00e1s antiguos de cada secci\u00f3n.<\/p>\n\n\n\n<p>La medida, de neto corte gatopardista, no vari\u00f3 sustancialmente el contenido ni la forma del diario. No se puede construir lo nuevo con lo viejo.<\/p>\n\n\n\n<p>Ya sea por limitaciones pol\u00edticas o ideol\u00f3gicas, por convicci\u00f3n, conveniencia u oportunismo, lo cierto es que la CGT dilapid\u00f3 la perspectiva de elaborar una l\u00ednea editorial aut\u00f3noma para fortalecer el gobierno popular. En cambio, se pleg\u00f3 al coro complaciente que en 1955, y antes de que el gallo cante tres veces, no dud\u00f3 en traicionar al Movimiento Nacional.<\/p>\n\n\n\n<p>Llama la atenci\u00f3n que en el diario no figuraran las plumas de pensadores nacionales de la talla de Arturo Jauretche, Ra\u00fal Scalabrini Ortiz, Juan Jos\u00e9 Hern\u00e1ndez Arregui o Rodolfo Puiggr\u00f3s, quienes ejercieron como periodistas desde el llano y en la Resistencia, cuando los chupamedias se hicieron humo o se integraron a la represi\u00f3n gorila.<\/p>\n\n\n\n<p>Es casi in\u00fatil buscar en sus p\u00e1ginas una descripci\u00f3n del enemigo fundamental, el imperialismo norteamericano y la oligarqu\u00eda criolla. En \u201cEl Caso Satananowsky\u201d,&nbsp;Rodolfo Walsh narra: \u201cPara escribir la historia del gobierno peronista son m\u00e1s \u00fatiles las memorias del Banco Central o las estad\u00edsticas de la Secretar\u00eda de Trabajo que la colecci\u00f3n completa de diarios y revistas de la cadena\u201d.<\/p>\n\n\n<div class=\"wp-block-image\">\n<figure class=\"alignleft\"><a href=\"https:\/\/latinta.com.ar\/wp-content\/uploads\/2018\/09\/la-prensa-expropiacion.jpg\"><img decoding=\"async\" src=\"https:\/\/latinta.com.ar\/wp-content\/uploads\/2018\/09\/la-prensa-expropiacion.jpg\" alt=\"la prensa expropiacion\" class=\"wp-image-64564\" \/><\/a><\/figure>\n<\/div>\n\n\n<p>Ese gigantesco aparato estaba destinado a sucumbir sin lucha.&nbsp;La Prensa, el diario de la CGT, festej\u00f3 el golpe de Estado de septiembre de 1955.<\/p>\n\n\n\n<p>Si bien Eduardo Lonardi prometi\u00f3 que las conquistas sociales de los trabajadores ser\u00edan respetadas, que la CGT no ser\u00eda intervenida y que el peri\u00f3dico seguir\u00eda en manos de la central obrera, su reemplazo en la presidencia apenas dos meses despu\u00e9s de haberla ocupado, demostr\u00f3 que, como en toda contienda, hab\u00eda vencedores y vencidos.<\/p>\n\n\n\n<p>La \u201cRevoluci\u00f3n Fusiladora\u201d, encabezada por Pedro Aramburu e Isaac Rojas, ten\u00eda por objetivo la destrucci\u00f3n del peronismo y del movimiento obrero. La Prensa era un s\u00edmbolo de las clases dominantes que hab\u00eda sido expropiada y entregada a la CGT por el gobierno derrocado. Pronto ser\u00eda reivindicada por los \u201clibertadores\u201d.<\/p>\n\n\n\n<p>Por un decreto del 30 de noviembre del 55 fue derogada la ley que la expropi\u00f3 y restituida a manos del patriciado nativo. El 3 de febrero de 1956 \u2013no casualmente en un nuevo aniversario de la Batalla de Caseros\u2013, reanud\u00f3 sus ediciones.<\/p>\n\n\n\n<p>Los desaciertos del pasado sirven para sacar conclusiones. Los trabajadores no van a renunciar al derecho de tener su propia voz en la disputa estrat\u00e9gica por el sentido con los due\u00f1os de todas las cosas.<\/p>\n\n\n\n<p><strong>*Periodista. Escritor. Congresal Nacional de la CTA Aut\u00f3noma en representaci\u00f3n de la provincia de C\u00f3rdoba<\/strong><\/p>\n","protected":false},"excerpt":{"rendered":"<p>Por Juan Carlos Giuliani* No result\u00f3 una experiencia fruct\u00edfera. La mediocridad de una dirigencia burocratizada hizo naufragar esa oportunidad hist\u00f3rica. La expropiaci\u00f3n del diario La Prensa en 1951 constituy\u00f3 un acto soberano dirigido a zanjar el antagonismo entre un gobierno de orientaci\u00f3n nacional y la visi\u00f3n olig\u00e1rquico-imperialista de las minor\u00edas del privilegio. Al discutirse en [&hellip;]<\/p>\n","protected":false},"author":7,"featured_media":40612,"comment_status":"open","ping_status":"open","sticky":false,"template":"","format":"standard","meta":{"_exactmetrics_skip_tracking":false,"_exactmetrics_sitenote_active":false,"_exactmetrics_sitenote_note":"","_exactmetrics_sitenote_category":0,"jnews-multi-image_gallery":[],"jnews_single_post":{"subtitle":"El Movimiento Popular necesita avanzar en la construcci\u00f3n de medios de comunicaci\u00f3n propios para difundir masivamente su estrategia de poder. Hace 72 a\u00f1os los trabajadores tuvieron la posibilidad de manejar uno de los diarios m\u00e1s importantes del pa\u00eds a trav\u00e9s de la CGT.","format":"standard","video":"","gallery":"","source_name":"","source_url":"","via_name":"","via_url":"","override_template":"0","override":[{"template":"1","single_blog_custom":"","parallax":"1","fullscreen":"1","layout":"no-sidebar-narrow","sidebar":"default-sidebar","second_sidebar":"default-sidebar","sticky_sidebar":"1","share_position":"bottom","share_float_style":"share-monocrhome","show_share_counter":"1","show_view_counter":"1","show_featured":"0","show_post_meta":"1","show_post_author":"0","show_post_author_image":"1","show_post_date":"1","post_date_format":"default","post_date_format_custom":"Y\/m\/d","show_post_category":"1","show_post_reading_time":"0","post_reading_time_wpm":"300","show_zoom_button":"0","zoom_button_out_step":"2","zoom_button_in_step":"3","show_post_tag":"1","show_prev_next_post":"0","show_popup_post":"0","number_popup_post":"1","show_author_box":"0","show_post_related":"1","show_inline_post_related":"0"}],"override_image_size":"0","image_override":[{"single_post_thumbnail_size":"crop-500","single_post_gallery_size":"crop-500"}],"trending_post":"0","trending_post_position":"meta","trending_post_label":"Trending","sponsored_post":"0","sponsored_post_label":"Sponsored by","sponsored_post_name":"","sponsored_post_url":"","sponsored_post_logo_enable":"0","sponsored_post_logo":"","sponsored_post_desc":"","disable_ad":"0"},"jnews_primary_category":{"id":"","hide":""},"jnews_social_meta":{"fb_title":"","fb_description":"","fb_image":"","twitter_title":"","twitter_description":"","twitter_image":""},"jnews_review":[],"enable_review":"0","type":"percentage","name":"","summary":"","brand":"","sku":"","good":[{"good_text":""}],"bad":[{"bad_text":""}],"score_override":"","override_value":"","rating":[{"rating_text":"","rating_number":"10"}],"price":[{"shop":"","price":"","link":"","icon":""}],"jnews_override_counter":{"override_view_counter":"0","view_counter_number":"0","override_share_counter":"0","share_counter_number":"0","override_like_counter":"0","like_counter_number":"0","override_dislike_counter":"0","dislike_counter_number":"0"},"jnews_post_split":{"enable_post_split":"0","post_split":[{"template":"1","tag":"h2","numbering":"asc","mode":"normal","first":"0","enable_toc":"0","toc_type":"normal"}]},"footnotes":""},"categories":[10],"tags":[],"class_list":["post-40611","post","type-post","status-publish","format-standard","has-post-thumbnail","hentry","category-accion-politica"],"jetpack_featured_media_url":"https:\/\/atecordoba.org\/wp-content\/uploads\/2023\/12\/Cooke-e1703097401885.jpg","_links":{"self":[{"href":"https:\/\/atecordoba.org\/index.php?rest_route=\/wp\/v2\/posts\/40611","targetHints":{"allow":["GET"]}}],"collection":[{"href":"https:\/\/atecordoba.org\/index.php?rest_route=\/wp\/v2\/posts"}],"about":[{"href":"https:\/\/atecordoba.org\/index.php?rest_route=\/wp\/v2\/types\/post"}],"author":[{"embeddable":true,"href":"https:\/\/atecordoba.org\/index.php?rest_route=\/wp\/v2\/users\/7"}],"replies":[{"embeddable":true,"href":"https:\/\/atecordoba.org\/index.php?rest_route=%2Fwp%2Fv2%2Fcomments&post=40611"}],"version-history":[{"count":1,"href":"https:\/\/atecordoba.org\/index.php?rest_route=\/wp\/v2\/posts\/40611\/revisions"}],"predecessor-version":[{"id":40613,"href":"https:\/\/atecordoba.org\/index.php?rest_route=\/wp\/v2\/posts\/40611\/revisions\/40613"}],"wp:featuredmedia":[{"embeddable":true,"href":"https:\/\/atecordoba.org\/index.php?rest_route=\/wp\/v2\/media\/40612"}],"wp:attachment":[{"href":"https:\/\/atecordoba.org\/index.php?rest_route=%2Fwp%2Fv2%2Fmedia&parent=40611"}],"wp:term":[{"taxonomy":"category","embeddable":true,"href":"https:\/\/atecordoba.org\/index.php?rest_route=%2Fwp%2Fv2%2Fcategories&post=40611"},{"taxonomy":"post_tag","embeddable":true,"href":"https:\/\/atecordoba.org\/index.php?rest_route=%2Fwp%2Fv2%2Ftags&post=40611"}],"curies":[{"name":"wp","href":"https:\/\/api.w.org\/{rel}","templated":true}]}}