{"id":40574,"date":"2023-12-20T12:03:30","date_gmt":"2023-12-20T15:03:30","guid":{"rendered":"https:\/\/atecordoba.org\/?p=40574"},"modified":"2023-12-20T12:03:31","modified_gmt":"2023-12-20T15:03:31","slug":"atacan-un-vehiculo-de-ate-en-anisacate-durante-una-protesta-y-se-instala-el-clima-de-violencia-en-la-localidad","status":"publish","type":"post","link":"https:\/\/atecordoba.org\/?p=40574","title":{"rendered":"Atacan un veh\u00edculo de ATE en Anisacate durante una protesta y se instala el clima de violencia en la localidad"},"content":{"rendered":"<div class=\"wp-block-image\">\n<figure class=\"aligncenter size-large is-resized\"><img loading=\"lazy\" decoding=\"async\" src=\"https:\/\/atecordoba.org\/wp-content\/uploads\/2023\/12\/WhatsApp-Image-2023-12-20-at-11.10.55-1024x771.jpeg\" alt=\"\" class=\"wp-image-40575\" width=\"768\" height=\"578\" srcset=\"https:\/\/atecordoba.org\/wp-content\/uploads\/2023\/12\/WhatsApp-Image-2023-12-20-at-11.10.55-1024x771.jpeg 1024w, https:\/\/atecordoba.org\/wp-content\/uploads\/2023\/12\/WhatsApp-Image-2023-12-20-at-11.10.55-300x226.jpeg 300w, https:\/\/atecordoba.org\/wp-content\/uploads\/2023\/12\/WhatsApp-Image-2023-12-20-at-11.10.55-768x578.jpeg 768w, https:\/\/atecordoba.org\/wp-content\/uploads\/2023\/12\/WhatsApp-Image-2023-12-20-at-11.10.55-1536x1156.jpeg 1536w, https:\/\/atecordoba.org\/wp-content\/uploads\/2023\/12\/WhatsApp-Image-2023-12-20-at-11.10.55-750x564.jpeg 750w, https:\/\/atecordoba.org\/wp-content\/uploads\/2023\/12\/WhatsApp-Image-2023-12-20-at-11.10.55-1140x858.jpeg 1140w, https:\/\/atecordoba.org\/wp-content\/uploads\/2023\/12\/WhatsApp-Image-2023-12-20-at-11.10.55.jpeg 1600w\" sizes=\"auto, (max-width: 768px) 100vw, 768px\" \/><\/figure>\n<\/div>\n\n\n<p>Esta ma\u00f1ana una camioneta de ATE que se encontraba estacionada a metros de la Municipalidad de Anisacate fue atacada de manera an\u00f3nima, mientras nuestro gremio encabezaba una protesta por el despido de 80 compa\u00f1eras y compa\u00f1eros municipales, perpetrado el viernes pasado por la Intendenta Natalia Contini.<\/p>\n\n\n\n<p>Como consecuencia del grave hecho result\u00f3 roto un vidrio del veh\u00edculo y del interior robaron una mochila con documentaci\u00f3n de ATE y con efectos personales de un compa\u00f1ero.<\/p>\n\n\n\n<p>El secretario General de ATE C\u00f3rdoba, Federico Giuliani, presente en el lugar, realiz\u00f3 inmediatamente la denuncia correspondiente. <\/p>\n\n\n\n<p>El ataque se produce en el marco de un fuerte conflicto gremial con la intendenta Contini, de Juntos por el Cambio, que emprendi\u00f3 un brutal ajuste sus primeros d\u00edas de gobierno, dejando 80 familias sin trabajo y poniendo en riesgo el futuro de un n\u00famero importante de vecinas y vecinos de Anisacate. <\/p>\n\n\n\n<figure class=\"wp-block-gallery has-nested-images columns-default is-cropped wp-block-gallery-1 is-layout-flex wp-block-gallery-is-layout-flex\">\n<figure class=\"wp-block-image size-large\"><img loading=\"lazy\" decoding=\"async\" width=\"1024\" height=\"771\" data-id=\"40578\" src=\"https:\/\/atecordoba.org\/wp-content\/uploads\/2023\/12\/WhatsApp-Image-2023-12-20-at-11.10.55-1-1024x771.jpeg\" alt=\"\" class=\"wp-image-40578\" srcset=\"https:\/\/atecordoba.org\/wp-content\/uploads\/2023\/12\/WhatsApp-Image-2023-12-20-at-11.10.55-1-1024x771.jpeg 1024w, https:\/\/atecordoba.org\/wp-content\/uploads\/2023\/12\/WhatsApp-Image-2023-12-20-at-11.10.55-1-300x226.jpeg 300w, https:\/\/atecordoba.org\/wp-content\/uploads\/2023\/12\/WhatsApp-Image-2023-12-20-at-11.10.55-1-768x578.jpeg 768w, https:\/\/atecordoba.org\/wp-content\/uploads\/2023\/12\/WhatsApp-Image-2023-12-20-at-11.10.55-1-1536x1156.jpeg 1536w, https:\/\/atecordoba.org\/wp-content\/uploads\/2023\/12\/WhatsApp-Image-2023-12-20-at-11.10.55-1-750x564.jpeg 750w, https:\/\/atecordoba.org\/wp-content\/uploads\/2023\/12\/WhatsApp-Image-2023-12-20-at-11.10.55-1-1140x858.jpeg 1140w, https:\/\/atecordoba.org\/wp-content\/uploads\/2023\/12\/WhatsApp-Image-2023-12-20-at-11.10.55-1.jpeg 1600w\" sizes=\"auto, (max-width: 1024px) 100vw, 1024px\" \/><\/figure>\n\n\n\n<figure class=\"wp-block-image size-large\"><img loading=\"lazy\" decoding=\"async\" width=\"771\" height=\"1024\" data-id=\"40577\" src=\"https:\/\/atecordoba.org\/wp-content\/uploads\/2023\/12\/WhatsApp-Image-2023-12-20-at-11.10.54-1-771x1024.jpeg\" alt=\"\" class=\"wp-image-40577\" \/><\/figure>\n\n\n\n<figure class=\"wp-block-image size-large\"><img loading=\"lazy\" decoding=\"async\" width=\"771\" height=\"1024\" data-id=\"40576\" src=\"https:\/\/atecordoba.org\/wp-content\/uploads\/2023\/12\/WhatsApp-Image-2023-12-20-at-11.10.54-771x1024.jpeg\" alt=\"\" class=\"wp-image-40576\" srcset=\"https:\/\/atecordoba.org\/wp-content\/uploads\/2023\/12\/WhatsApp-Image-2023-12-20-at-11.10.54-771x1024.jpeg 771w, https:\/\/atecordoba.org\/wp-content\/uploads\/2023\/12\/WhatsApp-Image-2023-12-20-at-11.10.54-226x300.jpeg 226w, https:\/\/atecordoba.org\/wp-content\/uploads\/2023\/12\/WhatsApp-Image-2023-12-20-at-11.10.54-768x1021.jpeg 768w, https:\/\/atecordoba.org\/wp-content\/uploads\/2023\/12\/WhatsApp-Image-2023-12-20-at-11.10.54-1156x1536.jpeg 1156w, https:\/\/atecordoba.org\/wp-content\/uploads\/2023\/12\/WhatsApp-Image-2023-12-20-at-11.10.54-750x997.jpeg 750w, https:\/\/atecordoba.org\/wp-content\/uploads\/2023\/12\/WhatsApp-Image-2023-12-20-at-11.10.54-1140x1515.jpeg 1140w, https:\/\/atecordoba.org\/wp-content\/uploads\/2023\/12\/WhatsApp-Image-2023-12-20-at-11.10.54.jpeg 1204w\" sizes=\"auto, (max-width: 771px) 100vw, 771px\" \/><\/figure>\n<\/figure>\n\n\n\n<p>Claramente, el ataque se inscribe en un clima de violencia que se est\u00e1 promoviendo desde el Departamento Ejecutivo, que de modos autoritarios y antidemocr\u00e1ticos pretende ejercer el poder en la ciudad. Cabe mencionar que ayer <a href=\"https:\/\/atecordoba.org\/?p=40524\">un funcionario fue denunciado penalmente <\/a>por atropellar a un delegado municipal en medio de la manifestaci\u00f3n que ATE realizaba en el lugar, cuando se desat\u00f3 el conflicto. <\/p>\n\n\n\n<p>En consecuencia, desde ATE hacemos responsable a la intendenta Contini y su gesti\u00f3n por la salud de las y los trabajadores en conflicto, nuestro cuerpo de delegados\/as, y el conjunto de la comunidad de Anisacate, que no debe estar sometida a la violencia ejercida desde el poder, como claramente son los despidos masivos del 40% de la plantilla de personal y los ataques el sindicato que representa a estos trabajadores. <\/p>\n\n\n\n<p>De la misma forma exigimos la inmediata identificaci\u00f3n de quienes sean los autores del hecho, la restituci\u00f3n de los efectos robados y la condena del ataque por parte de la Municipalidad. <\/p>\n","protected":false},"excerpt":{"rendered":"<p>Esta ma\u00f1ana una camioneta de ATE que se encontraba estacionada a metros de la Municipalidad de Anisacate fue atacada de manera an\u00f3nima, mientras nuestro gremio encabezaba una protesta por el despido de 80 compa\u00f1eras y compa\u00f1eros municipales, perpetrado el viernes pasado por la Intendenta Natalia Contini. Como consecuencia del grave hecho result\u00f3 roto un vidrio [&hellip;]<\/p>\n","protected":false},"author":7,"featured_media":40577,"comment_status":"open","ping_status":"open","sticky":false,"template":"","format":"standard","meta":{"_exactmetrics_skip_tracking":false,"_exactmetrics_sitenote_active":false,"_exactmetrics_sitenote_note":"","_exactmetrics_sitenote_category":0,"jnews-multi-image_gallery":[],"jnews_single_post":{"subtitle":"El ataque se produce en el marco de un fuerte conflicto gremial con la intendenta Contini, de Juntos por el Cambio, que emprendi\u00f3 un brutal ajuste dejando 80 familias sin trabajo y poniendo en riesgo el futuro de un n\u00famero importante de vecinas y vecinos de Anisacate. ","format":"standard","video":"","gallery":"","source_name":"","source_url":"","via_name":"","via_url":"","override_template":"0","override":[{"template":"1","single_blog_custom":"","parallax":"1","fullscreen":"1","layout":"no-sidebar-narrow","sidebar":"default-sidebar","second_sidebar":"default-sidebar","sticky_sidebar":"1","share_position":"bottom","share_float_style":"share-monocrhome","show_share_counter":"1","show_view_counter":"1","show_featured":"0","show_post_meta":"1","show_post_author":"0","show_post_author_image":"1","show_post_date":"1","post_date_format":"default","post_date_format_custom":"Y\/m\/d","show_post_category":"1","show_post_reading_time":"0","post_reading_time_wpm":"300","show_zoom_button":"0","zoom_button_out_step":"2","zoom_button_in_step":"3","show_post_tag":"1","show_prev_next_post":"0","show_popup_post":"0","number_popup_post":"1","show_author_box":"0","show_post_related":"1","show_inline_post_related":"0"}],"override_image_size":"0","image_override":[{"single_post_thumbnail_size":"crop-500","single_post_gallery_size":"crop-500"}],"trending_post":"0","trending_post_position":"meta","trending_post_label":"Trending","sponsored_post":"0","sponsored_post_label":"Sponsored by","sponsored_post_name":"","sponsored_post_url":"","sponsored_post_logo_enable":"0","sponsored_post_logo":"","sponsored_post_desc":"","disable_ad":"0"},"jnews_primary_category":{"id":"","hide":""},"jnews_social_meta":{"fb_title":"","fb_description":"","fb_image":"","twitter_title":"","twitter_description":"","twitter_image":""},"jnews_review":[],"enable_review":"0","type":"percentage","name":"","summary":"","brand":"","sku":"","good":[{"good_text":""}],"bad":[{"bad_text":""}],"score_override":"","override_value":"","rating":[{"rating_text":"","rating_number":"10"}],"price":[{"shop":"","price":"","link":"","icon":""}],"jnews_override_counter":{"override_view_counter":"0","view_counter_number":"0","override_share_counter":"0","share_counter_number":"0","override_like_counter":"0","like_counter_number":"0","override_dislike_counter":"0","dislike_counter_number":"0"},"jnews_post_split":{"enable_post_split":"0","post_split":[{"template":"1","tag":"h2","numbering":"asc","mode":"normal","first":"0","enable_toc":"0","toc_type":"normal"}]},"footnotes":""},"categories":[20],"tags":[],"class_list":["post-40574","post","type-post","status-publish","format-standard","has-post-thumbnail","hentry","category-municipales"],"jetpack_featured_media_url":"https:\/\/atecordoba.org\/wp-content\/uploads\/2023\/12\/WhatsApp-Image-2023-12-20-at-11.10.54-1-e1703084406606.jpeg","_links":{"self":[{"href":"https:\/\/atecordoba.org\/index.php?rest_route=\/wp\/v2\/posts\/40574","targetHints":{"allow":["GET"]}}],"collection":[{"href":"https:\/\/atecordoba.org\/index.php?rest_route=\/wp\/v2\/posts"}],"about":[{"href":"https:\/\/atecordoba.org\/index.php?rest_route=\/wp\/v2\/types\/post"}],"author":[{"embeddable":true,"href":"https:\/\/atecordoba.org\/index.php?rest_route=\/wp\/v2\/users\/7"}],"replies":[{"embeddable":true,"href":"https:\/\/atecordoba.org\/index.php?rest_route=%2Fwp%2Fv2%2Fcomments&post=40574"}],"version-history":[{"count":1,"href":"https:\/\/atecordoba.org\/index.php?rest_route=\/wp\/v2\/posts\/40574\/revisions"}],"predecessor-version":[{"id":40579,"href":"https:\/\/atecordoba.org\/index.php?rest_route=\/wp\/v2\/posts\/40574\/revisions\/40579"}],"wp:featuredmedia":[{"embeddable":true,"href":"https:\/\/atecordoba.org\/index.php?rest_route=\/wp\/v2\/media\/40577"}],"wp:attachment":[{"href":"https:\/\/atecordoba.org\/index.php?rest_route=%2Fwp%2Fv2%2Fmedia&parent=40574"}],"wp:term":[{"taxonomy":"category","embeddable":true,"href":"https:\/\/atecordoba.org\/index.php?rest_route=%2Fwp%2Fv2%2Fcategories&post=40574"},{"taxonomy":"post_tag","embeddable":true,"href":"https:\/\/atecordoba.org\/index.php?rest_route=%2Fwp%2Fv2%2Ftags&post=40574"}],"curies":[{"name":"wp","href":"https:\/\/api.w.org\/{rel}","templated":true}]}}