{"id":4056,"date":"2014-04-22T17:56:24","date_gmt":"2014-04-22T20:56:24","guid":{"rendered":"http:\/\/www.atecordoba.org\/?p=4056"},"modified":"2014-04-22T17:56:24","modified_gmt":"2014-04-22T20:56:24","slug":"la-quebrada-del-condorito-cumplio-el-fin-de-semana-el-plan-de-lucha-de-ate-parques-nacionales","status":"publish","type":"post","link":"https:\/\/atecordoba.org\/?p=4056","title":{"rendered":"La Quebrada del Condorito cumpli\u00f3 el fin de semana el plan de lucha de ATE Parques Nacionales"},"content":{"rendered":"<p>En el marco del plan de lucha lanzado por la Coordinaci\u00f3n Nacional de ATE Parques Nacionales, los trabajadores del parque Quebrada del Condorito protestaron en el ingreso del organismo. Publicamos el documento que fundamenta el plan de lucha.<\/p>\n<p style=\"text-align: center;\"><a href=\"http:\/\/www.atecordoba.org\/wp-content\/uploads\/2014\/04\/IMG-20140418-WA0000.jpg\"><img loading=\"lazy\" decoding=\"async\" class=\"aligncenter  wp-image-4057\" alt=\"IMG-20140418-WA0000\" src=\"http:\/\/www.atecordoba.org\/wp-content\/uploads\/2014\/04\/IMG-20140418-WA0000.jpg\" width=\"560\" height=\"420\" \/><\/a><\/p>\n<p style=\"text-align: center;\">\n<p style=\"text-align: left;\">Los compa\u00f1eros hicieron sentir su protesta en el ingreso del parque durante semana santa, periodo de gran afluencia de turistas. Seg\u00fan un documento emitido por la coordinaci\u00f3n nacional de delegados del sector, el plan de lucha se inici\u00f3 debido a que &#8221; las autoridades de Parques Nacionales comenzaron su gesti\u00f3n hablando de di\u00e1logo, de que eran trabajadores de la instituci\u00f3n y de convenios colectivos que nos incluyan a todos.<\/p>\n<p>Los primeros encuentros fueron en el marco de un conflicto por la continuidad laboral de compa\u00f1eros brigadistas. Desde fines del a\u00f1o pasado se est\u00e1 tratando de construir un di\u00e1logo con una agenda concreta. Se ajust\u00f3 esa agenda transform\u00e1ndose en un Petitorio que le entregamos al Directorio este 19 de marzo.<\/p>\n<p>\u00bfPor qu\u00e9 el conflicto? Porque los contratos de los compa\u00f1eros brigadistas terminaron el 31 de marzo, porque la actual situaci\u00f3n de retraso salarial amerita actualizar los premios que desde hace a\u00f1os no se tocan pese al aumento del presupuesto de Parques Nacionales, porque a la fecha el Gobierno Nacional no ha propuesto la urgente y necesaria paritaria para los trabajadores estatales sin techo dada la realidad inflacionaria, y porque esta actitud de no contestar y no dar respuestas concretas a los trabajadores han generado la actual situaci\u00f3n de conflicto.<\/p>\n<p>Los trabajadores de Parques Nacionales no sabemos y no entendemos este silencio por parte del Directorio que preside Carlos Corval\u00e1n. Para firmar un acto resolutivo que convoque a una mesa de trabajo con los gremios que incluya en su agenda construir un nuevo convenio colectivo de trabajo no se necesita ni tiempo ni presupuesto. Para que los compa\u00f1eros brigadistas est\u00e9n contratados todo el a\u00f1o s\u00f3lo hace falta decisi\u00f3n pol\u00edtica. Los trabajadores organizados en ATE desde el a\u00f1o pasado hemos propuesto fijar las plantas de personal para ese sector para no tener que todos los a\u00f1os volver a discutir la precariedad. A la fecha no tenemos respuesta institucional. Para proponer un aumento en los premios s\u00f3lo hace falta conocer el presupuesto y voluntad pol\u00edtica.<\/p>\n<p style=\"text-align: center;\"><a href=\"http:\/\/www.atecordoba.org\/wp-content\/uploads\/2014\/04\/IMG-20140418-WA0003.jpg\"><img loading=\"lazy\" decoding=\"async\" class=\"aligncenter  wp-image-4058\" alt=\"IMG-20140418-WA0003\" src=\"http:\/\/www.atecordoba.org\/wp-content\/uploads\/2014\/04\/IMG-20140418-WA0003.jpg\" width=\"560\" height=\"420\" \/><\/a><\/p>\n<p>Con todo esto, y pese a los espacios de di\u00e1logo que hab\u00edamos construido, hoy no sabemos por qu\u00e9 el silencio y la falta de respuesta es la actual pol\u00edtica del Directorio. Las causas de ese silencio no las conocemos. Los trabajadores siempre estuvimos para dialogar y proponer. Si existen problemas de gesti\u00f3n en las instancias intermedias no es un problema de los trabajadores.<\/p>\n<p>Se\u00f1or Presidente de Parques Nacionales Carlos Corval\u00e1n y miembros del Directorio, nuestras asambleas y nuestras representaciones gremiales no han cambiado ni de idea ni de actitud: propuesta, debate y di\u00e1logo cuando corresponde; y organizaci\u00f3n con unidad y lucha tambi\u00e9n cuando corresponde.<\/p>\n<p>Los hacemos responsables de este inicio de conflicto no buscado por los trabajadores. El silencio y la falta de respuesta concreta es cortar el di\u00e1logo. Ustedes lo cortaron.<\/p>\n<p>Tenemos claro que un aumento con base en un 35% de nuestros salarios y una paritaria sin techo y democr\u00e1tica no es responsabilidad de ese Directorio sino del Gobierno Nacional. Por eso seguimos organiz\u00e1ndonos y peleando. Pero de no dar respuesta al Petitorio entregado el 19 de marzo, de congelar los premios y de la incertidumbre de compa\u00f1eros brigadistas; si es su responsabilidad.<\/p>\n<p>Que compa\u00f1eros brigadistas viajen a Chile junto al pueblo chileno por la cat\u00e1strofe de Valpara\u00edso nos llena orgullo. Muchos de esos trabajadores el a\u00f1o pasado peleaban por su continuidad laboral. Ser trabajadores y de Parques tambi\u00e9n es nuestro orgullo.<\/p>\n<p>Desde este escenario de conflicto por ustedes provocado, les exigimos que retomen el di\u00e1logo efectivo, que s\u00f3lo se corresponde con concretar nuestro Petitorio&#8221;.<\/p>\n","protected":false},"excerpt":{"rendered":"<p>En el marco del plan de lucha lanzado por la Coordinaci\u00f3n Nacional de ATE Parques Nacionales, los trabajadores del parque Quebrada del Condorito protestaron en el ingreso del organismo. Publicamos el documento que fundamenta el plan de lucha. Los compa\u00f1eros hicieron sentir su protesta en el ingreso del parque durante semana santa, periodo de gran [&hellip;]<\/p>\n","protected":false},"author":1,"featured_media":19220,"comment_status":"open","ping_status":"open","sticky":false,"template":"","format":"standard","meta":{"_exactmetrics_skip_tracking":false,"_exactmetrics_sitenote_active":false,"_exactmetrics_sitenote_note":"","_exactmetrics_sitenote_category":0,"jnews-multi-image_gallery":[],"jnews_single_post":[],"jnews_primary_category":[],"jnews_social_meta":[],"jnews_review":[],"enable_review":"","type":"","name":"","summary":"","brand":"","sku":"","good":[],"bad":[],"score_override":"","override_value":"","rating":[],"price":[],"jnews_override_counter":[],"jnews_post_split":[],"footnotes":""},"categories":[18,96],"tags":[],"class_list":["post-4056","post","type-post","status-publish","format-standard","has-post-thumbnail","hentry","category-nacionales","category-parques-nacionales-2"],"jetpack_featured_media_url":"https:\/\/atecordoba.org\/wp-content\/uploads\/2020\/05\/logo-nuevochico-e1561581322808.png","_links":{"self":[{"href":"https:\/\/atecordoba.org\/index.php?rest_route=\/wp\/v2\/posts\/4056","targetHints":{"allow":["GET"]}}],"collection":[{"href":"https:\/\/atecordoba.org\/index.php?rest_route=\/wp\/v2\/posts"}],"about":[{"href":"https:\/\/atecordoba.org\/index.php?rest_route=\/wp\/v2\/types\/post"}],"author":[{"embeddable":true,"href":"https:\/\/atecordoba.org\/index.php?rest_route=\/wp\/v2\/users\/1"}],"replies":[{"embeddable":true,"href":"https:\/\/atecordoba.org\/index.php?rest_route=%2Fwp%2Fv2%2Fcomments&post=4056"}],"version-history":[{"count":0,"href":"https:\/\/atecordoba.org\/index.php?rest_route=\/wp\/v2\/posts\/4056\/revisions"}],"wp:featuredmedia":[{"embeddable":true,"href":"https:\/\/atecordoba.org\/index.php?rest_route=\/wp\/v2\/media\/19220"}],"wp:attachment":[{"href":"https:\/\/atecordoba.org\/index.php?rest_route=%2Fwp%2Fv2%2Fmedia&parent=4056"}],"wp:term":[{"taxonomy":"category","embeddable":true,"href":"https:\/\/atecordoba.org\/index.php?rest_route=%2Fwp%2Fv2%2Fcategories&post=4056"},{"taxonomy":"post_tag","embeddable":true,"href":"https:\/\/atecordoba.org\/index.php?rest_route=%2Fwp%2Fv2%2Ftags&post=4056"}],"curies":[{"name":"wp","href":"https:\/\/api.w.org\/{rel}","templated":true}]}}