{"id":40532,"date":"2023-12-19T13:01:57","date_gmt":"2023-12-19T16:01:57","guid":{"rendered":"https:\/\/atecordoba.org\/?p=40532"},"modified":"2023-12-19T13:01:58","modified_gmt":"2023-12-19T16:01:58","slug":"con-presencia-de-ate-cordoba-se-presento-en-la-cta-nacional-la-red-intersindical-de-migracion-laboral-y-movilidad","status":"publish","type":"post","link":"https:\/\/atecordoba.org\/?p=40532","title":{"rendered":"Con presencia de ATE C\u00f3rdoba se present\u00f3 en la CTA Nacional la Red Intersindical de Migraci\u00f3n Laboral y Movilidad"},"content":{"rendered":"<div class=\"wp-block-image\">\n<figure class=\"aligncenter size-large is-resized\"><img loading=\"lazy\" decoding=\"async\" src=\"https:\/\/atecordoba.org\/wp-content\/uploads\/2023\/12\/WhatsApp-Image-2023-12-18-at-23.20.13-2-1024x724.jpeg\" alt=\"\" class=\"wp-image-40535\" width=\"768\" height=\"543\" \/><\/figure>\n<\/div>\n\n\n<p>Las tres centrales de trabajadores\/as (CTA-T, CTA-A y CGT), con apoyo de la OIT, impulsaron el funcionamiento de la Red Intersindical de Migraci\u00f3n Laboral y Movilidad.<\/p>\n\n\n\n<p>La creaci\u00f3n y funcionamiento de la Red forma parte tambi\u00e9n de las actividades promovidas en el Plan de Acci\u00f3n Tripartito en Migraci\u00f3n Laboral 2023-2025 para Am\u00e9rica del Sur, desarrollado en el Encuentro Tripartito sobre Migraci\u00f3n Laboral y Movilidad Humana en Am\u00e9rica del Sur en Per\u00fa, en el que se hace especial hincapi\u00e9 en el fortalecimiento de la organizaci\u00f3n sindical a trav\u00e9s de la creaci\u00f3n de redes y en el fomento de jornadas de sensibilizaci\u00f3n, informaci\u00f3n y capacitaci\u00f3n para el movimiento sindical sobre migraci\u00f3n laboral.<\/p>\n\n\n<div class=\"wp-block-image\">\n<figure class=\"aligncenter size-full is-resized\"><img loading=\"lazy\" decoding=\"async\" src=\"https:\/\/atecordoba.org\/wp-content\/uploads\/2023\/12\/WhatsApp-Image-2023-12-18-at-23.20.13-1.jpeg\" alt=\"\" class=\"wp-image-40536\" width=\"768\" height=\"576\" srcset=\"https:\/\/atecordoba.org\/wp-content\/uploads\/2023\/12\/WhatsApp-Image-2023-12-18-at-23.20.13-1.jpeg 1024w, https:\/\/atecordoba.org\/wp-content\/uploads\/2023\/12\/WhatsApp-Image-2023-12-18-at-23.20.13-1-300x225.jpeg 300w, https:\/\/atecordoba.org\/wp-content\/uploads\/2023\/12\/WhatsApp-Image-2023-12-18-at-23.20.13-1-768x576.jpeg 768w, https:\/\/atecordoba.org\/wp-content\/uploads\/2023\/12\/WhatsApp-Image-2023-12-18-at-23.20.13-1-750x563.jpeg 750w\" sizes=\"auto, (max-width: 768px) 100vw, 768px\" \/><\/figure>\n<\/div>\n\n\n<p>Mar\u00eda Jos\u00e9 Cano, Directora del Departamento de Derechos Humanos de la CTA Aut\u00f3noma, fue la encargada de dar inicio a la jornada, con la compa\u00f1\u00eda de Mariana Beher\u00e1n de la Organizaci\u00f3n Internacional del Trabajo (OIT); Lourdes Rivadeneyra, de la CTA de los Trabajadores, y Ariadna Moreno de la CGT. \u201cEsta es una jornada de celebraci\u00f3n, capacitaci\u00f3n y planificaci\u00f3n.\u201d, introdujo Beher\u00e1n.<\/p>\n\n\n\n<p>En representaci\u00f3n de ATE C\u00f3rdoba estuvo la delegada, Angelina Laumann, de la Direcci\u00f3n Nacional de Migraciones.<\/p>\n\n\n\n<p>La primera instancia del encuentro tuvo como protagonista al director de Especializaci\u00f3n en Migraci\u00f3n y Asilo de la Universidad Nacional de Lan\u00fas, Pablo Ceriani, quien ofreci\u00f3 una clase magistral sobre migraci\u00f3n laboral y movilidad. \u201cA pesar de tener hace m\u00e1s de 20 a\u00f1os la Ley Nacional de Migraciones, todav\u00eda resulta un gran desaf\u00edo la integraci\u00f3n de migrantes en nuestro pa\u00eds\u201d, se\u00f1al\u00f3 Ceriani durante el inicio de su intervenci\u00f3n.<\/p>\n\n\n<div class=\"wp-block-image\">\n<figure class=\"aligncenter size-large is-resized\"><img loading=\"lazy\" decoding=\"async\" src=\"https:\/\/atecordoba.org\/wp-content\/uploads\/2023\/12\/WhatsApp-Image-2023-12-18-at-23.20.13-1-1-1024x768.jpeg\" alt=\"\" class=\"wp-image-40543\" width=\"768\" height=\"576\" srcset=\"https:\/\/atecordoba.org\/wp-content\/uploads\/2023\/12\/WhatsApp-Image-2023-12-18-at-23.20.13-1-1-1024x768.jpeg 1024w, https:\/\/atecordoba.org\/wp-content\/uploads\/2023\/12\/WhatsApp-Image-2023-12-18-at-23.20.13-1-1-300x225.jpeg 300w, https:\/\/atecordoba.org\/wp-content\/uploads\/2023\/12\/WhatsApp-Image-2023-12-18-at-23.20.13-1-1-768x576.jpeg 768w, https:\/\/atecordoba.org\/wp-content\/uploads\/2023\/12\/WhatsApp-Image-2023-12-18-at-23.20.13-1-1-1536x1152.jpeg 1536w, https:\/\/atecordoba.org\/wp-content\/uploads\/2023\/12\/WhatsApp-Image-2023-12-18-at-23.20.13-1-1-750x563.jpeg 750w, https:\/\/atecordoba.org\/wp-content\/uploads\/2023\/12\/WhatsApp-Image-2023-12-18-at-23.20.13-1-1-1140x855.jpeg 1140w, https:\/\/atecordoba.org\/wp-content\/uploads\/2023\/12\/WhatsApp-Image-2023-12-18-at-23.20.13-1-1.jpeg 1600w\" sizes=\"auto, (max-width: 768px) 100vw, 768px\" \/><\/figure>\n<\/div>\n\n\n<p>La clase permiti\u00f3 tambi\u00e9n la participaci\u00f3n de los asistentes para realizar consultas sobre situaciones generales y particulares de la comunidad migrante.<\/p>\n\n\n\n<p>En el marco del D\u00eda Internacional del Migrante, que se conmemora el 18 de diciembre, la OIT y las tres centrales de trabajadores\/as de Argentina, desde la Red Intersindical de Migraci\u00f3n Laboral y Movilidad, aportan a estos ejes de trabajo, sumando a la reflexi\u00f3n y an\u00e1lisis intersindical para la promoci\u00f3n y protecci\u00f3n de los derechos de las personas trabajadoras migrantes.<\/p>\n\n\n\n<p>A su vez, se present\u00f3 el proyecto \u201cLazos\u201d, una iniciativa que pone un especial \u00e9nfasis en la integraci\u00f3n de las mujeres migrantes, siendo estas trabajadoras las que enfrentan m\u00e1s obst\u00e1culos econ\u00f3micos y no econ\u00f3micos y tienen una mayor probabilidad de migrar por razones distintas a la de buscar trabajo, como por ejemplo, acompa\u00f1ar a familiares.<\/p>\n\n\n\n<p>Esta iniciativa otorga, a su vez, un rol clave a los sindicatos: su participaci\u00f3n resulta fundamental para incidir en la elaboraci\u00f3n y\/o adecuaci\u00f3n de normativas y pol\u00edticas que garanticen los derechos de las personas trabajadoras migrantes y refugiadas bajo el enfoque de igualdad de trato y no discriminaci\u00f3n, as\u00ed como para supervisar el cumplimiento de tales derechos, desarrollar capacidad y prestar servicios.<\/p>\n\n\n<div class=\"wp-block-image\">\n<figure class=\"alignleft size-large is-resized\"><img loading=\"lazy\" decoding=\"async\" src=\"https:\/\/atecordoba.org\/wp-content\/uploads\/2023\/12\/WhatsApp-Image-2023-12-18-at-23.20.14-576x1024.jpeg\" alt=\"\" class=\"wp-image-40539\" width=\"288\" height=\"512\" srcset=\"https:\/\/atecordoba.org\/wp-content\/uploads\/2023\/12\/WhatsApp-Image-2023-12-18-at-23.20.14-576x1024.jpeg 576w, https:\/\/atecordoba.org\/wp-content\/uploads\/2023\/12\/WhatsApp-Image-2023-12-18-at-23.20.14-169x300.jpeg 169w, https:\/\/atecordoba.org\/wp-content\/uploads\/2023\/12\/WhatsApp-Image-2023-12-18-at-23.20.14-768x1366.jpeg 768w, https:\/\/atecordoba.org\/wp-content\/uploads\/2023\/12\/WhatsApp-Image-2023-12-18-at-23.20.14-864x1536.jpeg 864w, https:\/\/atecordoba.org\/wp-content\/uploads\/2023\/12\/WhatsApp-Image-2023-12-18-at-23.20.14-750x1334.jpeg 750w, https:\/\/atecordoba.org\/wp-content\/uploads\/2023\/12\/WhatsApp-Image-2023-12-18-at-23.20.14.jpeg 899w\" sizes=\"auto, (max-width: 288px) 100vw, 288px\" \/><\/figure>\n<\/div>\n\n\n<p>Posteriormente, se llev\u00f3 a cabo el Taller de Planificaci\u00f3n de la Red Nacional Intersindical.<\/p>\n\n\n\n<p><strong>Migrantes en el mundo<\/strong><\/p>\n\n\n\n<p>A nivel mundial, las personas trabajadoras migrantes representan el 4,9% de la fuerza de trabajo de los pa\u00edses de destino y su tasa de participaci\u00f3n en la fuerza de trabajo es del 69%; superior a la de las personas no migrantes, estimada en 60% (OIT, 2021a).<\/p>\n\n\n\n<p>Las personas trabajadoras migrantes contribuyen al crecimiento y al desarrollo de los pa\u00edses de destino mientras que los pa\u00edses de origen se benefician a trav\u00e9s de las remesas y de las competencias que las personas migrantes adquieren o fortalecen durante su experiencia migratoria.<\/p>\n\n\n\n<p>Sin embargo, las personas trabajadoras migrantes pasan por varios desaf\u00edos. Muchas de ellas son v\u00edctimas de abusos graves y de explotaci\u00f3n. La trata de personas, el trabajo forzoso y el tr\u00e1fico il\u00edcito de migrantes son los principales retos a los que hay que hacer frente en la protecci\u00f3n de los derechos humanos y laborales. Adem\u00e1s, la informalidad laboral y las condiciones de trabajo precarias afectan a muchas personas trabajadoras migrantes a nivel mundial y tambi\u00e9n nacional.<\/p>\n\n\n\n<p>\u201cAnte un discurso y una acci\u00f3n que creen que el futuro es sacar derechos, lo \u00fanico que puede salvar a la clase trabajadora es que tengamos m\u00e1s derechos, a que haya m\u00e1s justicia y m\u00e1s solidaridad, es la organizaci\u00f3n, lo colectivo y para eso las Centrales sindicales estamos comprometidas hace much\u00edsimo tiempo, por eso reiteramos la felicitaci\u00f3n por esta gran tarea.\u201d, cerr\u00f3 el encuentro Ricardo Peidro, Secretario General Adjunto de la CTAA. Tambi\u00e9n estuvo presente Hugo Yasky, Secretario General de la CTAT.<\/p>\n\n\n<a href=\"https:\/\/atecordoba.org\/wp-content\/uploads\/2023\/12\/Carta-Fundacional-Red-Intersindical-de-Migracion-Laboral-y-Movilidad.pdf\" class=\"pdfemb-viewer\" style=\"\" data-width=\"max\" data-height=\"max\" data-toolbar=\"bottom\" data-toolbar-fixed=\"off\">Carta-Fundacional-Red-Intersindical-de-Migracion-Laboral-y-Movilidad<\/a>\n<p class=\"wp-block-pdfemb-pdf-embedder-viewer\"><\/p>\n","protected":false},"excerpt":{"rendered":"<p>Las tres centrales de trabajadores\/as (CTA-T, CTA-A y CGT), con apoyo de la OIT, impulsaron el funcionamiento de la Red Intersindical de Migraci\u00f3n Laboral y Movilidad. La creaci\u00f3n y funcionamiento de la Red forma parte tambi\u00e9n de las actividades promovidas en el Plan de Acci\u00f3n Tripartito en Migraci\u00f3n Laboral 2023-2025 para Am\u00e9rica del Sur, desarrollado [&hellip;]<\/p>\n","protected":false},"author":7,"featured_media":40535,"comment_status":"open","ping_status":"open","sticky":false,"template":"","format":"standard","meta":{"_exactmetrics_skip_tracking":false,"_exactmetrics_sitenote_active":false,"_exactmetrics_sitenote_note":"","_exactmetrics_sitenote_category":0,"jnews-multi-image_gallery":[],"jnews_single_post":{"subtitle":"En el D\u00eda Internacional del Migrante, las tres centrales sindicales dieron inicio en la sede de nuestra Central a un programa avalado por la OIT para dar asistencia y respaldo a migrantes y refugiadas\/os en su inserci\u00f3n socioecon\u00f3mica.","format":"standard","video":"","gallery":"","source_name":"","source_url":"","via_name":"","via_url":"","override_template":"0","override":[{"template":"1","single_blog_custom":"","parallax":"1","fullscreen":"1","layout":"no-sidebar-narrow","sidebar":"default-sidebar","second_sidebar":"default-sidebar","sticky_sidebar":"1","share_position":"bottom","share_float_style":"share-monocrhome","show_share_counter":"1","show_view_counter":"1","show_featured":"0","show_post_meta":"1","show_post_author":"0","show_post_author_image":"1","show_post_date":"1","post_date_format":"default","post_date_format_custom":"Y\/m\/d","show_post_category":"1","show_post_reading_time":"0","post_reading_time_wpm":"300","show_zoom_button":"0","zoom_button_out_step":"2","zoom_button_in_step":"3","show_post_tag":"1","show_prev_next_post":"0","show_popup_post":"0","number_popup_post":"1","show_author_box":"0","show_post_related":"1","show_inline_post_related":"0"}],"override_image_size":"0","image_override":[{"single_post_thumbnail_size":"crop-500","single_post_gallery_size":"crop-500"}],"trending_post":"0","trending_post_position":"meta","trending_post_label":"Trending","sponsored_post":"0","sponsored_post_label":"Sponsored by","sponsored_post_name":"","sponsored_post_url":"","sponsored_post_logo_enable":"0","sponsored_post_logo":"","sponsored_post_desc":"","disable_ad":"0"},"jnews_primary_category":{"id":"","hide":""},"jnews_social_meta":{"fb_title":"","fb_description":"","fb_image":"","twitter_title":"","twitter_description":"","twitter_image":""},"jnews_review":[],"enable_review":"0","type":"percentage","name":"","summary":"","brand":"","sku":"","good":[{"good_text":""}],"bad":[{"bad_text":""}],"score_override":"","override_value":"","rating":[{"rating_text":"","rating_number":"10"}],"price":[{"shop":"","price":"","link":"","icon":""}],"jnews_override_counter":{"override_view_counter":"0","view_counter_number":"0","override_share_counter":"0","share_counter_number":"0","override_like_counter":"0","like_counter_number":"0","override_dislike_counter":"0","dislike_counter_number":"0"},"jnews_post_split":{"enable_post_split":"0","post_split":[{"template":"1","tag":"h2","numbering":"asc","mode":"normal","first":"0","enable_toc":"0","toc_type":"normal"}]},"footnotes":""},"categories":[10],"tags":[],"class_list":["post-40532","post","type-post","status-publish","format-standard","has-post-thumbnail","hentry","category-accion-politica"],"jetpack_featured_media_url":"https:\/\/atecordoba.org\/wp-content\/uploads\/2023\/12\/WhatsApp-Image-2023-12-18-at-23.20.13-2-e1703001491241.jpeg","_links":{"self":[{"href":"https:\/\/atecordoba.org\/index.php?rest_route=\/wp\/v2\/posts\/40532","targetHints":{"allow":["GET"]}}],"collection":[{"href":"https:\/\/atecordoba.org\/index.php?rest_route=\/wp\/v2\/posts"}],"about":[{"href":"https:\/\/atecordoba.org\/index.php?rest_route=\/wp\/v2\/types\/post"}],"author":[{"embeddable":true,"href":"https:\/\/atecordoba.org\/index.php?rest_route=\/wp\/v2\/users\/7"}],"replies":[{"embeddable":true,"href":"https:\/\/atecordoba.org\/index.php?rest_route=%2Fwp%2Fv2%2Fcomments&post=40532"}],"version-history":[{"count":1,"href":"https:\/\/atecordoba.org\/index.php?rest_route=\/wp\/v2\/posts\/40532\/revisions"}],"predecessor-version":[{"id":40544,"href":"https:\/\/atecordoba.org\/index.php?rest_route=\/wp\/v2\/posts\/40532\/revisions\/40544"}],"wp:featuredmedia":[{"embeddable":true,"href":"https:\/\/atecordoba.org\/index.php?rest_route=\/wp\/v2\/media\/40535"}],"wp:attachment":[{"href":"https:\/\/atecordoba.org\/index.php?rest_route=%2Fwp%2Fv2%2Fmedia&parent=40532"}],"wp:term":[{"taxonomy":"category","embeddable":true,"href":"https:\/\/atecordoba.org\/index.php?rest_route=%2Fwp%2Fv2%2Fcategories&post=40532"},{"taxonomy":"post_tag","embeddable":true,"href":"https:\/\/atecordoba.org\/index.php?rest_route=%2Fwp%2Fv2%2Ftags&post=40532"}],"curies":[{"name":"wp","href":"https:\/\/api.w.org\/{rel}","templated":true}]}}