{"id":40524,"date":"2023-12-19T12:39:15","date_gmt":"2023-12-19T15:39:15","guid":{"rendered":"https:\/\/atecordoba.org\/?p=40524"},"modified":"2023-12-19T12:57:10","modified_gmt":"2023-12-19T15:57:10","slug":"denuncia-penal-contra-funcionario-de-anisacate-por-atropellar-a-un-delegado-de-ate","status":"publish","type":"post","link":"https:\/\/atecordoba.org\/?p=40524","title":{"rendered":"Denuncia penal contra funcionario de Anisacate por atropellar a un delegado de ATE"},"content":{"rendered":"<div class=\"wp-block-image\">\n<figure class=\"aligncenter size-large is-resized\"><img loading=\"lazy\" decoding=\"async\" src=\"https:\/\/atecordoba.org\/wp-content\/uploads\/2023\/12\/WhatsApp-Image-2023-12-18-at-08.35.46-1-1024x460.jpeg\" alt=\"\" class=\"wp-image-40503\" width=\"768\" height=\"345\" srcset=\"https:\/\/atecordoba.org\/wp-content\/uploads\/2023\/12\/WhatsApp-Image-2023-12-18-at-08.35.46-1-1024x460.jpeg 1024w, https:\/\/atecordoba.org\/wp-content\/uploads\/2023\/12\/WhatsApp-Image-2023-12-18-at-08.35.46-1-300x135.jpeg 300w, https:\/\/atecordoba.org\/wp-content\/uploads\/2023\/12\/WhatsApp-Image-2023-12-18-at-08.35.46-1-768x345.jpeg 768w, https:\/\/atecordoba.org\/wp-content\/uploads\/2023\/12\/WhatsApp-Image-2023-12-18-at-08.35.46-1-750x337.jpeg 750w, https:\/\/atecordoba.org\/wp-content\/uploads\/2023\/12\/WhatsApp-Image-2023-12-18-at-08.35.46-1-1140x512.jpeg 1140w, https:\/\/atecordoba.org\/wp-content\/uploads\/2023\/12\/WhatsApp-Image-2023-12-18-at-08.35.46-1.jpeg 1280w\" sizes=\"auto, (max-width: 768px) 100vw, 768px\" \/><\/figure>\n<\/div>\n\n\n<p>Mientras se desarrollaba la protesta ayer de manera absolutamente pac\u00edfica y custodiada por personal policial de la localidad, un funcionario de la Municipalidad de Anisacate la emprendi\u00f3 con su auto contra la manifestaci\u00f3n que ATE. <\/p>\n\n\n\n<p>El grav\u00edsimo ataque fue protagonizado por el encargado de Maestranza del Corral\u00f3n Municipal, Juan Montenegro, que golpe\u00f3 con el veh\u00edculo al delegado de ATE Rodrigo Peralta. Como resultado de la maniobra el compa\u00f1ero result\u00f3 con un golpe en la rodilla. <\/p>\n\n\n\n<p>El hecho da muestras del nivel de violencia que propone la gesti\u00f3n municipal que encabeza la intendente Natalia Contini, que inaugur\u00f3 su etapa de gobierno con 80 despidos en la Municipalidad. <\/p>\n\n\n<div class=\"wp-block-image\">\n<figure class=\"aligncenter size-full is-resized\"><img loading=\"lazy\" decoding=\"async\" src=\"https:\/\/atecordoba.org\/wp-content\/uploads\/2023\/12\/diego-peralta-ATE-anisacate.jpeg\" alt=\"\" class=\"wp-image-40527\" width=\"768\" height=\"576\" srcset=\"https:\/\/atecordoba.org\/wp-content\/uploads\/2023\/12\/diego-peralta-ATE-anisacate.jpeg 1024w, https:\/\/atecordoba.org\/wp-content\/uploads\/2023\/12\/diego-peralta-ATE-anisacate-300x225.jpeg 300w, https:\/\/atecordoba.org\/wp-content\/uploads\/2023\/12\/diego-peralta-ATE-anisacate-768x576.jpeg 768w, https:\/\/atecordoba.org\/wp-content\/uploads\/2023\/12\/diego-peralta-ATE-anisacate-750x563.jpeg 750w\" sizes=\"auto, (max-width: 768px) 100vw, 768px\" \/><figcaption class=\"wp-element-caption\">El delegado de ATE Diego Peralta (izq)<\/figcaption><\/figure>\n<\/div>\n\n\n<p>Acompa\u00f1ado por dirigentes de ATE provinciales, el delegado Peralta denunci\u00f3 al funcionario en la comisaria local, despu\u00e9s que el propio comisario policial a cargo del operativo de seguridad le recomendara hacer la denuncia.<\/p>\n\n\n\n<p>&#8220;Hay un mont\u00f3n de compa\u00f1eros que son testigos de lo que sucedi\u00f3, as\u00ed como el personal policial presente en el lugar&#8221;, explic\u00f3 Peralta. <\/p>\n\n\n\n<p>El ataque sucedi\u00f3 en la calle colectora de la ruta 5, frente a la sede municipal. <\/p>\n\n\n<div class=\"wp-block-image\">\n<figure class=\"aligncenter size-large\"><img loading=\"lazy\" decoding=\"async\" width=\"770\" height=\"1024\" src=\"https:\/\/atecordoba.org\/wp-content\/uploads\/2023\/12\/anisacate-denuncia-peralta-1-770x1024.jpeg\" alt=\"\" class=\"wp-image-40529\" srcset=\"https:\/\/atecordoba.org\/wp-content\/uploads\/2023\/12\/anisacate-denuncia-peralta-1-770x1024.jpeg 770w, https:\/\/atecordoba.org\/wp-content\/uploads\/2023\/12\/anisacate-denuncia-peralta-1-226x300.jpeg 226w, https:\/\/atecordoba.org\/wp-content\/uploads\/2023\/12\/anisacate-denuncia-peralta-1-768x1021.jpeg 768w, https:\/\/atecordoba.org\/wp-content\/uploads\/2023\/12\/anisacate-denuncia-peralta-1-750x997.jpeg 750w, https:\/\/atecordoba.org\/wp-content\/uploads\/2023\/12\/anisacate-denuncia-peralta-1.jpeg 963w\" sizes=\"auto, (max-width: 770px) 100vw, 770px\" \/><\/figure>\n<\/div>\n\n\n<p>Antes de atropellar al delegado, Montenegro hab\u00eda amenazado con tirarle el auto encima a tres trabajadoras que se encontraban participando de la protesta. Cuando Peralta se interpuso para proteger la integridad de las compa\u00f1eros, Montenegro avanz\u00f3 y lo choc\u00f3. <\/p>\n\n\n\n<p>El funcionario ya tiene antecedentes en Anisacate porque fue despedido como personal municipal por robar agua anteriormente. <\/p>\n\n\n\n<p>&#8220;Montenegro vino a chicanear a donde est\u00e1bamos protestando cuando no ten\u00eda nada que hacer ah\u00ed. Y encima nos tir\u00f3 el auto encima&#8221;, dijo Peralta sobre el violento accionar del funcionario de la intendenta de Anisacate. <\/p>\n","protected":false},"excerpt":{"rendered":"<p>Mientras se desarrollaba la protesta ayer de manera absolutamente pac\u00edfica y custodiada por personal policial de la localidad, un funcionario de la Municipalidad de Anisacate la emprendi\u00f3 con su auto contra la manifestaci\u00f3n que ATE. El grav\u00edsimo ataque fue protagonizado por el encargado de Maestranza del Corral\u00f3n Municipal, Juan Montenegro, que golpe\u00f3 con el veh\u00edculo [&hellip;]<\/p>\n","protected":false},"author":7,"featured_media":40529,"comment_status":"open","ping_status":"open","sticky":false,"template":"","format":"standard","meta":{"_exactmetrics_skip_tracking":false,"_exactmetrics_sitenote_active":false,"_exactmetrics_sitenote_note":"","_exactmetrics_sitenote_category":0,"jnews-multi-image_gallery":[],"jnews_single_post":{"subtitle":"El grav\u00edsimo ataque fue protagonizado por el encargado de Maestranza del Corral\u00f3n Municipal, Juan Montenegro, que golpe\u00f3 con su veh\u00edculo al delegado de ATE Rodrigo Peralta. Como resultado de la maniobra el compa\u00f1ero result\u00f3 con un golpe en la rodilla. ","format":"standard","video":"","gallery":"","source_name":"","source_url":"","via_name":"","via_url":"","override_template":"0","override":[{"template":"1","single_blog_custom":"","parallax":"1","fullscreen":"1","layout":"no-sidebar-narrow","sidebar":"default-sidebar","second_sidebar":"default-sidebar","sticky_sidebar":"1","share_position":"bottom","share_float_style":"share-monocrhome","show_share_counter":"1","show_view_counter":"1","show_featured":"0","show_post_meta":"1","show_post_author":"0","show_post_author_image":"1","show_post_date":"1","post_date_format":"default","post_date_format_custom":"Y\/m\/d","show_post_category":"1","show_post_reading_time":"0","post_reading_time_wpm":"300","show_zoom_button":"0","zoom_button_out_step":"2","zoom_button_in_step":"3","show_post_tag":"1","show_prev_next_post":"0","show_popup_post":"0","number_popup_post":"1","show_author_box":"0","show_post_related":"1","show_inline_post_related":"0"}],"override_image_size":"0","image_override":[{"single_post_thumbnail_size":"crop-500","single_post_gallery_size":"crop-500"}],"trending_post":"0","trending_post_position":"meta","trending_post_label":"Trending","sponsored_post":"0","sponsored_post_label":"Sponsored by","sponsored_post_name":"","sponsored_post_url":"","sponsored_post_logo_enable":"0","sponsored_post_logo":"","sponsored_post_desc":"","disable_ad":"0"},"jnews_primary_category":{"id":"","hide":""},"jnews_social_meta":{"fb_title":"","fb_description":"","fb_image":"","twitter_title":"","twitter_description":"","twitter_image":""},"jnews_review":[],"enable_review":"0","type":"percentage","name":"","summary":"","brand":"","sku":"","good":[{"good_text":""}],"bad":[{"bad_text":""}],"score_override":"","override_value":"","rating":[{"rating_text":"","rating_number":"10"}],"price":[{"shop":"","price":"","link":"","icon":""}],"jnews_override_counter":{"override_view_counter":"0","view_counter_number":"0","override_share_counter":"0","share_counter_number":"0","override_like_counter":"0","like_counter_number":"0","override_dislike_counter":"0","dislike_counter_number":"0"},"jnews_post_split":{"enable_post_split":"0","post_split":[{"template":"1","tag":"h2","numbering":"asc","mode":"normal","first":"0","enable_toc":"0","toc_type":"normal"}]},"footnotes":""},"categories":[20],"tags":[],"class_list":["post-40524","post","type-post","status-publish","format-standard","has-post-thumbnail","hentry","category-municipales"],"jetpack_featured_media_url":"https:\/\/atecordoba.org\/wp-content\/uploads\/2023\/12\/anisacate-denuncia-peralta-1.jpeg","_links":{"self":[{"href":"https:\/\/atecordoba.org\/index.php?rest_route=\/wp\/v2\/posts\/40524","targetHints":{"allow":["GET"]}}],"collection":[{"href":"https:\/\/atecordoba.org\/index.php?rest_route=\/wp\/v2\/posts"}],"about":[{"href":"https:\/\/atecordoba.org\/index.php?rest_route=\/wp\/v2\/types\/post"}],"author":[{"embeddable":true,"href":"https:\/\/atecordoba.org\/index.php?rest_route=\/wp\/v2\/users\/7"}],"replies":[{"embeddable":true,"href":"https:\/\/atecordoba.org\/index.php?rest_route=%2Fwp%2Fv2%2Fcomments&post=40524"}],"version-history":[{"count":4,"href":"https:\/\/atecordoba.org\/index.php?rest_route=\/wp\/v2\/posts\/40524\/revisions"}],"predecessor-version":[{"id":40538,"href":"https:\/\/atecordoba.org\/index.php?rest_route=\/wp\/v2\/posts\/40524\/revisions\/40538"}],"wp:featuredmedia":[{"embeddable":true,"href":"https:\/\/atecordoba.org\/index.php?rest_route=\/wp\/v2\/media\/40529"}],"wp:attachment":[{"href":"https:\/\/atecordoba.org\/index.php?rest_route=%2Fwp%2Fv2%2Fmedia&parent=40524"}],"wp:term":[{"taxonomy":"category","embeddable":true,"href":"https:\/\/atecordoba.org\/index.php?rest_route=%2Fwp%2Fv2%2Fcategories&post=40524"},{"taxonomy":"post_tag","embeddable":true,"href":"https:\/\/atecordoba.org\/index.php?rest_route=%2Fwp%2Fv2%2Ftags&post=40524"}],"curies":[{"name":"wp","href":"https:\/\/api.w.org\/{rel}","templated":true}]}}