{"id":40498,"date":"2023-12-19T12:06:40","date_gmt":"2023-12-19T15:06:40","guid":{"rendered":"https:\/\/atecordoba.org\/?p=40498"},"modified":"2023-12-19T13:48:10","modified_gmt":"2023-12-19T16:48:10","slug":"valle-de-paravachasca-se-profundiza-el-conflicto-gremial-por-80-despidos-en-anisacate","status":"publish","type":"post","link":"https:\/\/atecordoba.org\/?p=40498","title":{"rendered":"Valle de Paravachasca: se profundiza el conflicto gremial por 80 despidos en Anisacate"},"content":{"rendered":"<div class=\"wp-block-image\">\n<figure class=\"aligncenter size-large is-resized\"><img loading=\"lazy\" decoding=\"async\" src=\"https:\/\/atecordoba.org\/wp-content\/uploads\/2023\/12\/WhatsApp-Image-2023-12-19-at-10.25.36-1024x461.jpeg\" alt=\"\" class=\"wp-image-40499\" width=\"768\" height=\"346\" \/><\/figure>\n<\/div>\n\n\n<p>ATE se moviliz\u00f3 en la localidad de Anisacate al conocerse ayer que la nueva intendenta Natalia Contini, de Juntos por el Cambio, comenz\u00f3 su gesti\u00f3n con el despido de 80 trabajadores y trabajadores.<\/p>\n\n\n\n<p>Se trata de personal que est\u00e1 en blanco y contratado y se enter\u00f3 el lunes a primera hora, cuando quisieron ingresar a sus puestos de trabajo y funcionarios se lo impidieron. La medida se expres\u00f3 posteriormente en un decreto que daba de baja los contratos, imponiendo un brutal ajuste en la localidad del Valle de Paravachasca y se tom\u00f3 de manera de manera unilateral y autoritaria, despidiendo a trabajadores municipales a mansalva.<\/p>\n\n\n<div class=\"wp-block-image\">\n<figure class=\"aligncenter size-large is-resized\"><img loading=\"lazy\" decoding=\"async\" src=\"https:\/\/atecordoba.org\/wp-content\/uploads\/2023\/12\/WhatsApp-Image-2023-12-19-at-10.25.30-1024x460.jpeg\" alt=\"\" class=\"wp-image-40500\" width=\"768\" height=\"345\" srcset=\"https:\/\/atecordoba.org\/wp-content\/uploads\/2023\/12\/WhatsApp-Image-2023-12-19-at-10.25.30-1024x460.jpeg 1024w, https:\/\/atecordoba.org\/wp-content\/uploads\/2023\/12\/WhatsApp-Image-2023-12-19-at-10.25.30-300x135.jpeg 300w, https:\/\/atecordoba.org\/wp-content\/uploads\/2023\/12\/WhatsApp-Image-2023-12-19-at-10.25.30-768x345.jpeg 768w, https:\/\/atecordoba.org\/wp-content\/uploads\/2023\/12\/WhatsApp-Image-2023-12-19-at-10.25.30-750x337.jpeg 750w, https:\/\/atecordoba.org\/wp-content\/uploads\/2023\/12\/WhatsApp-Image-2023-12-19-at-10.25.30-1140x512.jpeg 1140w, https:\/\/atecordoba.org\/wp-content\/uploads\/2023\/12\/WhatsApp-Image-2023-12-19-at-10.25.30.jpeg 1280w\" sizes=\"auto, (max-width: 768px) 100vw, 768px\" \/><\/figure>\n<\/div>\n\n\n<p>Conocida la situaci\u00f3n ATE se moviliz\u00f3 a las puertas de las Municipalidad, encabezada la protesta por secretario General de ATE C\u00f3rdoba, Federico Giuliani, para exigir la reincorporaci\u00f3n de las y los despedidos y para reclamar la continuidad de los servicios, toda vez que la comuna quedar\u00e1 pr\u00e1cticamente paralizada sin este personal. El dirigente ten\u00eda programada una audiencia con Contini en la ma\u00f1ana pero al llegar al lugar &#8220;nos encontramos con despidos masivos, hubo 80 desvinculaciones desde las 7 de la ma\u00f1ana\u201d.<\/p>\n\n\n\n<p>Una asamblea con las y los municipales&nbsp;tom\u00f3 la decisi\u00f3n de cortar media calzada de la ruta para visibilizar la situaci\u00f3n y al tiempo que ATE se declar\u00f3 en \u201cestado de alerta y movilizaci\u00f3n\u201d.<\/p>\n\n\n<div class=\"wp-block-image\">\n<figure class=\"aligncenter size-large is-resized\"><img loading=\"lazy\" decoding=\"async\" src=\"https:\/\/atecordoba.org\/wp-content\/uploads\/2023\/12\/WhatsApp-Image-2023-12-18-at-08.35.47-1-1024x460.jpeg\" alt=\"\" class=\"wp-image-40501\" width=\"768\" height=\"345\" srcset=\"https:\/\/atecordoba.org\/wp-content\/uploads\/2023\/12\/WhatsApp-Image-2023-12-18-at-08.35.47-1-1024x460.jpeg 1024w, https:\/\/atecordoba.org\/wp-content\/uploads\/2023\/12\/WhatsApp-Image-2023-12-18-at-08.35.47-1-300x135.jpeg 300w, https:\/\/atecordoba.org\/wp-content\/uploads\/2023\/12\/WhatsApp-Image-2023-12-18-at-08.35.47-1-768x345.jpeg 768w, https:\/\/atecordoba.org\/wp-content\/uploads\/2023\/12\/WhatsApp-Image-2023-12-18-at-08.35.47-1-750x337.jpeg 750w, https:\/\/atecordoba.org\/wp-content\/uploads\/2023\/12\/WhatsApp-Image-2023-12-18-at-08.35.47-1-1140x512.jpeg 1140w, https:\/\/atecordoba.org\/wp-content\/uploads\/2023\/12\/WhatsApp-Image-2023-12-18-at-08.35.47-1.jpeg 1280w\" sizes=\"auto, (max-width: 768px) 100vw, 768px\" \/><\/figure>\n<\/div>\n\n\n<p>Natalia Contini ya hab\u00eda anunciado al asumir que \u201cenfrentar\u00e9 las dificultades sin experiencia. Jam\u00e1s gobern\u00e9, ni yo ni mi equipo tenemos ni un solo d\u00eda de trabajo en la administraci\u00f3n p\u00fablica\u201d. Y el viernes dijo que no ten\u00eda plata, tras esgrimir una auditor\u00eda de la cual no hay demasiadas precisiones, pero el intendente saliente, Ram\u00f3n Zalazar, sali\u00f3 al cruce horas despu\u00e9s, argumentando que \u201cen todo pase de Gobierno hay una deuda flotante\u201d,&nbsp;y manifest\u00f3 que hay mucho dinero en acreencias, es decir, en deudas por cobrar de la municipalidad, quitando fundamento a la medida.<\/p>\n\n\n\n<p>En el marco de la protesta, el delegado de ATE Rodrigo Peralta <a href=\"https:\/\/atecordoba.org\/?p=40524\">fue atropellado con su auto por un funcionario <\/a>que estaba en el lugar, sufriendo un golpe en la rodilla.  El jefe del Corral\u00f3n Municipal Juan Monteverde termin\u00f3 denunciado por el hecho en la Comisaria local. <\/p>\n\n\n\n<p><strong>Reuni\u00f3n<\/strong><\/p>\n\n\n<div class=\"wp-block-image\">\n<figure class=\"alignleft size-full is-resized\"><img loading=\"lazy\" decoding=\"async\" src=\"https:\/\/atecordoba.org\/wp-content\/uploads\/2023\/12\/Natalia-Contini-concejal-Anisacate.jpg\" alt=\"\" class=\"wp-image-40502\" width=\"480\" height=\"360\" srcset=\"https:\/\/atecordoba.org\/wp-content\/uploads\/2023\/12\/Natalia-Contini-concejal-Anisacate.jpg 640w, https:\/\/atecordoba.org\/wp-content\/uploads\/2023\/12\/Natalia-Contini-concejal-Anisacate-300x225.jpg 300w\" sizes=\"auto, (max-width: 480px) 100vw, 480px\" \/><figcaption class=\"wp-element-caption\">La intendenta Contini,, autora de los 80 despidos. <\/figcaption><\/figure>\n<\/div>\n\n\n<p>Momentos despu\u00e9s,&nbsp;Giuliani&nbsp;mantuvo \u201cuna peque\u00f1a reuni\u00f3n\u201d con la Intendenta pero  ante los acontecimientos cambi\u00f3 \u201cla sinton\u00eda de la audiencia\u201d.&nbsp;<\/p>\n\n\n\n<p>\u201cLa note desorientada y soberbia, alguien que reci\u00e9n entra al municipio har\u00eda un mapeo general de las \u00e1reas, tratar\u00eda de conocer a los trabajadores, sus funciones, la antig\u00fcedad, en estos 80 despidos hay trabajadores que tienen 5 a\u00f1os de antig\u00fcedad\u201d, explic\u00f3 el dirigente.<\/p>\n\n\n\n<p>Y agreg\u00f3: \u201cLe dijimos que los trabajadores no son una planilla de Excel. \u00bfCu\u00e1nto dinero puede ahorrar la comuna con estos despidos de trabajadores y trabajadoras que cobran cien mil pesos?&nbsp;Natalia Contini&nbsp;gan\u00f3 por&nbsp;Juntos por el Cambio&nbsp;que es una fuerza que se ali\u00f3 con&nbsp;Javier Milei&nbsp;y hablaban del ajuste a la casta pol\u00edtica; hasta ahora no hemos visto que en esta municipalidad se ajuste a la casta pero s\u00ed a los trabajadores\u201d.&nbsp;<\/p>\n\n\n\n<p>De esta manera, manifest\u00f3&nbsp;Giuliani, \u201cse da de baja entre el 30 y 40% de la planta municipal\u201d, al tiempo que responsabiliz\u00f3 a la intendenta por cualquier situaci\u00f3n que pase en las distintas \u00e1reas donde no hay trabajadores: \u201cAhora no hay chofer de ambulancia porque fue despedido y no hay nadie que lo reemplace, es una situaci\u00f3n lamentable y ella es la \u00fanica responsable\u201d.<\/p>\n\n\n\n<p><strong>Nuevas protestas<\/strong><\/p>\n\n\n\n<p>Hoy ATE se moviliz\u00f3 nuevamente, esta vez cortando media calzada de la ruta 5 en el ingreso a la en la localidad. El secretario Gremial de ATE C\u00f3rdoba, Jorge Chalup, ratific\u00f3 que contin\u00faa el conflicto si no hay respuestas al planteo de las reincorporaciones. <\/p>\n\n\n\n<p>La intendenta Contini trascendi\u00f3 en los medios hegem\u00f3nicos al difundir su primer proyecto: desplazar una estatua del ex Presidente Nestor Kirchner por otra del m\u00e9dico Ren\u00e9 Favaloro. <\/p>\n\n\n\n<p>La Municipalidad de Anisacate permaneci\u00f3 cerrada durante tres d\u00edas por orden de&nbsp;Natalia Contini&nbsp;para realizar una auditor\u00eda de todas las \u00e1reas.&nbsp;Esa auditor\u00eda fue \u201cen malos tratos\u201d y \u201ccon mucha violencia verbal\u201d, seg\u00fan relatan los compa\u00f1eros municipales.&nbsp;<\/p>\n\n\n\n<p>\u201cSabemos que hay gente de esta gesti\u00f3n que viene del Servicio Penitenciario y la Polic\u00eda Federal y est\u00e1n acostumbrados al manejo de gente de otra manera, a los trabajadores se les hizo un interrogatorio con un cuestionario. Ellos saben que los trabajadores que han despedido no son \u00f1oquis, ella sabe quienes trabajan ac\u00e1 todos los d\u00edas\u201d, puntualiz\u00f3 Giuliani.<\/p>\n\n\n\n<figure class=\"wp-block-gallery has-nested-images columns-default is-cropped wp-block-gallery-1 is-layout-flex wp-block-gallery-is-layout-flex\">\n<figure class=\"wp-block-image size-large\"><img loading=\"lazy\" decoding=\"async\" width=\"1024\" height=\"576\" data-id=\"40504\" src=\"https:\/\/atecordoba.org\/wp-content\/uploads\/2023\/12\/WhatsApp-Image-2023-12-18-at-08.38.50-1024x576.jpeg\" alt=\"\" class=\"wp-image-40504\" srcset=\"https:\/\/atecordoba.org\/wp-content\/uploads\/2023\/12\/WhatsApp-Image-2023-12-18-at-08.38.50-1024x576.jpeg 1024w, https:\/\/atecordoba.org\/wp-content\/uploads\/2023\/12\/WhatsApp-Image-2023-12-18-at-08.38.50-300x169.jpeg 300w, https:\/\/atecordoba.org\/wp-content\/uploads\/2023\/12\/WhatsApp-Image-2023-12-18-at-08.38.50-768x432.jpeg 768w, https:\/\/atecordoba.org\/wp-content\/uploads\/2023\/12\/WhatsApp-Image-2023-12-18-at-08.38.50-1536x864.jpeg 1536w, https:\/\/atecordoba.org\/wp-content\/uploads\/2023\/12\/WhatsApp-Image-2023-12-18-at-08.38.50-750x422.jpeg 750w, https:\/\/atecordoba.org\/wp-content\/uploads\/2023\/12\/WhatsApp-Image-2023-12-18-at-08.38.50-1140x641.jpeg 1140w, https:\/\/atecordoba.org\/wp-content\/uploads\/2023\/12\/WhatsApp-Image-2023-12-18-at-08.38.50.jpeg 1599w\" sizes=\"auto, (max-width: 1024px) 100vw, 1024px\" \/><\/figure>\n\n\n\n<figure class=\"wp-block-image size-large\"><img loading=\"lazy\" decoding=\"async\" width=\"1024\" height=\"461\" data-id=\"40507\" src=\"https:\/\/atecordoba.org\/wp-content\/uploads\/2023\/12\/WhatsApp-Image-2023-12-19-at-10.25.33-1024x461.jpeg\" alt=\"\" class=\"wp-image-40507\" srcset=\"https:\/\/atecordoba.org\/wp-content\/uploads\/2023\/12\/WhatsApp-Image-2023-12-19-at-10.25.33-1024x461.jpeg 1024w, https:\/\/atecordoba.org\/wp-content\/uploads\/2023\/12\/WhatsApp-Image-2023-12-19-at-10.25.33-300x135.jpeg 300w, https:\/\/atecordoba.org\/wp-content\/uploads\/2023\/12\/WhatsApp-Image-2023-12-19-at-10.25.33-768x346.jpeg 768w, https:\/\/atecordoba.org\/wp-content\/uploads\/2023\/12\/WhatsApp-Image-2023-12-19-at-10.25.33-750x338.jpeg 750w, https:\/\/atecordoba.org\/wp-content\/uploads\/2023\/12\/WhatsApp-Image-2023-12-19-at-10.25.33-1140x513.jpeg 1140w, https:\/\/atecordoba.org\/wp-content\/uploads\/2023\/12\/WhatsApp-Image-2023-12-19-at-10.25.33.jpeg 1280w\" sizes=\"auto, (max-width: 1024px) 100vw, 1024px\" \/><\/figure>\n\n\n\n<figure class=\"wp-block-image size-large\"><img loading=\"lazy\" decoding=\"async\" width=\"1024\" height=\"460\" data-id=\"40503\" src=\"https:\/\/atecordoba.org\/wp-content\/uploads\/2023\/12\/WhatsApp-Image-2023-12-18-at-08.35.46-1-1024x460.jpeg\" alt=\"\" class=\"wp-image-40503\" srcset=\"https:\/\/atecordoba.org\/wp-content\/uploads\/2023\/12\/WhatsApp-Image-2023-12-18-at-08.35.46-1-1024x460.jpeg 1024w, https:\/\/atecordoba.org\/wp-content\/uploads\/2023\/12\/WhatsApp-Image-2023-12-18-at-08.35.46-1-300x135.jpeg 300w, https:\/\/atecordoba.org\/wp-content\/uploads\/2023\/12\/WhatsApp-Image-2023-12-18-at-08.35.46-1-768x345.jpeg 768w, https:\/\/atecordoba.org\/wp-content\/uploads\/2023\/12\/WhatsApp-Image-2023-12-18-at-08.35.46-1-750x337.jpeg 750w, https:\/\/atecordoba.org\/wp-content\/uploads\/2023\/12\/WhatsApp-Image-2023-12-18-at-08.35.46-1-1140x512.jpeg 1140w, https:\/\/atecordoba.org\/wp-content\/uploads\/2023\/12\/WhatsApp-Image-2023-12-18-at-08.35.46-1.jpeg 1280w\" sizes=\"auto, (max-width: 1024px) 100vw, 1024px\" \/><\/figure>\n\n\n\n<figure class=\"wp-block-image size-large\"><img loading=\"lazy\" decoding=\"async\" width=\"1024\" height=\"460\" data-id=\"40505\" src=\"https:\/\/atecordoba.org\/wp-content\/uploads\/2023\/12\/WhatsApp-Image-2023-12-18-at-08.35.46-2-1024x460.jpeg\" alt=\"\" class=\"wp-image-40505\" srcset=\"https:\/\/atecordoba.org\/wp-content\/uploads\/2023\/12\/WhatsApp-Image-2023-12-18-at-08.35.46-2-1024x460.jpeg 1024w, https:\/\/atecordoba.org\/wp-content\/uploads\/2023\/12\/WhatsApp-Image-2023-12-18-at-08.35.46-2-300x135.jpeg 300w, https:\/\/atecordoba.org\/wp-content\/uploads\/2023\/12\/WhatsApp-Image-2023-12-18-at-08.35.46-2-768x345.jpeg 768w, https:\/\/atecordoba.org\/wp-content\/uploads\/2023\/12\/WhatsApp-Image-2023-12-18-at-08.35.46-2-750x337.jpeg 750w, https:\/\/atecordoba.org\/wp-content\/uploads\/2023\/12\/WhatsApp-Image-2023-12-18-at-08.35.46-2-1140x512.jpeg 1140w, https:\/\/atecordoba.org\/wp-content\/uploads\/2023\/12\/WhatsApp-Image-2023-12-18-at-08.35.46-2.jpeg 1280w\" sizes=\"auto, (max-width: 1024px) 100vw, 1024px\" \/><\/figure>\n\n\n\n<figure class=\"wp-block-image size-large\"><img loading=\"lazy\" decoding=\"async\" width=\"768\" height=\"1024\" data-id=\"40508\" src=\"https:\/\/atecordoba.org\/wp-content\/uploads\/2023\/12\/WhatsApp-Image-2023-12-18-at-09.48.05-768x1024.jpeg\" alt=\"\" class=\"wp-image-40508\" srcset=\"https:\/\/atecordoba.org\/wp-content\/uploads\/2023\/12\/WhatsApp-Image-2023-12-18-at-09.48.05-768x1024.jpeg 768w, https:\/\/atecordoba.org\/wp-content\/uploads\/2023\/12\/WhatsApp-Image-2023-12-18-at-09.48.05-225x300.jpeg 225w, https:\/\/atecordoba.org\/wp-content\/uploads\/2023\/12\/WhatsApp-Image-2023-12-18-at-09.48.05-750x1000.jpeg 750w, https:\/\/atecordoba.org\/wp-content\/uploads\/2023\/12\/WhatsApp-Image-2023-12-18-at-09.48.05.jpeg 960w\" sizes=\"auto, (max-width: 768px) 100vw, 768px\" \/><\/figure>\n\n\n\n<figure class=\"wp-block-image size-large\"><img loading=\"lazy\" decoding=\"async\" width=\"1024\" height=\"576\" data-id=\"40506\" src=\"https:\/\/atecordoba.org\/wp-content\/uploads\/2023\/12\/WhatsApp-Image-2023-12-18-at-08.38.49-1024x576.jpeg\" alt=\"\" class=\"wp-image-40506\" srcset=\"https:\/\/atecordoba.org\/wp-content\/uploads\/2023\/12\/WhatsApp-Image-2023-12-18-at-08.38.49-1024x576.jpeg 1024w, https:\/\/atecordoba.org\/wp-content\/uploads\/2023\/12\/WhatsApp-Image-2023-12-18-at-08.38.49-300x169.jpeg 300w, https:\/\/atecordoba.org\/wp-content\/uploads\/2023\/12\/WhatsApp-Image-2023-12-18-at-08.38.49-768x432.jpeg 768w, https:\/\/atecordoba.org\/wp-content\/uploads\/2023\/12\/WhatsApp-Image-2023-12-18-at-08.38.49-1536x864.jpeg 1536w, https:\/\/atecordoba.org\/wp-content\/uploads\/2023\/12\/WhatsApp-Image-2023-12-18-at-08.38.49-750x422.jpeg 750w, https:\/\/atecordoba.org\/wp-content\/uploads\/2023\/12\/WhatsApp-Image-2023-12-18-at-08.38.49-1140x641.jpeg 1140w, https:\/\/atecordoba.org\/wp-content\/uploads\/2023\/12\/WhatsApp-Image-2023-12-18-at-08.38.49.jpeg 1600w\" sizes=\"auto, (max-width: 1024px) 100vw, 1024px\" \/><\/figure>\n\n\n\n<figure class=\"wp-block-image size-large\"><img loading=\"lazy\" decoding=\"async\" width=\"770\" height=\"1024\" data-id=\"40513\" src=\"https:\/\/atecordoba.org\/wp-content\/uploads\/2023\/12\/WhatsApp-Image-2023-12-19-at-10.25.35-770x1024.jpeg\" alt=\"\" class=\"wp-image-40513\" srcset=\"https:\/\/atecordoba.org\/wp-content\/uploads\/2023\/12\/WhatsApp-Image-2023-12-19-at-10.25.35-770x1024.jpeg 770w, https:\/\/atecordoba.org\/wp-content\/uploads\/2023\/12\/WhatsApp-Image-2023-12-19-at-10.25.35-226x300.jpeg 226w, https:\/\/atecordoba.org\/wp-content\/uploads\/2023\/12\/WhatsApp-Image-2023-12-19-at-10.25.35-768x1021.jpeg 768w, https:\/\/atecordoba.org\/wp-content\/uploads\/2023\/12\/WhatsApp-Image-2023-12-19-at-10.25.35-750x997.jpeg 750w, https:\/\/atecordoba.org\/wp-content\/uploads\/2023\/12\/WhatsApp-Image-2023-12-19-at-10.25.35.jpeg 963w\" sizes=\"auto, (max-width: 770px) 100vw, 770px\" \/><\/figure>\n\n\n\n<figure class=\"wp-block-image size-large\"><img loading=\"lazy\" decoding=\"async\" width=\"1024\" height=\"461\" data-id=\"40518\" src=\"https:\/\/atecordoba.org\/wp-content\/uploads\/2023\/12\/WhatsApp-Image-2023-12-19-at-11.52.50-1-1024x461.jpeg\" alt=\"\" class=\"wp-image-40518\" srcset=\"https:\/\/atecordoba.org\/wp-content\/uploads\/2023\/12\/WhatsApp-Image-2023-12-19-at-11.52.50-1-1024x461.jpeg 1024w, https:\/\/atecordoba.org\/wp-content\/uploads\/2023\/12\/WhatsApp-Image-2023-12-19-at-11.52.50-1-300x135.jpeg 300w, https:\/\/atecordoba.org\/wp-content\/uploads\/2023\/12\/WhatsApp-Image-2023-12-19-at-11.52.50-1-768x346.jpeg 768w, https:\/\/atecordoba.org\/wp-content\/uploads\/2023\/12\/WhatsApp-Image-2023-12-19-at-11.52.50-1-750x338.jpeg 750w, https:\/\/atecordoba.org\/wp-content\/uploads\/2023\/12\/WhatsApp-Image-2023-12-19-at-11.52.50-1-1140x513.jpeg 1140w, https:\/\/atecordoba.org\/wp-content\/uploads\/2023\/12\/WhatsApp-Image-2023-12-19-at-11.52.50-1.jpeg 1280w\" sizes=\"auto, (max-width: 1024px) 100vw, 1024px\" \/><\/figure>\n\n\n\n<figure class=\"wp-block-image size-large\"><img loading=\"lazy\" decoding=\"async\" width=\"1024\" height=\"770\" data-id=\"40519\" src=\"https:\/\/atecordoba.org\/wp-content\/uploads\/2023\/12\/WhatsApp-Image-2023-12-19-at-11.52.52-2-1024x770.jpeg\" alt=\"\" class=\"wp-image-40519\" srcset=\"https:\/\/atecordoba.org\/wp-content\/uploads\/2023\/12\/WhatsApp-Image-2023-12-19-at-11.52.52-2-1024x770.jpeg 1024w, https:\/\/atecordoba.org\/wp-content\/uploads\/2023\/12\/WhatsApp-Image-2023-12-19-at-11.52.52-2-300x226.jpeg 300w, https:\/\/atecordoba.org\/wp-content\/uploads\/2023\/12\/WhatsApp-Image-2023-12-19-at-11.52.52-2-768x578.jpeg 768w, https:\/\/atecordoba.org\/wp-content\/uploads\/2023\/12\/WhatsApp-Image-2023-12-19-at-11.52.52-2-750x564.jpeg 750w, https:\/\/atecordoba.org\/wp-content\/uploads\/2023\/12\/WhatsApp-Image-2023-12-19-at-11.52.52-2-1140x858.jpeg 1140w, https:\/\/atecordoba.org\/wp-content\/uploads\/2023\/12\/WhatsApp-Image-2023-12-19-at-11.52.52-2.jpeg 1280w\" sizes=\"auto, (max-width: 1024px) 100vw, 1024px\" \/><\/figure>\n\n\n\n<figure class=\"wp-block-image size-large\"><img loading=\"lazy\" decoding=\"async\" width=\"1024\" height=\"461\" data-id=\"40520\" src=\"https:\/\/atecordoba.org\/wp-content\/uploads\/2023\/12\/WhatsApp-Image-2023-12-19-at-11.52.52-1024x461.jpeg\" alt=\"\" class=\"wp-image-40520\" srcset=\"https:\/\/atecordoba.org\/wp-content\/uploads\/2023\/12\/WhatsApp-Image-2023-12-19-at-11.52.52-1024x461.jpeg 1024w, https:\/\/atecordoba.org\/wp-content\/uploads\/2023\/12\/WhatsApp-Image-2023-12-19-at-11.52.52-300x135.jpeg 300w, https:\/\/atecordoba.org\/wp-content\/uploads\/2023\/12\/WhatsApp-Image-2023-12-19-at-11.52.52-768x346.jpeg 768w, https:\/\/atecordoba.org\/wp-content\/uploads\/2023\/12\/WhatsApp-Image-2023-12-19-at-11.52.52-750x338.jpeg 750w, https:\/\/atecordoba.org\/wp-content\/uploads\/2023\/12\/WhatsApp-Image-2023-12-19-at-11.52.52-1140x513.jpeg 1140w, https:\/\/atecordoba.org\/wp-content\/uploads\/2023\/12\/WhatsApp-Image-2023-12-19-at-11.52.52.jpeg 1280w\" sizes=\"auto, (max-width: 1024px) 100vw, 1024px\" \/><\/figure>\n\n\n\n<figure class=\"wp-block-image size-large\"><img loading=\"lazy\" decoding=\"async\" width=\"1024\" height=\"461\" data-id=\"40522\" src=\"https:\/\/atecordoba.org\/wp-content\/uploads\/2023\/12\/WhatsApp-Image-2023-12-19-at-11.52.53-1024x461.jpeg\" alt=\"\" class=\"wp-image-40522\" srcset=\"https:\/\/atecordoba.org\/wp-content\/uploads\/2023\/12\/WhatsApp-Image-2023-12-19-at-11.52.53-1024x461.jpeg 1024w, https:\/\/atecordoba.org\/wp-content\/uploads\/2023\/12\/WhatsApp-Image-2023-12-19-at-11.52.53-300x135.jpeg 300w, https:\/\/atecordoba.org\/wp-content\/uploads\/2023\/12\/WhatsApp-Image-2023-12-19-at-11.52.53-768x346.jpeg 768w, https:\/\/atecordoba.org\/wp-content\/uploads\/2023\/12\/WhatsApp-Image-2023-12-19-at-11.52.53-750x338.jpeg 750w, https:\/\/atecordoba.org\/wp-content\/uploads\/2023\/12\/WhatsApp-Image-2023-12-19-at-11.52.53-1140x513.jpeg 1140w, https:\/\/atecordoba.org\/wp-content\/uploads\/2023\/12\/WhatsApp-Image-2023-12-19-at-11.52.53.jpeg 1280w\" sizes=\"auto, (max-width: 1024px) 100vw, 1024px\" \/><\/figure>\n\n\n\n<figure class=\"wp-block-image size-large\"><img loading=\"lazy\" decoding=\"async\" width=\"1024\" height=\"461\" data-id=\"40521\" src=\"https:\/\/atecordoba.org\/wp-content\/uploads\/2023\/12\/WhatsApp-Image-2023-12-19-at-11.52.53-2-1024x461.jpeg\" alt=\"\" class=\"wp-image-40521\" srcset=\"https:\/\/atecordoba.org\/wp-content\/uploads\/2023\/12\/WhatsApp-Image-2023-12-19-at-11.52.53-2-1024x461.jpeg 1024w, https:\/\/atecordoba.org\/wp-content\/uploads\/2023\/12\/WhatsApp-Image-2023-12-19-at-11.52.53-2-300x135.jpeg 300w, https:\/\/atecordoba.org\/wp-content\/uploads\/2023\/12\/WhatsApp-Image-2023-12-19-at-11.52.53-2-768x346.jpeg 768w, https:\/\/atecordoba.org\/wp-content\/uploads\/2023\/12\/WhatsApp-Image-2023-12-19-at-11.52.53-2-750x338.jpeg 750w, https:\/\/atecordoba.org\/wp-content\/uploads\/2023\/12\/WhatsApp-Image-2023-12-19-at-11.52.53-2-1140x513.jpeg 1140w, https:\/\/atecordoba.org\/wp-content\/uploads\/2023\/12\/WhatsApp-Image-2023-12-19-at-11.52.53-2.jpeg 1280w\" sizes=\"auto, (max-width: 1024px) 100vw, 1024px\" \/><\/figure>\n<\/figure>\n\n\n\n<p> <\/p>\n\n\n\n<p><\/p>\n","protected":false},"excerpt":{"rendered":"<p>ATE se moviliz\u00f3 en la localidad de Anisacate al conocerse ayer que la nueva intendenta Natalia Contini, de Juntos por el Cambio, comenz\u00f3 su gesti\u00f3n con el despido de 80 trabajadores y trabajadores. Se trata de personal que est\u00e1 en blanco y contratado y se enter\u00f3 el lunes a primera hora, cuando quisieron ingresar a [&hellip;]<\/p>\n","protected":false},"author":7,"featured_media":40499,"comment_status":"open","ping_status":"open","sticky":false,"template":"","format":"standard","meta":{"_exactmetrics_skip_tracking":false,"_exactmetrics_sitenote_active":false,"_exactmetrics_sitenote_note":"","_exactmetrics_sitenote_category":0,"jnews-multi-image_gallery":[],"jnews_single_post":{"subtitle":"Los despidos se conocieron ayer por la ma\u00f1ana cuando las y los trabajadores no pudieron ingresar a su lugar de trabajo. Un funcionario atropell\u00f3 con su auto al delegado de ATE Rodrigo Peralta. ","format":"standard","video":"","gallery":"","source_name":"","source_url":"","via_name":"","via_url":"","override_template":"0","override":[{"template":"1","single_blog_custom":"","parallax":"1","fullscreen":"1","layout":"no-sidebar-narrow","sidebar":"default-sidebar","second_sidebar":"default-sidebar","sticky_sidebar":"1","share_position":"bottom","share_float_style":"share-monocrhome","show_share_counter":"1","show_view_counter":"1","show_featured":"0","show_post_meta":"1","show_post_author":"0","show_post_author_image":"1","show_post_date":"1","post_date_format":"default","post_date_format_custom":"Y\/m\/d","show_post_category":"1","show_post_reading_time":"0","post_reading_time_wpm":"300","show_zoom_button":"0","zoom_button_out_step":"2","zoom_button_in_step":"3","show_post_tag":"1","show_prev_next_post":"0","show_popup_post":"0","number_popup_post":"1","show_author_box":"0","show_post_related":"1","show_inline_post_related":"0"}],"override_image_size":"0","image_override":[{"single_post_thumbnail_size":"crop-500","single_post_gallery_size":"crop-500"}],"trending_post":"0","trending_post_position":"meta","trending_post_label":"Trending","sponsored_post":"0","sponsored_post_label":"Sponsored by","sponsored_post_name":"","sponsored_post_url":"","sponsored_post_logo_enable":"0","sponsored_post_logo":"","sponsored_post_desc":"","disable_ad":"0"},"jnews_primary_category":{"id":"","hide":""},"jnews_social_meta":{"fb_title":"","fb_description":"","fb_image":"","twitter_title":"","twitter_description":"","twitter_image":""},"jnews_review":[],"enable_review":"0","type":"percentage","name":"","summary":"","brand":"","sku":"","good":[{"good_text":""}],"bad":[{"bad_text":""}],"score_override":"","override_value":"","rating":[{"rating_text":"","rating_number":"10"}],"price":[{"shop":"","price":"","link":"","icon":""}],"jnews_override_counter":{"override_view_counter":"0","view_counter_number":"0","override_share_counter":"0","share_counter_number":"0","override_like_counter":"0","like_counter_number":"0","override_dislike_counter":"0","dislike_counter_number":"0"},"jnews_post_split":{"enable_post_split":"0","post_split":[{"template":"1","tag":"h2","numbering":"asc","mode":"normal","first":"0","enable_toc":"0","toc_type":"normal"}]},"footnotes":""},"categories":[20],"tags":[],"class_list":["post-40498","post","type-post","status-publish","format-standard","has-post-thumbnail","hentry","category-municipales"],"jetpack_featured_media_url":"https:\/\/atecordoba.org\/wp-content\/uploads\/2023\/12\/WhatsApp-Image-2023-12-19-at-10.25.36-e1702997856812.jpeg","_links":{"self":[{"href":"https:\/\/atecordoba.org\/index.php?rest_route=\/wp\/v2\/posts\/40498","targetHints":{"allow":["GET"]}}],"collection":[{"href":"https:\/\/atecordoba.org\/index.php?rest_route=\/wp\/v2\/posts"}],"about":[{"href":"https:\/\/atecordoba.org\/index.php?rest_route=\/wp\/v2\/types\/post"}],"author":[{"embeddable":true,"href":"https:\/\/atecordoba.org\/index.php?rest_route=\/wp\/v2\/users\/7"}],"replies":[{"embeddable":true,"href":"https:\/\/atecordoba.org\/index.php?rest_route=%2Fwp%2Fv2%2Fcomments&post=40498"}],"version-history":[{"count":3,"href":"https:\/\/atecordoba.org\/index.php?rest_route=\/wp\/v2\/posts\/40498\/revisions"}],"predecessor-version":[{"id":40548,"href":"https:\/\/atecordoba.org\/index.php?rest_route=\/wp\/v2\/posts\/40498\/revisions\/40548"}],"wp:featuredmedia":[{"embeddable":true,"href":"https:\/\/atecordoba.org\/index.php?rest_route=\/wp\/v2\/media\/40499"}],"wp:attachment":[{"href":"https:\/\/atecordoba.org\/index.php?rest_route=%2Fwp%2Fv2%2Fmedia&parent=40498"}],"wp:term":[{"taxonomy":"category","embeddable":true,"href":"https:\/\/atecordoba.org\/index.php?rest_route=%2Fwp%2Fv2%2Fcategories&post=40498"},{"taxonomy":"post_tag","embeddable":true,"href":"https:\/\/atecordoba.org\/index.php?rest_route=%2Fwp%2Fv2%2Ftags&post=40498"}],"curies":[{"name":"wp","href":"https:\/\/api.w.org\/{rel}","templated":true}]}}