{"id":40494,"date":"2023-12-19T10:13:51","date_gmt":"2023-12-19T13:13:51","guid":{"rendered":"https:\/\/atecordoba.org\/?p=40494"},"modified":"2023-12-19T10:13:52","modified_gmt":"2023-12-19T13:13:52","slug":"19-y-20-pocho-lepratti-presente-ahora-y-siempre","status":"publish","type":"post","link":"https:\/\/atecordoba.org\/?p=40494","title":{"rendered":"19 y 20: \u201cPocho\u201d Lepratti presente, ahora y siempre"},"content":{"rendered":"<div class=\"wp-block-image\">\n<figure class=\"alignleft size-full\"><img decoding=\"async\" src=\"https:\/\/atecordoba.org\/wp-content\/uploads\/2023\/12\/pocholepratti.png\" alt=\"\" class=\"wp-image-40495\" \/><\/figure>\n<\/div>\n\n\n<p>\u201cLa CTA Aut\u00f3noma de la provincia de C\u00f3rdoba, en esta etapa signada por el ajuste, la criminalizaci\u00f3n de la protesta social y los ataques olig\u00e1rquicos contra el pueblo trabajador, recuerda y rinde homenaje al militante popular Claudio \u2018Pocho\u2019 Lepratti, a 22 a\u00f1os de su asesinato el 19 de diciembre de 2001 a manos de la \u2018maldita\u2019 polic\u00eda santafecina en la ciudad de Rosario\u201d, se\u00f1ala un comunicado de prensa.<\/p>\n\n\n\n<p>Para la Central, \u201ces fundamental mantener viva la memoria y acrecentar los procesos unitarios, de organizaci\u00f3n y poder comunitario, al conmemorarse un nuevo aniversario de la rebeli\u00f3n popular acaecida el 19 y 20 de diciembre de 2001 que termin\u00f3 con el Gobierno de la Alianza de Fernando De la R\u00faa y Domingo Cavallo y que dej\u00f3 el saldo de 39 personas asesinadas en todo el pa\u00eds, tres de ellas en C\u00f3rdoba\u201d.<\/p>\n\n\n\n<p>\u201cA nosotros, \u2018Pocho\u2019 nos representa cabalmente porque era alguien muy comprometido con la militancia, con los derechos que nos corresponden a cada uno, fundamentalmente con la ni\u00f1ez\u201d, se\u00f1ala la nota.<\/p>\n\n\n\n<p>Y agrega: \u201cEs nuestra tarea reivindicar la figura de \u2018Pocho\u2019 Lepratti como militante integral, pedir justicia, rechazar la impunidad y renovar el compromiso de luchar por las causas nobles y solidarias. \u2018Pocho\u2019 vive, crece y se multiplica entre nosotros\u201d.<\/p>\n\n\n\n<p>\u201cEs conocida la forma en la que mataron a \u2018Pocho\u2019, aquel disparo certero a su garganta cuando el 19 de diciembre de 2001 grit\u00f3 a la patrulla policial: \u2018\u00a1Bajen las armas, aqu\u00ed solo hay pibes comiendo!\u2019. 22 a\u00f1os despu\u00e9s de la represi\u00f3n montada por un Gobierno Antipopular y Antinacional como el actual, reivindicamos los mismos ideales de lucha y resistencia\u201d, concluye la declaraci\u00f3n de la CTA Aut\u00f3noma C\u00f3rdoba.<\/p>\n\n\n\n<p><strong>Qui\u00e9n fue Pocho Lepratti<\/strong><\/p>\n\n\n\n<p>Claudio \u201cPocho\u201d Lepratti naci\u00f3 el 27 de febrero de 1966 en Concepci\u00f3n del Uruguay (Entre R\u00edos). Hijo mayor de Orlando Lepratti y Dalis Bel, quienes tuvieron cinco hijos m\u00e1s.<\/p>\n\n\n\n<p>Curs\u00f3 la escuela primaria y secundaria en Concepci\u00f3n del Uruguay. Entre 1983 y 1985 estudi\u00f3 Derecho en la Universidad Nacional del Litoral como alumno libre.<\/p>\n\n\n\n<p>En 1986 ingres\u00f3 como seminarista en el Instituto Salesiano de la localidad de F\u00fanes, unos 15 kil\u00f3metros al oeste de Rosario y elige la carrera religiosa de \u201chermano coadjutor\u201d.<\/p>\n\n\n<div class=\"wp-block-image\">\n<figure class=\"alignright size-full\"><img loading=\"lazy\" decoding=\"async\" width=\"640\" height=\"360\" src=\"https:\/\/atecordoba.org\/wp-content\/uploads\/2023\/12\/pocholepratti2.png\" alt=\"\" class=\"wp-image-40496\" srcset=\"https:\/\/atecordoba.org\/wp-content\/uploads\/2023\/12\/pocholepratti2.png 640w, https:\/\/atecordoba.org\/wp-content\/uploads\/2023\/12\/pocholepratti2-300x169.png 300w\" sizes=\"auto, (max-width: 640px) 100vw, 640px\" \/><\/figure>\n<\/div>\n\n\n<p>En 1991 abandon\u00f3 el Seminario, fijando su domicilio primero en el barrio Empalme Graneros y un a\u00f1o despu\u00e9s en el humilde barrio Ludue\u00f1a, en Rosario, acerc\u00e1ndose a colaborar en la tarea de contenci\u00f3n social de los adolescentes del barrio, donde comenz\u00f3 a participar activamente de las organizaciones de base, que durante m\u00e1s de veinte a\u00f1os promovi\u00f3 el Padre Edgardo Montaldo.<\/p>\n\n\n\n<p>Particip\u00f3 y promovi\u00f3 la formaci\u00f3n en m\u00e1s de veinte grupos de ni\u00f1os y j\u00f3venes de las barriadas populares de Rosario. Adem\u00e1s participaba activamente como delegado de base de la Asociaci\u00f3n Trabajadores del Estado (ATE) de Rosario y como Congresal de la CTA-Rosario.<\/p>\n\n\n\n<p>A fines de 2001, \u201cPocho\u201d Lepratti trabajaba como auxiliar de cocina en el comedor de la Escuela N\u00ba 756 \u201cJos\u00e9 M. Serrano\u201d de Las Flores, un humilde barrio en el sudoeste rosarino. El 19 de diciembre, en medio de la crisis que culminar\u00eda con la ca\u00edda del ex-Presidente Fernando de la R\u00faa, varios polic\u00edas comenzaron a disparar en el fondo de la escuela. Lepratti subi\u00f3 al techo para defender a los menores que en su interior se encontraban comiendo. Se asom\u00f3 gritando: \u201c\u00a1Hijos de puta, no tiren que hay pibes comiendo!\u201d. El uniformado Esteban Vel\u00e1zquez hizo fuego con su escopeta Itaka, con balas de plomo acert\u00e1ndole una de ellas en la tr\u00e1quea, lo que motiv\u00f3 su procesamiento y posterior condena a 14 a\u00f1os de prisi\u00f3n por el juez de Sentencia N\u00ba3, Ernesto Genesio, con el cargo de homicidio agravado por el uso de arma, aunque al poco tiempo el asesino sali\u00f3 en libertad.<\/p>\n\n\n\n<p>Desde ese momento, Lepratti se convirti\u00f3 en s\u00edmbolo de la resistencia de los sectores populares contra el revanchismo olig\u00e1rquico y en un ejemplo de lucha y entrega por la Justicia Social<\/p>\n","protected":false},"excerpt":{"rendered":"<p>\u201cLa CTA Aut\u00f3noma de la provincia de C\u00f3rdoba, en esta etapa signada por el ajuste, la criminalizaci\u00f3n de la protesta social y los ataques olig\u00e1rquicos contra el pueblo trabajador, recuerda y rinde homenaje al militante popular Claudio \u2018Pocho\u2019 Lepratti, a 22 a\u00f1os de su asesinato el 19 de diciembre de 2001 a manos de la [&hellip;]<\/p>\n","protected":false},"author":7,"featured_media":40495,"comment_status":"open","ping_status":"open","sticky":false,"template":"","format":"standard","meta":{"_exactmetrics_skip_tracking":false,"_exactmetrics_sitenote_active":false,"_exactmetrics_sitenote_note":"","_exactmetrics_sitenote_category":0,"jnews-multi-image_gallery":[],"jnews_single_post":{"subtitle":"Para la Central, \u201ces fundamental mantener viva la memoria y acrecentar los procesos unitarios, de organizaci\u00f3n y poder comunitario, al conmemorarse un nuevo aniversario de la rebeli\u00f3n popular acaecida el 19 y 20 de diciembre de 2001.","format":"standard","video":"","gallery":"","source_name":"","source_url":"","via_name":"","via_url":"","override_template":"0","override":[{"template":"1","single_blog_custom":"","parallax":"1","fullscreen":"1","layout":"no-sidebar-narrow","sidebar":"default-sidebar","second_sidebar":"default-sidebar","sticky_sidebar":"1","share_position":"bottom","share_float_style":"share-monocrhome","show_share_counter":"1","show_view_counter":"1","show_featured":"0","show_post_meta":"1","show_post_author":"0","show_post_author_image":"1","show_post_date":"1","post_date_format":"default","post_date_format_custom":"Y\/m\/d","show_post_category":"1","show_post_reading_time":"0","post_reading_time_wpm":"300","show_zoom_button":"0","zoom_button_out_step":"2","zoom_button_in_step":"3","show_post_tag":"1","show_prev_next_post":"0","show_popup_post":"0","number_popup_post":"1","show_author_box":"0","show_post_related":"1","show_inline_post_related":"0"}],"override_image_size":"0","image_override":[{"single_post_thumbnail_size":"crop-500","single_post_gallery_size":"crop-500"}],"trending_post":"0","trending_post_position":"meta","trending_post_label":"Trending","sponsored_post":"0","sponsored_post_label":"Sponsored by","sponsored_post_name":"","sponsored_post_url":"","sponsored_post_logo_enable":"0","sponsored_post_logo":"","sponsored_post_desc":"","disable_ad":"0"},"jnews_primary_category":{"id":"","hide":""},"jnews_social_meta":{"fb_title":"","fb_description":"","fb_image":"","twitter_title":"","twitter_description":"","twitter_image":""},"jnews_review":[],"enable_review":"0","type":"percentage","name":"","summary":"","brand":"","sku":"","good":[{"good_text":""}],"bad":[{"bad_text":""}],"score_override":"","override_value":"","rating":[{"rating_text":"","rating_number":"10"}],"price":[{"shop":"","price":"","link":"","icon":""}],"jnews_override_counter":{"override_view_counter":"0","view_counter_number":"0","override_share_counter":"0","share_counter_number":"0","override_like_counter":"0","like_counter_number":"0","override_dislike_counter":"0","dislike_counter_number":"0"},"jnews_post_split":{"enable_post_split":"0","post_split":[{"template":"1","tag":"h2","numbering":"asc","mode":"normal","first":"0","enable_toc":"0","toc_type":"normal"}]},"footnotes":""},"categories":[92],"tags":[],"class_list":["post-40494","post","type-post","status-publish","format-standard","has-post-thumbnail","hentry","category-cta"],"jetpack_featured_media_url":"https:\/\/atecordoba.org\/wp-content\/uploads\/2023\/12\/pocholepratti-e1702991625164.png","_links":{"self":[{"href":"https:\/\/atecordoba.org\/index.php?rest_route=\/wp\/v2\/posts\/40494","targetHints":{"allow":["GET"]}}],"collection":[{"href":"https:\/\/atecordoba.org\/index.php?rest_route=\/wp\/v2\/posts"}],"about":[{"href":"https:\/\/atecordoba.org\/index.php?rest_route=\/wp\/v2\/types\/post"}],"author":[{"embeddable":true,"href":"https:\/\/atecordoba.org\/index.php?rest_route=\/wp\/v2\/users\/7"}],"replies":[{"embeddable":true,"href":"https:\/\/atecordoba.org\/index.php?rest_route=%2Fwp%2Fv2%2Fcomments&post=40494"}],"version-history":[{"count":1,"href":"https:\/\/atecordoba.org\/index.php?rest_route=\/wp\/v2\/posts\/40494\/revisions"}],"predecessor-version":[{"id":40497,"href":"https:\/\/atecordoba.org\/index.php?rest_route=\/wp\/v2\/posts\/40494\/revisions\/40497"}],"wp:featuredmedia":[{"embeddable":true,"href":"https:\/\/atecordoba.org\/index.php?rest_route=\/wp\/v2\/media\/40495"}],"wp:attachment":[{"href":"https:\/\/atecordoba.org\/index.php?rest_route=%2Fwp%2Fv2%2Fmedia&parent=40494"}],"wp:term":[{"taxonomy":"category","embeddable":true,"href":"https:\/\/atecordoba.org\/index.php?rest_route=%2Fwp%2Fv2%2Fcategories&post=40494"},{"taxonomy":"post_tag","embeddable":true,"href":"https:\/\/atecordoba.org\/index.php?rest_route=%2Fwp%2Fv2%2Ftags&post=40494"}],"curies":[{"name":"wp","href":"https:\/\/api.w.org\/{rel}","templated":true}]}}