{"id":4047,"date":"2014-04-15T19:38:06","date_gmt":"2014-04-15T22:38:06","guid":{"rendered":"http:\/\/www.atecordoba.org\/?p=4047"},"modified":"2014-04-15T19:38:06","modified_gmt":"2014-04-15T22:38:06","slug":"paritaria-nacional-manana-jornada-de-protesta-en-todos-los-sectores-del-estado-nacional","status":"publish","type":"post","link":"https:\/\/atecordoba.org\/?p=4047","title":{"rendered":"Paritaria Nacional: ma\u00f1ana, jornada de protesta en todos los sectores del Estado nacional"},"content":{"rendered":"<p><em>Con paros, asambleas y diversas modalidades de protesta, ma\u00f1ana ATE llevar\u00e1 a cabo una jornada de protesta en todo el pa\u00eds, en el marco de la paritaria de los trabajadores del Estado nacional. La medida de fuerza se realizar\u00e1 por 24 horas, a partir de las 0 horas de ma\u00f1ana mi\u00e9rcoles 16 de abril.<\/em><\/p>\n<figure id=\"attachment_4048\" aria-describedby=\"caption-attachment-4048\" style=\"width: 560px\" class=\"wp-caption aligncenter\"><a href=\"http:\/\/www.atecordoba.org\/wp-content\/uploads\/2014\/04\/paro-16-de-abril_plenario-de-delegados-nacionales-e1397601235164.jpg\"><img loading=\"lazy\" decoding=\"async\" class=\" wp-image-4048\" alt=\"paro 16 de abril_plenario de delegados nacionales\" src=\"http:\/\/www.atecordoba.org\/wp-content\/uploads\/2014\/04\/paro-16-de-abril_plenario-de-delegados-nacionales-e1397601235164.jpg\" width=\"560\" height=\"372\" \/><\/a><figcaption id=\"caption-attachment-4048\" class=\"wp-caption-text\">Plenario de delegados nacionales resolvi\u00f3 el paro en la sede de ATE, en Buenos Aires.<\/figcaption><\/figure>\n<p>En C\u00f3rdoba est\u00e1 previsto que cada sector instrumente la jornada de protesta conforme lo que resuelvan los compa\u00f1eros. Por caso, Anses, Pami y los controladores a\u00e9reos de la Administraci\u00f3n Nacional de Aviaci\u00f3n Civil (ANAC) del Aeropuerto C\u00f3rdoba realizar\u00e1n asambleas que afectar\u00e1n el funcionamiento de dichas reparticiones. Lo mismo suceder\u00e1 en las f\u00e1bricas militares de R\u00edo Tercero y Villa Mar\u00eda. En tanto, en el Personal Civil de las Fuerzas Armdas y el Instituto Obra Social del Ej\u00e9rcito (IOSE), el paro ser\u00e1 total.<\/p>\n<p>La medida de fuerza obedece al reclamo por:<\/p>\n<ul>\n<li>Paritarias libres y sin techo<\/li>\n<li>Salario m\u00ednimo de 9000 pesos<\/li>\n<li>Pase a planta de todos los trabajadores precarizados<\/li>\n<\/ul>\n<p>En la ciudad de Buenos Aires est\u00e1 previsto realizar una movilizaci\u00f3n, a las 13 horas, desde Av. de Mayo y Av. 9 de Julio, para \u00a0marchar hacia el Ministerio de Econom\u00eda de la Naci\u00f3n.<\/p>\n<p>&nbsp;<\/p>\n<p align=\"right\">Mar\u00eda Teresa Romero<\/p>\n<p align=\"right\">Secretaria General<\/p>\n<p align=\"right\">ATE C\u00f3rdoba<\/p>\n","protected":false},"excerpt":{"rendered":"<p>Con paros, asambleas y diversas modalidades de protesta, ma\u00f1ana ATE llevar\u00e1 a cabo una jornada de protesta en todo el pa\u00eds, en el marco de la paritaria de los trabajadores del Estado nacional. La medida de fuerza se realizar\u00e1 por 24 horas, a partir de las 0 horas de ma\u00f1ana mi\u00e9rcoles 16 de abril. En [&hellip;]<\/p>\n","protected":false},"author":1,"featured_media":19220,"comment_status":"open","ping_status":"open","sticky":false,"template":"","format":"standard","meta":{"_exactmetrics_skip_tracking":false,"_exactmetrics_sitenote_active":false,"_exactmetrics_sitenote_note":"","_exactmetrics_sitenote_category":0,"jnews-multi-image_gallery":[],"jnews_single_post":[],"jnews_primary_category":[],"jnews_social_meta":[],"jnews_review":[],"enable_review":"","type":"","name":"","summary":"","brand":"","sku":"","good":[],"bad":[],"score_override":"","override_value":"","rating":[],"price":[],"jnews_override_counter":[],"jnews_post_split":[],"footnotes":""},"categories":[53,18],"tags":[],"class_list":["post-4047","post","type-post","status-publish","format-standard","has-post-thumbnail","hentry","category-comunicados-de-prensa","category-nacionales"],"jetpack_featured_media_url":"https:\/\/atecordoba.org\/wp-content\/uploads\/2020\/05\/logo-nuevochico-e1561581322808.png","_links":{"self":[{"href":"https:\/\/atecordoba.org\/index.php?rest_route=\/wp\/v2\/posts\/4047","targetHints":{"allow":["GET"]}}],"collection":[{"href":"https:\/\/atecordoba.org\/index.php?rest_route=\/wp\/v2\/posts"}],"about":[{"href":"https:\/\/atecordoba.org\/index.php?rest_route=\/wp\/v2\/types\/post"}],"author":[{"embeddable":true,"href":"https:\/\/atecordoba.org\/index.php?rest_route=\/wp\/v2\/users\/1"}],"replies":[{"embeddable":true,"href":"https:\/\/atecordoba.org\/index.php?rest_route=%2Fwp%2Fv2%2Fcomments&post=4047"}],"version-history":[{"count":0,"href":"https:\/\/atecordoba.org\/index.php?rest_route=\/wp\/v2\/posts\/4047\/revisions"}],"wp:featuredmedia":[{"embeddable":true,"href":"https:\/\/atecordoba.org\/index.php?rest_route=\/wp\/v2\/media\/19220"}],"wp:attachment":[{"href":"https:\/\/atecordoba.org\/index.php?rest_route=%2Fwp%2Fv2%2Fmedia&parent=4047"}],"wp:term":[{"taxonomy":"category","embeddable":true,"href":"https:\/\/atecordoba.org\/index.php?rest_route=%2Fwp%2Fv2%2Fcategories&post=4047"},{"taxonomy":"post_tag","embeddable":true,"href":"https:\/\/atecordoba.org\/index.php?rest_route=%2Fwp%2Fv2%2Ftags&post=4047"}],"curies":[{"name":"wp","href":"https:\/\/api.w.org\/{rel}","templated":true}]}}