{"id":40467,"date":"2023-12-18T10:39:17","date_gmt":"2023-12-18T13:39:17","guid":{"rendered":"https:\/\/atecordoba.org\/?p=40467"},"modified":"2023-12-18T10:39:17","modified_gmt":"2023-12-18T13:39:17","slug":"aguiar-la-situacion-no-da-para-mas-y-el-viernes-22-haremos-nuestra-primera-medida-de-fuerza","status":"publish","type":"post","link":"https:\/\/atecordoba.org\/?p=40467","title":{"rendered":"Aguiar: &#8220;La situaci\u00f3n no da para m\u00e1s y el viernes 22 haremos nuestra primera medida de fuerza&#8221;"},"content":{"rendered":"<div class=\"wp-block-image\">\n<figure class=\"aligncenter size-large is-resized\"><img loading=\"lazy\" decoding=\"async\" src=\"https:\/\/atecordoba.org\/wp-content\/uploads\/2023\/12\/AGUIAR_reunioncdn-1024x682.jpg\" alt=\"\" class=\"wp-image-40474\" width=\"768\" height=\"512\" \/><\/figure>\n<\/div>\n\n\n<p>El secretario General de ATE Nacional, Rodolfo Aguiar, anunci\u00f3 ayer la primer medida de fuerza conjunta de nuestra organizaci\u00f3n en todo el pa\u00eds como respuesta a las medidas de gobierno y su impacto en las jurisdicciones provinciales y municipales. <\/p>\n\n\n\n<p>&#8220;La situaci\u00f3n no da para m\u00e1s y desde ATE hemos resuelto la primera medida de fuerza durante la gesti\u00f3n del presidente Javier Milei para el viernes 22 de diciembre. Cada distrito definir\u00e1 la modalidad de protesta y lo anunciaremos pr\u00f3ximamente. No est\u00e1 garantizado el pago de los aguinaldos en la mayor\u00eda de las provincias y municipios. Hay gobernadores que ya anunciaron el pago de salarios en cuotas. Se suspendieron paritarias. Se congelan las plantas de personal&#8221;, advirti\u00f3 Aguiar. <\/p>\n\n\n\n<p>Y denunci\u00f3 que &#8220;es el Gobierno el que empieza a afectar la paz social con sus pol\u00edticas. Las medidas econ\u00f3micas est\u00e1n agravando las condiciones de vida de todos los trabajadores, jubilados y sectores populares. El potente ajuste regresivo que se anunci\u00f3 a nivel nacional se dispara r\u00e1pidamente a las provincias&#8221;.<\/p>\n\n\n\n<p><strong>Ejercer derechos<\/strong><\/p>\n\n\n\n<p>&#8220;Frente a semejante avance sobre nuestros derechos e intentos de represi\u00f3n y criminalizaci\u00f3n de la protesta por parte del Gobierno, necesitamos empezar a ejercer plenamente nuestros derechos de huelga y movilizaci\u00f3n&#8221;, dijo el secretario General de ATE.<\/p>\n\n\n\n<p>La remarcaci\u00f3n generalizada e indiscriminada de todos los precios de la econom\u00eda en la previa de la asunci\u00f3n del nuevo Gobierno, y luego la devaluaci\u00f3n de m\u00e1s del 118 por ciento han terminado de aniquilar los ingresos de los trabajadores del sector p\u00fablico y tambi\u00e9n de los jubilados. <\/p>\n\n\n\n<p>&#8220;Nadie puede acusarnos de no haber agotado todas las instancias. El Gobierno lleva tan s\u00f3lo siete d\u00edas, pero el da\u00f1o que ya ocasion\u00f3 agravando las condiciones de vida de toda la gente tardar\u00e1 a\u00f1os en poder repararse. Al shock de ajuste le tenemos que empezar a responder con la progresividad de las protestas&#8221;, afirm\u00f3.<\/p>\n\n\n\n<p>Y concluy\u00f3: &#8220;ATE es uno de los sindicatos m\u00e1s grandes y antiguos de la Argentina. Nuestras generaciones anteriores pasaron por todas, hasta por la Dictadura Militar. Tenemos la responsabilidad no s\u00f3lo de resistir en unidad en este momento, sino tambi\u00e9n de proponer frente a esta crisis que nos est\u00e1 hundiendo, una salida en favor de todo nuestro pueblo&#8221;.<a href=\"https:\/\/www.facebook.com\/photo\/?fbid=863753405432580&amp;set=pcb.863753462099241&amp;__cft__[0]=AZUPQsm8wzCl3AKZtHvc6Z9bn9B01_-5Ui21Dh9kVtGDYdAcaF1L9N4UNMcB6jCPpQx5w7ya8lk0LNC38dDSqjgXKiUJ7r7baBscOvDFsApnPMRcdE9brK_X45TWvhl3MDP38LwLOlEoUm_YzCJHty0b&amp;__tn__=*bH-R\"><\/a><\/p>\n\n\n\n<p><a href=\"https:\/\/www.facebook.com\/photo\/?fbid=863753438765910&amp;set=pcb.863753462099241&amp;__cft__[0]=AZUPQsm8wzCl3AKZtHvc6Z9bn9B01_-5Ui21Dh9kVtGDYdAcaF1L9N4UNMcB6jCPpQx5w7ya8lk0LNC38dDSqjgXKiUJ7r7baBscOvDFsApnPMRcdE9brK_X45TWvhl3MDP38LwLOlEoUm_YzCJHty0b&amp;__tn__=*bH-R\"><\/a><\/p>\n","protected":false},"excerpt":{"rendered":"<p>El secretario General de ATE Nacional, Rodolfo Aguiar, anunci\u00f3 ayer la primer medida de fuerza conjunta de nuestra organizaci\u00f3n en todo el pa\u00eds como respuesta a las medidas de gobierno y su impacto en las jurisdicciones provinciales y municipales. &#8220;La situaci\u00f3n no da para m\u00e1s y desde ATE hemos resuelto la primera medida de fuerza [&hellip;]<\/p>\n","protected":false},"author":7,"featured_media":40474,"comment_status":"open","ping_status":"open","sticky":false,"template":"","format":"standard","meta":{"_exactmetrics_skip_tracking":false,"_exactmetrics_sitenote_active":false,"_exactmetrics_sitenote_note":"","_exactmetrics_sitenote_category":0,"jnews-multi-image_gallery":[],"jnews_single_post":{"subtitle":"\"Nadie puede acusarnos de no haber agotado todas las instancias. El Gobierno lleva tan s\u00f3lo siete d\u00edas, pero el da\u00f1o que ya ocasion\u00f3 agravando las condiciones de vida de toda la gente tardar\u00e1 a\u00f1os en poder repararse. Al shock de ajuste le tenemos que empezar a responder con la progresividad de las protestas\", afirm\u00f3 el secretario General nacional de ATE.","format":"standard","video":"","gallery":"","source_name":"","source_url":"","via_name":"","via_url":"","override_template":"0","override":[{"template":"1","single_blog_custom":"","parallax":"1","fullscreen":"1","layout":"no-sidebar-narrow","sidebar":"default-sidebar","second_sidebar":"default-sidebar","sticky_sidebar":"1","share_position":"bottom","share_float_style":"share-monocrhome","show_share_counter":"1","show_view_counter":"1","show_featured":"0","show_post_meta":"1","show_post_author":"0","show_post_author_image":"1","show_post_date":"1","post_date_format":"default","post_date_format_custom":"Y\/m\/d","show_post_category":"1","show_post_reading_time":"0","post_reading_time_wpm":"300","show_zoom_button":"0","zoom_button_out_step":"2","zoom_button_in_step":"3","show_post_tag":"1","show_prev_next_post":"0","show_popup_post":"0","number_popup_post":"1","show_author_box":"0","show_post_related":"1","show_inline_post_related":"0"}],"override_image_size":"0","image_override":[{"single_post_thumbnail_size":"crop-500","single_post_gallery_size":"crop-500"}],"trending_post":"0","trending_post_position":"meta","trending_post_label":"Trending","sponsored_post":"0","sponsored_post_label":"Sponsored by","sponsored_post_name":"","sponsored_post_url":"","sponsored_post_logo_enable":"0","sponsored_post_logo":"","sponsored_post_desc":"","disable_ad":"0"},"jnews_primary_category":{"id":"","hide":""},"jnews_social_meta":{"fb_title":"","fb_description":"","fb_image":"","twitter_title":"","twitter_description":"","twitter_image":""},"jnews_review":[],"enable_review":"0","type":"percentage","name":"","summary":"","brand":"","sku":"","good":[{"good_text":""}],"bad":[{"bad_text":""}],"score_override":"","override_value":"","rating":[{"rating_text":"","rating_number":"10"}],"price":[{"shop":"","price":"","link":"","icon":""}],"jnews_override_counter":{"override_view_counter":"0","view_counter_number":"0","override_share_counter":"0","share_counter_number":"0","override_like_counter":"0","like_counter_number":"0","override_dislike_counter":"0","dislike_counter_number":"0"},"jnews_post_split":{"enable_post_split":"0","post_split":[{"template":"1","tag":"h2","numbering":"asc","mode":"normal","first":"0","enable_toc":"0","toc_type":"normal"}]},"footnotes":""},"categories":[756],"tags":[],"class_list":["post-40467","post","type-post","status-publish","format-standard","has-post-thumbnail","hentry","category-consejo-directivo-nacional-cdn"],"jetpack_featured_media_url":"https:\/\/atecordoba.org\/wp-content\/uploads\/2023\/12\/AGUIAR_reunioncdn-e1702906501548.jpg","_links":{"self":[{"href":"https:\/\/atecordoba.org\/index.php?rest_route=\/wp\/v2\/posts\/40467","targetHints":{"allow":["GET"]}}],"collection":[{"href":"https:\/\/atecordoba.org\/index.php?rest_route=\/wp\/v2\/posts"}],"about":[{"href":"https:\/\/atecordoba.org\/index.php?rest_route=\/wp\/v2\/types\/post"}],"author":[{"embeddable":true,"href":"https:\/\/atecordoba.org\/index.php?rest_route=\/wp\/v2\/users\/7"}],"replies":[{"embeddable":true,"href":"https:\/\/atecordoba.org\/index.php?rest_route=%2Fwp%2Fv2%2Fcomments&post=40467"}],"version-history":[{"count":1,"href":"https:\/\/atecordoba.org\/index.php?rest_route=\/wp\/v2\/posts\/40467\/revisions"}],"predecessor-version":[{"id":40475,"href":"https:\/\/atecordoba.org\/index.php?rest_route=\/wp\/v2\/posts\/40467\/revisions\/40475"}],"wp:featuredmedia":[{"embeddable":true,"href":"https:\/\/atecordoba.org\/index.php?rest_route=\/wp\/v2\/media\/40474"}],"wp:attachment":[{"href":"https:\/\/atecordoba.org\/index.php?rest_route=%2Fwp%2Fv2%2Fmedia&parent=40467"}],"wp:term":[{"taxonomy":"category","embeddable":true,"href":"https:\/\/atecordoba.org\/index.php?rest_route=%2Fwp%2Fv2%2Fcategories&post=40467"},{"taxonomy":"post_tag","embeddable":true,"href":"https:\/\/atecordoba.org\/index.php?rest_route=%2Fwp%2Fv2%2Ftags&post=40467"}],"curies":[{"name":"wp","href":"https:\/\/api.w.org\/{rel}","templated":true}]}}