{"id":40448,"date":"2023-12-15T15:18:50","date_gmt":"2023-12-15T18:18:50","guid":{"rendered":"https:\/\/atecordoba.org\/?p=40448"},"modified":"2023-12-15T15:43:03","modified_gmt":"2023-12-15T18:43:03","slug":"ate-junto-a-la-uepc-capital-frente-a-el-panal","status":"publish","type":"post","link":"https:\/\/atecordoba.org\/?p=40448","title":{"rendered":"ATE junto a la UEPC Capital, frente a El Panal"},"content":{"rendered":"<div class=\"wp-block-image\">\n<figure class=\"aligncenter size-large is-resized\"><img loading=\"lazy\" decoding=\"async\" src=\"https:\/\/atecordoba.org\/wp-content\/uploads\/2023\/12\/WhatsApp-Image-2023-12-15-at-13.28.26-1-1024x576.jpeg\" alt=\"\" class=\"wp-image-40449\" width=\"768\" height=\"432\" srcset=\"https:\/\/atecordoba.org\/wp-content\/uploads\/2023\/12\/WhatsApp-Image-2023-12-15-at-13.28.26-1-1024x576.jpeg 1024w, https:\/\/atecordoba.org\/wp-content\/uploads\/2023\/12\/WhatsApp-Image-2023-12-15-at-13.28.26-1-300x169.jpeg 300w, https:\/\/atecordoba.org\/wp-content\/uploads\/2023\/12\/WhatsApp-Image-2023-12-15-at-13.28.26-1-768x432.jpeg 768w, https:\/\/atecordoba.org\/wp-content\/uploads\/2023\/12\/WhatsApp-Image-2023-12-15-at-13.28.26-1-750x422.jpeg 750w, https:\/\/atecordoba.org\/wp-content\/uploads\/2023\/12\/WhatsApp-Image-2023-12-15-at-13.28.26-1-1140x641.jpeg 1140w, https:\/\/atecordoba.org\/wp-content\/uploads\/2023\/12\/WhatsApp-Image-2023-12-15-at-13.28.26-1.jpeg 1280w\" sizes=\"auto, (max-width: 768px) 100vw, 768px\" \/><\/figure>\n<\/div>\n\n\n<p>ATE acompa\u00f1\u00f3 esta ma\u00f1ana una movilizaci\u00f3n del cuerpo de delegadas y delegados de la combativa UEPC Capital, donde el gremio docente se traslad\u00f3 frene a El Panal para reclamar un aumento salarial para recomponer ingresos de cara a las fiestas de fin de a\u00f1o, atento a la ruinosa escalada de precios de los productos b\u00e1sicos de la canasta familiar, que en algunos casos superan el 50 o 60%.<\/p>\n\n\n\n<p>La delegaci\u00f3n del Consejo Directivo Provincial (CDP) estuvo integrada por el secretario Gremial, Jorge Chalup, la secretaria de Formaci\u00f3n, Irina Silberman, la vocal Valeria Beltr\u00e1n y su par Diego Saurina, junto a la delegada del Personal Civil, Ivana Guevara y el delegado del Hospital Misericordia, Pablo Aguirre. <\/p>\n\n\n\n<p>Chalup fue parte de los oradores del acto. &#8220;Desde ATE estamos convencidos que junto a la UEPC Capital vamos a construir en las calles la unidad contra el ajuste que impulsa el Gobierno Nacional y que impacta en la provincia a partir de su asociaci\u00f3n con el gobierno provincial. Unidad, organizaci\u00f3n y lucha&#8221;, alent\u00f3 el dirigente.<\/p>\n\n\n<div class=\"wp-block-image\">\n<figure class=\"aligncenter size-full is-resized\"><img loading=\"lazy\" decoding=\"async\" src=\"https:\/\/atecordoba.org\/wp-content\/uploads\/2023\/12\/WhatsApp-Image-2023-12-15-at-13.28.26.jpeg\" alt=\"\" class=\"wp-image-40450\" width=\"765\" height=\"431\" \/><\/figure>\n<\/div>\n\n\n<p>El t\u00f3rrido calor del mediod\u00eda de la ciudad no fue obst\u00e1culo para que las y los delegados docentes le hicieran saber al Gobernador Mart\u00edn Llaryora que el tiempo del sindicalismo complaciente se termin\u00f3 en la educaci\u00f3n provincial y exigieron convocatoria oficial para abordar la grav\u00edsima situaci\u00f3n de los ingresos del sector. <\/p>\n\n\n\n<p>En ese marco, Irina Silberman evalu\u00f3 que &#8220;las medidas anunciadas por el Presidente Milei y sus ministros Caputo y Bullrich nos tienen en la calle exigiendo recomposici\u00f3n salarial y basta al ajustazo a los trabajadores. Creemos que la salida es la unidad, frente a este panorama desolador que propone el gobierno nacional y sus socios pol\u00edticos&#8221;.<\/p>\n\n\n\n<p>&#8220;Junto a sindicatos como UTS, organizaciones sociales y pol\u00edticas, articulamos con la UEPC Capital un plan de lucha plantando bandera desde la resistencia al ajuste y la avanzada fascista del nuevo gobierno&#8221;, concluy\u00f3.<\/p>\n","protected":false},"excerpt":{"rendered":"<p>ATE acompa\u00f1\u00f3 esta ma\u00f1ana una movilizaci\u00f3n del cuerpo de delegadas y delegados de la combativa UEPC Capital, donde el gremio docente se traslad\u00f3 frene a El Panal para reclamar un aumento salarial para recomponer ingresos de cara a las fiestas de fin de a\u00f1o, atento a la ruinosa escalada de precios de los productos b\u00e1sicos [&hellip;]<\/p>\n","protected":false},"author":7,"featured_media":40450,"comment_status":"open","ping_status":"open","sticky":false,"template":"","format":"standard","meta":{"_exactmetrics_skip_tracking":false,"_exactmetrics_sitenote_active":false,"_exactmetrics_sitenote_note":"","_exactmetrics_sitenote_category":0,"jnews-multi-image_gallery":[],"jnews_single_post":{"subtitle":" \"Desde ATE estamos convencidos que junto a la UEPC Capital vamos a construir en las calles la unidad contra el ajuste que impulsa el Gobierno Nacional y que impacta en la provincia a partir de su asociaci\u00f3n con el gobierno provincial. Unidad, organizaci\u00f3n y lucha\", alent\u00f3 el secretario Gremial de ATE C\u00f3rdoba, Jorge Chalup.","format":"standard","video":"","gallery":"","source_name":"","source_url":"","via_name":"","via_url":"","override_template":"0","override":[{"template":"1","single_blog_custom":"","parallax":"1","fullscreen":"1","layout":"no-sidebar-narrow","sidebar":"default-sidebar","second_sidebar":"default-sidebar","sticky_sidebar":"1","share_position":"bottom","share_float_style":"share-monocrhome","show_share_counter":"1","show_view_counter":"1","show_featured":"0","show_post_meta":"1","show_post_author":"0","show_post_author_image":"1","show_post_date":"1","post_date_format":"default","post_date_format_custom":"Y\/m\/d","show_post_category":"1","show_post_reading_time":"0","post_reading_time_wpm":"300","show_zoom_button":"0","zoom_button_out_step":"2","zoom_button_in_step":"3","show_post_tag":"1","show_prev_next_post":"0","show_popup_post":"0","number_popup_post":"1","show_author_box":"0","show_post_related":"1","show_inline_post_related":"0"}],"override_image_size":"0","image_override":[{"single_post_thumbnail_size":"crop-500","single_post_gallery_size":"crop-500"}],"trending_post":"0","trending_post_position":"meta","trending_post_label":"Trending","sponsored_post":"0","sponsored_post_label":"Sponsored by","sponsored_post_name":"","sponsored_post_url":"","sponsored_post_logo_enable":"0","sponsored_post_logo":"","sponsored_post_desc":"","disable_ad":"0"},"jnews_primary_category":{"id":"","hide":""},"jnews_social_meta":{"fb_title":"","fb_description":"","fb_image":"","twitter_title":"","twitter_description":"","twitter_image":""},"jnews_review":[],"enable_review":"0","type":"percentage","name":"","summary":"","brand":"","sku":"","good":[{"good_text":""}],"bad":[{"bad_text":""}],"score_override":"","override_value":"","rating":[{"rating_text":"","rating_number":"10"}],"price":[{"shop":"","price":"","link":"","icon":""}],"jnews_override_counter":{"override_view_counter":"0","view_counter_number":"0","override_share_counter":"0","share_counter_number":"0","override_like_counter":"0","like_counter_number":"0","override_dislike_counter":"0","dislike_counter_number":"0"},"jnews_post_split":{"enable_post_split":"0","post_split":[{"template":"1","tag":"h2","numbering":"asc","mode":"normal","first":"0","enable_toc":"0","toc_type":"normal"}]},"footnotes":""},"categories":[10],"tags":[],"class_list":["post-40448","post","type-post","status-publish","format-standard","has-post-thumbnail","hentry","category-accion-politica"],"jetpack_featured_media_url":"https:\/\/atecordoba.org\/wp-content\/uploads\/2023\/12\/WhatsApp-Image-2023-12-15-at-13.28.26-e1702664322716.jpeg","_links":{"self":[{"href":"https:\/\/atecordoba.org\/index.php?rest_route=\/wp\/v2\/posts\/40448","targetHints":{"allow":["GET"]}}],"collection":[{"href":"https:\/\/atecordoba.org\/index.php?rest_route=\/wp\/v2\/posts"}],"about":[{"href":"https:\/\/atecordoba.org\/index.php?rest_route=\/wp\/v2\/types\/post"}],"author":[{"embeddable":true,"href":"https:\/\/atecordoba.org\/index.php?rest_route=\/wp\/v2\/users\/7"}],"replies":[{"embeddable":true,"href":"https:\/\/atecordoba.org\/index.php?rest_route=%2Fwp%2Fv2%2Fcomments&post=40448"}],"version-history":[{"count":3,"href":"https:\/\/atecordoba.org\/index.php?rest_route=\/wp\/v2\/posts\/40448\/revisions"}],"predecessor-version":[{"id":40454,"href":"https:\/\/atecordoba.org\/index.php?rest_route=\/wp\/v2\/posts\/40448\/revisions\/40454"}],"wp:featuredmedia":[{"embeddable":true,"href":"https:\/\/atecordoba.org\/index.php?rest_route=\/wp\/v2\/media\/40450"}],"wp:attachment":[{"href":"https:\/\/atecordoba.org\/index.php?rest_route=%2Fwp%2Fv2%2Fmedia&parent=40448"}],"wp:term":[{"taxonomy":"category","embeddable":true,"href":"https:\/\/atecordoba.org\/index.php?rest_route=%2Fwp%2Fv2%2Fcategories&post=40448"},{"taxonomy":"post_tag","embeddable":true,"href":"https:\/\/atecordoba.org\/index.php?rest_route=%2Fwp%2Fv2%2Ftags&post=40448"}],"curies":[{"name":"wp","href":"https:\/\/api.w.org\/{rel}","templated":true}]}}