{"id":40440,"date":"2023-12-15T10:27:59","date_gmt":"2023-12-15T13:27:59","guid":{"rendered":"https:\/\/atecordoba.org\/?p=40440"},"modified":"2023-12-15T10:28:00","modified_gmt":"2023-12-15T13:28:00","slug":"un-plan-de-lucha-progresivo-contra-los-anuncios-economicos-del-gobierno-2","status":"publish","type":"post","link":"https:\/\/atecordoba.org\/?p=40440","title":{"rendered":"Un plan de lucha progresivo contra los anuncios econ\u00f3micos del Gobierno"},"content":{"rendered":"\n<p><sup>(fuente: telam.com.ar)<\/sup><\/p>\n\n\n<div class=\"wp-block-image\">\n<figure class=\"aligncenter size-large is-resized\"><img loading=\"lazy\" decoding=\"async\" src=\"https:\/\/atecordoba.org\/wp-content\/uploads\/2023\/12\/CDN_151223-1024x683.png\" alt=\"\" class=\"wp-image-40430\" width=\"768\" height=\"512\" \/><\/figure>\n<\/div>\n\n\n<p>La conducci\u00f3n nacional de la&nbsp;<strong>Asociaci\u00f3n Trabajadores del Estado (ATE)&nbsp;<\/strong>determin\u00f3 este jueves un plan de lucha en rechazo a \u201clos anuncios econ\u00f3micos del Gobierno y el gran ajuste\u201d; reclam\u00f3 la inmediata reapertura de todas las negociaciones paritarias en el sector p\u00fablico y convoc\u00f3 a realizar \u201cacciones directas y medidas de fuerza antes de fin de a\u00f1o\u201d.<\/p>\n\n\n\n<p>El consejo directivo del gremio deliber\u00f3 este jueves encabezado por los secretarios general y adjunto,\u00a0<strong>Rodolfo Aguiar y Mercedes Cabezas<\/strong>, y decidi\u00f3 un plan de acci\u00f3n progresivo, declar\u00f3 el estado de alerta y asamblea permanente en todo el pa\u00eds y exigi\u00f3 la inmediata reapertura de las paritarias en la administraci\u00f3n p\u00fablica nacional, provinciales y municipales, se\u00f1al\u00f3 en un comunicado.<\/p>\n\n\n\n<figure class=\"wp-block-embed is-type-video is-provider-youtube wp-block-embed-youtube wp-embed-aspect-16-9 wp-has-aspect-ratio\"><div class=\"wp-block-embed__wrapper\">\n<div class=\"epyt-video-wrapper\"><iframe loading=\"lazy\"  style=\"display: block; margin: 0px auto;\"  id=\"_ytid_99500\"  width=\"480\" height=\"270\"  data-origwidth=\"480\" data-origheight=\"270\" src=\"https:\/\/www.youtube.com\/embed\/wRPhp4duYS0?enablejsapi=1&#038;autoplay=0&#038;cc_load_policy=0&#038;cc_lang_pref=&#038;iv_load_policy=3&#038;loop=0&#038;rel=0&#038;fs=1&#038;playsinline=0&#038;autohide=2&#038;theme=dark&#038;color=red&#038;controls=1&#038;disablekb=0&#038;\" class=\"__youtube_prefs__  epyt-is-override  no-lazyload\" title=\"YouTube player\"  allow=\"fullscreen; accelerometer; autoplay; clipboard-write; encrypted-media; gyroscope; picture-in-picture; web-share\" referrerpolicy=\"strict-origin-when-cross-origin\" allowfullscreen data-no-lazy=\"1\" data-skipgform_ajax_framebjll=\"\"><\/iframe><\/div>\n<\/div><\/figure>\n\n\n\n<p>Los dirigentes repudiaron \u201ccualquier posibilidad de que se produzcan despidos\u201d; rechazaron por \u201cinconstitucional\u201d el&nbsp;<a href=\"https:\/\/www.telam.com.ar\/notas\/202312\/649517-protocolo-mantenimiento-orden-publico-evitar-cortes.html\" target=\"_blank\" rel=\"noreferrer noopener\">protocolo antipiquetes anunciado por la ministra de Seguridad, Patricia Bullrich<\/a>, y llamaron a aplicar \u201cacciones directas nacionales\u201d.<\/p>\n\n\n\n<p>El&nbsp;<strong>consejo directivo<\/strong>, en el que&nbsp;<strong>participaron representantes de las 24 provincias<\/strong>, resolvi\u00f3 convocar a protestas antes de fin de a\u00f1o y mandat\u00f3 a la conducci\u00f3n para definir esas medidas de fuerza, se\u00f1alaron los dirigentes.<\/p>\n\n\n\n<p>\u201cNadie podr\u00e1 acusar al gremio de atentar contra la gobernabilidad, porque agot\u00f3 todas las instancias. Es preciso compensar el da\u00f1o que las medidas econ\u00f3micas del nuevo Gobierno est\u00e1 causando\u201d, sostuvo Aguiar, quien rechaz\u00f3 los&nbsp;<a href=\"https:\/\/www.telam.com.ar\/notas\/202312\/649333-gobierno-nacional-luis-caputo-medidas-urgencia-economica.html\" target=\"_blank\" rel=\"noreferrer noopener\">anuncios del ministro de Econom\u00eda, Luis Caputo<\/a>.<\/p>\n\n\n\n<figure class=\"wp-block-embed\"><div class=\"wp-block-embed__wrapper\">\nhttps:\/\/x.com\/ateprensa\/status\/1735357383340073351?s=20\n<\/div><\/figure>\n\n\n\n<p>Aguiar sostuvo que las acciones directas se aplicar\u00e1n en caso de que comiencen a verificarse despidos y contin\u00fae \u201cel ataque al poder adquisitivo de los trabajadores del sector p\u00fablico y de los jubilados\u201d, y adelant\u00f3 que la ATE realizar\u00e1 las presentaciones formales de reapertura de paritarias ma\u00f1ana en los ministerios de Capital Humano y de Econom\u00eda y en Jefatura de Gabinete.<\/p>\n\n\n\n<p>Sobre el&nbsp;<strong>anuncio de Caputo de que no se renovar\u00e1 ning\u00fan contrato de trabajadores estatales con menos de un a\u00f1o en sus empleos<\/strong>, enfatiz\u00f3 que ATE \u201cno tolerar\u00e1 ninguna cesant\u00eda injustificada\u201d, y sostuvo que \u201cla mayor\u00eda de los altos funcionarios del Gobierno son empresarios, lo que explica el desconocimiento profundo de las leyes del Estado\u201d.<\/p>\n\n\n\n<p>\u201c<strong>En el empleo p\u00fablico, la estabilidad est\u00e1 consagrada de forma constitucional.\u00a0<\/strong>Aunque el Gobierno no termin\u00f3 de precisar con exactitud el universo de trabajadores que tiene en la mira, en todos los casos cumplen roles esenciales. Se procura cesantear a discapacitados y personas trans que ingresaron por cupos regidos por ley\u201d, afirm\u00f3 Aguiar.<\/p>\n\n\n\n<figure class=\"wp-block-image\"><a href=\"https:\/\/atecordoba.org\/void(0);\"><img decoding=\"async\" src=\"https:\/\/www.telam.com.ar\/thumbs\/bluesteel\/advf\/imagenes\/2023\/11\/6568baf950257_1200.jpg\" alt=\"El gremio precis que el ejercicio del derecho constitucional de huelga est amparado por tratados internacionales de derechos humanos de los que la Argentina es parte Foto Nacho Snchez \" \/><\/a><figcaption class=\"wp-element-caption\">El gremio precis\u00f3 que el ejercicio del derecho constitucional de huelga est\u00e1 amparado por tratados internacionales de derechos humanos, de los que la Argentina es parte \/ Foto: Nacho S\u00e1nchez.<\/figcaption><\/figure>\n\n\n\n<p>El dirigente dijo que a pocos d\u00edas de asumir \u201cel Gobierno comienza a estafar a sus electores, porque supuestamente lleg\u00f3 para que cese el flagelo de la inflaci\u00f3n, el hambre y la pobreza, pero estas medidas provocar\u00e1n millones de nuevos ca\u00eddos del sistema\u201d.<\/p>\n\n\n\n<p>\u201cLo que ocurre en apenas cuatro d\u00edas es un disparate. El Gobierno pide que el pueblo sufra con alegr\u00eda. Desde el domingo \u00faltimo los \u00fanicos que est\u00e1n alegres son los mismos 4 o 5 empresarios que durante los \u00faltimos a\u00f1os juntaron la plata en pala\u201d, puntualiz\u00f3.<\/p>\n","protected":false},"excerpt":{"rendered":"<p>(fuente: telam.com.ar) La conducci\u00f3n nacional de la&nbsp;Asociaci\u00f3n Trabajadores del Estado (ATE)&nbsp;determin\u00f3 este jueves un plan de lucha en rechazo a \u201clos anuncios econ\u00f3micos del Gobierno y el gran ajuste\u201d; reclam\u00f3 la inmediata reapertura de todas las negociaciones paritarias en el sector p\u00fablico y convoc\u00f3 a realizar \u201cacciones directas y medidas de fuerza antes de fin [&hellip;]<\/p>\n","protected":false},"author":7,"featured_media":40430,"comment_status":"open","ping_status":"open","sticky":false,"template":"","format":"standard","meta":{"_exactmetrics_skip_tracking":false,"_exactmetrics_sitenote_active":false,"_exactmetrics_sitenote_note":"","_exactmetrics_sitenote_category":0,"jnews-multi-image_gallery":[],"jnews_single_post":{"subtitle":"\"Los conflictos no deben ser resueltos por la polic\u00eda o la justicia sino por aquellos que gobiernan, porque para eso fueron elegidos. La medida anunciada se orienta a atacar las consecuencias y no las causas de las protestas. Si no quiere conflictos que pare ya el ajuste e incremente los salarios\", dijo nuestro secretario General nacional, Rodolfo Aguiar.","format":"standard","video":"","gallery":"","source_name":"","source_url":"","via_name":"","via_url":"","override_template":"0","override":[{"template":"1","single_blog_custom":"","parallax":"1","fullscreen":"1","layout":"no-sidebar-narrow","sidebar":"default-sidebar","second_sidebar":"default-sidebar","sticky_sidebar":"1","share_position":"bottom","share_float_style":"share-monocrhome","show_share_counter":"1","show_view_counter":"1","show_featured":"0","show_post_meta":"1","show_post_author":"0","show_post_author_image":"1","show_post_date":"1","post_date_format":"default","post_date_format_custom":"Y\/m\/d","show_post_category":"1","show_post_reading_time":"0","post_reading_time_wpm":"300","show_zoom_button":"0","zoom_button_out_step":"2","zoom_button_in_step":"3","show_post_tag":"1","show_prev_next_post":"0","show_popup_post":"0","number_popup_post":"1","show_author_box":"0","show_post_related":"1","show_inline_post_related":"0"}],"override_image_size":"0","image_override":[{"single_post_thumbnail_size":"crop-500","single_post_gallery_size":"crop-500"}],"trending_post":"0","trending_post_position":"meta","trending_post_label":"Trending","sponsored_post":"0","sponsored_post_label":"Sponsored by","sponsored_post_name":"","sponsored_post_url":"","sponsored_post_logo_enable":"0","sponsored_post_logo":"","sponsored_post_desc":"","disable_ad":"0"},"jnews_primary_category":{"id":"","hide":""},"jnews_social_meta":{"fb_title":"","fb_description":"","fb_image":"","twitter_title":"","twitter_description":"","twitter_image":""},"jnews_review":[],"enable_review":"0","type":"percentage","name":"","summary":"","brand":"","sku":"","good":[{"good_text":""}],"bad":[{"bad_text":""}],"score_override":"","override_value":"","rating":[{"rating_text":"","rating_number":"10"}],"price":[{"shop":"","price":"","link":"","icon":""}],"jnews_override_counter":{"override_view_counter":"0","view_counter_number":"0","override_share_counter":"0","share_counter_number":"0","override_like_counter":"0","like_counter_number":"0","override_dislike_counter":"0","dislike_counter_number":"0"},"jnews_post_split":{"enable_post_split":"0","post_split":[{"template":"1","tag":"h2","numbering":"asc","mode":"normal","first":"0","enable_toc":"0","toc_type":"normal"}]},"footnotes":""},"categories":[756],"tags":[],"class_list":["post-40440","post","type-post","status-publish","format-standard","has-post-thumbnail","hentry","category-consejo-directivo-nacional-cdn"],"jetpack_featured_media_url":"https:\/\/atecordoba.org\/wp-content\/uploads\/2023\/12\/CDN_151223-e1702646099704.png","_links":{"self":[{"href":"https:\/\/atecordoba.org\/index.php?rest_route=\/wp\/v2\/posts\/40440","targetHints":{"allow":["GET"]}}],"collection":[{"href":"https:\/\/atecordoba.org\/index.php?rest_route=\/wp\/v2\/posts"}],"about":[{"href":"https:\/\/atecordoba.org\/index.php?rest_route=\/wp\/v2\/types\/post"}],"author":[{"embeddable":true,"href":"https:\/\/atecordoba.org\/index.php?rest_route=\/wp\/v2\/users\/7"}],"replies":[{"embeddable":true,"href":"https:\/\/atecordoba.org\/index.php?rest_route=%2Fwp%2Fv2%2Fcomments&post=40440"}],"version-history":[{"count":1,"href":"https:\/\/atecordoba.org\/index.php?rest_route=\/wp\/v2\/posts\/40440\/revisions"}],"predecessor-version":[{"id":40441,"href":"https:\/\/atecordoba.org\/index.php?rest_route=\/wp\/v2\/posts\/40440\/revisions\/40441"}],"wp:featuredmedia":[{"embeddable":true,"href":"https:\/\/atecordoba.org\/index.php?rest_route=\/wp\/v2\/media\/40430"}],"wp:attachment":[{"href":"https:\/\/atecordoba.org\/index.php?rest_route=%2Fwp%2Fv2%2Fmedia&parent=40440"}],"wp:term":[{"taxonomy":"category","embeddable":true,"href":"https:\/\/atecordoba.org\/index.php?rest_route=%2Fwp%2Fv2%2Fcategories&post=40440"},{"taxonomy":"post_tag","embeddable":true,"href":"https:\/\/atecordoba.org\/index.php?rest_route=%2Fwp%2Fv2%2Ftags&post=40440"}],"curies":[{"name":"wp","href":"https:\/\/api.w.org\/{rel}","templated":true}]}}