{"id":40426,"date":"2023-12-14T13:20:08","date_gmt":"2023-12-14T16:20:08","guid":{"rendered":"https:\/\/atecordoba.org\/?p=40426"},"modified":"2023-12-14T13:20:08","modified_gmt":"2023-12-14T16:20:08","slug":"aguiar-el-gobierno-decidio-tomar-por-asalto-el-bolsillo-de-las-y-los-trabajadores","status":"publish","type":"post","link":"https:\/\/atecordoba.org\/?p=40426","title":{"rendered":"Aguiar: &#8220;el gobierno decidi\u00f3 tomar por asalto el bolsillo de las y los trabajadores&#8221;"},"content":{"rendered":"<div class=\"wp-block-image\">\n<figure class=\"aligncenter size-large is-resized\"><img loading=\"lazy\" decoding=\"async\" src=\"https:\/\/atecordoba.org\/wp-content\/uploads\/2023\/12\/RodolfoAguiar-1024x666.jpg\" alt=\"\" class=\"wp-image-40427\" width=\"768\" height=\"500\" \/><\/figure>\n<\/div>\n\n\n<p>En una <a href=\"https:\/\/admin.radionacional.com.ar\/se-impone-convocar-a-la-mas-amplia-unidad-de-las-organizaciones-sindicales\/\">entrevista <\/a>realizada ayer, el secretario General de ATE Argentina, Rodolfo &#8216;Rody&#8217; Aguiar, fij\u00f3 postura sobre los anuncios de medidas anunciadas por el Presidente Javier Milei y el Ministerio de Econom\u00eda, de cara a la agenda de reclamos que ATE elevar\u00e1 a las autoridades para preservar el ingreso de las y los trabajadores estatales, en medio de la brutal escalada de precios que sufrimos. <\/p>\n\n\n\n<p><strong>-\u00bfCu\u00e1l es la postura de ATE despu\u00e9s de los anuncios?<\/strong><\/p>\n\n\n\n<p>Rodolfo Aguiar: El shock de ajuste del 5% del PBI que Milei anunci\u00f3 sobre el Estado termina de destruir a las y los trabajadores, a las jubiladas y jubilados. Ese mensaje se complement\u00f3 con las medidas concretas comunicadas por el Ministerio de Econom\u00eda. Nos muestran que el ajuste sobre el Estado terminamos siendo todas y todos los argentinos, no solo los trabajadores y trabajadoras estatales.<\/p>\n\n\n\n<p>Es inadmisible que pueda soportarse una devaluaci\u00f3n del 118% despu\u00e9s de semanas en las que nadie se hizo cargo, ni el gobierno que se iba ni el que llegada, y los precios volaron en las g\u00f3ndolas de los supermercados, con remarcaciones indiscriminadas y generalizadas de todos los precios de la econom\u00eda.<\/p>\n\n\n\n<p>Por lo tanto se terminaron de destruir los ingresos del sector p\u00fablico, de la actividad privada y, por supuesto, de todos los sectores populares. El ministro Caputo dijo ayer que el Gobierno toma estas medidas para evitar una cat\u00e1strofe. Y resulta que los anuncios nos ponen ante el peor de los infiernos en las pr\u00f3ximas semanas, el gobierno decidi\u00f3 tomar por asalto los bolsillos de la gente. Terminaron los anuncios y a la casta nadie la toc\u00f3, la motosierra no era para ellos sino para el pueblo y todos sus derechos.<\/p>\n\n\n\n<p>Sin duda la fragmentaci\u00f3n que vino mostrando el movimiento obrero es una experiencia que tenemos que aprender. Se impone la necesidad de convocar a la m\u00e1s amplia unidad de todas las centrales sindicales: las dos CTA y la CGT.<\/p>\n\n\n\n<p>En principio, hubo un veredicto de nuestro pueblo pero no nos pidan que expliquemos el resultado electoral. ATE es un sindicato y nos corresponde seguir hablando de los problemas que enfrentan las y los trabajadores todos los d\u00edas, m\u00e1s all\u00e1 que tengamos nuestras preferencias pol\u00edticas.<\/p>\n\n\n\n<p><strong>Uno de los proyectos que se baraja es la modificaci\u00f3n r\u00e9gimen de jubilaciones del sector p\u00fablico y docentes universitarios<\/strong><\/p>\n\n\n\n<p>R.A.: Fue un acierto haber estatizado las AFJP porque lo \u00fanico que suced\u00eda es que tres o cuatro multinacionales hac\u00edan negocio con nuestros aportes. \u00a0Pero no se pens\u00f3 en un financiamiento del sistema a largo plazo o en la creaci\u00f3n de un impuesto espec\u00edfico para poder sostenerla. Nuestras jubiladas y jubilados son los m\u00e1s postergados, el 80% por debajo de la l\u00ednea de la pobreza. Tenemos que seguir reclamando jubilaciones dignas y el 82% m\u00f3vil para todo el mundo.<\/p>\n\n\n\n<p>En este momento no se puede comprar ni az\u00facar, ni pan, ni leche. En donde qued\u00f3 aquellos que debemos recibir una retribuci\u00f3n justa por nuestro trabajo y que el salario nos debiera alcanzar para garantizar la vivienda digna, alimentaci\u00f3n adecuada, vestimenta, salud, educaci\u00f3n, previsi\u00f3n, ahorro, vacaciones, esparcimiento. Que alguien diga que su sueldo le alcanza para todo eso. Hoy tenemos que elegir qu\u00e9 hacemos con nuestro sueldo.<\/p>\n\n\n\n<p><strong>\u00bfCu\u00e1l es la lectura de por qu\u00e9 algunos sectores cuando tienen posibilidad de ejercer la pol\u00edtica desde el Gobierno van directo contra el Estado?<\/strong><\/p>\n\n\n\n<p>R.A.: Porque quieren que el Estado sea moldeado en funci\u00f3n de los intereses de los grandes grupos concentrados nacionales y trasnacionales que operan en nuestro pa\u00eds. Por supuesto que nos preguntamos desde la miradas reflexiva si habr\u00e1 triunfado en el balotaje la idea que construir un nuevo Estado. \u00bfNo ser\u00e1 que este Estado se vino anquilosando y se olvid\u00f3 de alguna manera de las verdaderas necesidades de nuestro pueblo y fue la gente quien debi\u00f3 adaptarse al Estado? Nosotros queremos un Estado eficiente de verdad que garantice prestaciones para la gente.<\/p>\n\n\n\n<p>Ahora bien, creemos que el gobierno cuando habla de eficiencia es para mejorarle los negocios a los cuatro o cinco vivos que negocian con el gobierno o bien para que se sigan saqueando nuestros recursos naturales: el gas y el petr\u00f3leo en el sur, el litio en el norte y por el R\u00edo Paran\u00e1 privatizado todos los d\u00edas se van embarcaciones donde todos los d\u00edas se va el 80% de nuestra producci\u00f3n agropecuaria e industrial, sin ning\u00fan tipo de control. Las empresas presentan una simple declaraci\u00f3n jurada.<\/p>\n\n\n\n<p>Con la amenaza de despidos nos quieren poner a la defensiva. Y ma\u00f1ana (por hoy) nos juntamos ATE de todo el pa\u00eds en Buenos Aires para debatir la reapertura de todas las paritarias nacionales, provinciales y municipales. Los estatales queremos recuperar la plata que perdimos estas tres o cuatro semanas.<\/p>\n\n\n\n<p>Pas\u00f3 desapercibido pero el vocero del gobierno dijo que van a \u201ccombatir el empleo militante\u201d, un t\u00e9rmino de guerra para declararle la guerra a trabajadores y trabajadoras. Empleo militante no hay, si ellos lo que quieren revisar si hay personas que cobran un sueldo sin ir a trabajar ATE los acompa\u00f1a en esa b\u00fasqueda porque vamos a ser los primeros en denunciar si hay \u00f1oquis. <\/p>\n\n\n\n<p>Militantes somos todos, pero no militantes del gobierno que se acaba de ir o de los anteriores. Militamos hace d\u00e9cadas en la defensa de esos derechos de la ciudadan\u00eda. \u00bfQui\u00e9nes ser\u00edan los privilegiados para este Gobierno? \u00bfLos que saltan sobre los estribos de un cami\u00f3n recolector par ajuntar la basura, las que mantienen los espacios verdes o barren las calles, las que cocinan en las escuelas de la Argentina y garantizan su salud, aquellos que esperan en una oficina p\u00fablica con una sonrisa a los jubilados para garantizarle sus derechos?<\/p>\n\n\n\n<p>Por eso decimos que desde ATE no vamos a salir a defender privilegios, no vamos a hacer una defensa corporativa cuando salgamos a la calle, sino defender pol\u00edticas p\u00fablicas que se fueron construyendo durante muchos a\u00f1os.<\/p>\n\n\n\n<p><\/p>\n","protected":false},"excerpt":{"rendered":"<p>En una entrevista realizada ayer, el secretario General de ATE Argentina, Rodolfo &#8216;Rody&#8217; Aguiar, fij\u00f3 postura sobre los anuncios de medidas anunciadas por el Presidente Javier Milei y el Ministerio de Econom\u00eda, de cara a la agenda de reclamos que ATE elevar\u00e1 a las autoridades para preservar el ingreso de las y los trabajadores estatales, [&hellip;]<\/p>\n","protected":false},"author":7,"featured_media":40427,"comment_status":"open","ping_status":"open","sticky":false,"template":"","format":"standard","meta":{"_exactmetrics_skip_tracking":false,"_exactmetrics_sitenote_active":false,"_exactmetrics_sitenote_note":"","_exactmetrics_sitenote_category":0,"jnews-multi-image_gallery":[],"jnews_single_post":{"subtitle":"El secretario General de ATE Argentina fij\u00f3 postura sobre los anuncios de medidas anunciadas por el Presidente Javier Milei y el Ministerio de Econom\u00eda, de cara a la agenda de reclamos que ATE elevar\u00e1 a las autoridades para preservar el ingreso de las y los trabajadores estatales, en medio de la brutal escalada de precios que sufrimos. ","format":"standard","video":"","gallery":"","source_name":"","source_url":"","via_name":"","via_url":"","override_template":"0","override":[{"template":"1","single_blog_custom":"","parallax":"1","fullscreen":"1","layout":"no-sidebar-narrow","sidebar":"default-sidebar","second_sidebar":"default-sidebar","sticky_sidebar":"1","share_position":"bottom","share_float_style":"share-monocrhome","show_share_counter":"1","show_view_counter":"1","show_featured":"0","show_post_meta":"1","show_post_author":"0","show_post_author_image":"1","show_post_date":"1","post_date_format":"default","post_date_format_custom":"Y\/m\/d","show_post_category":"1","show_post_reading_time":"0","post_reading_time_wpm":"300","show_zoom_button":"0","zoom_button_out_step":"2","zoom_button_in_step":"3","show_post_tag":"1","show_prev_next_post":"0","show_popup_post":"0","number_popup_post":"1","show_author_box":"0","show_post_related":"1","show_inline_post_related":"0"}],"override_image_size":"0","image_override":[{"single_post_thumbnail_size":"crop-500","single_post_gallery_size":"crop-500"}],"trending_post":"0","trending_post_position":"meta","trending_post_label":"Trending","sponsored_post":"0","sponsored_post_label":"Sponsored by","sponsored_post_name":"","sponsored_post_url":"","sponsored_post_logo_enable":"0","sponsored_post_logo":"","sponsored_post_desc":"","disable_ad":"0"},"jnews_primary_category":{"id":"","hide":""},"jnews_social_meta":{"fb_title":"","fb_description":"","fb_image":"","twitter_title":"","twitter_description":"","twitter_image":""},"jnews_review":[],"enable_review":"0","type":"percentage","name":"","summary":"","brand":"","sku":"","good":[{"good_text":""}],"bad":[{"bad_text":""}],"score_override":"","override_value":"","rating":[{"rating_text":"","rating_number":"10"}],"price":[{"shop":"","price":"","link":"","icon":""}],"jnews_override_counter":{"override_view_counter":"0","view_counter_number":"0","override_share_counter":"0","share_counter_number":"0","override_like_counter":"0","like_counter_number":"0","override_dislike_counter":"0","dislike_counter_number":"0"},"jnews_post_split":{"enable_post_split":"0","post_split":[{"template":"1","tag":"h2","numbering":"asc","mode":"normal","first":"0","enable_toc":"0","toc_type":"normal"}]},"footnotes":""},"categories":[756],"tags":[],"class_list":["post-40426","post","type-post","status-publish","format-standard","has-post-thumbnail","hentry","category-consejo-directivo-nacional-cdn"],"jetpack_featured_media_url":"https:\/\/atecordoba.org\/wp-content\/uploads\/2023\/12\/RodolfoAguiar-e1702570802968.jpg","_links":{"self":[{"href":"https:\/\/atecordoba.org\/index.php?rest_route=\/wp\/v2\/posts\/40426","targetHints":{"allow":["GET"]}}],"collection":[{"href":"https:\/\/atecordoba.org\/index.php?rest_route=\/wp\/v2\/posts"}],"about":[{"href":"https:\/\/atecordoba.org\/index.php?rest_route=\/wp\/v2\/types\/post"}],"author":[{"embeddable":true,"href":"https:\/\/atecordoba.org\/index.php?rest_route=\/wp\/v2\/users\/7"}],"replies":[{"embeddable":true,"href":"https:\/\/atecordoba.org\/index.php?rest_route=%2Fwp%2Fv2%2Fcomments&post=40426"}],"version-history":[{"count":1,"href":"https:\/\/atecordoba.org\/index.php?rest_route=\/wp\/v2\/posts\/40426\/revisions"}],"predecessor-version":[{"id":40428,"href":"https:\/\/atecordoba.org\/index.php?rest_route=\/wp\/v2\/posts\/40426\/revisions\/40428"}],"wp:featuredmedia":[{"embeddable":true,"href":"https:\/\/atecordoba.org\/index.php?rest_route=\/wp\/v2\/media\/40427"}],"wp:attachment":[{"href":"https:\/\/atecordoba.org\/index.php?rest_route=%2Fwp%2Fv2%2Fmedia&parent=40426"}],"wp:term":[{"taxonomy":"category","embeddable":true,"href":"https:\/\/atecordoba.org\/index.php?rest_route=%2Fwp%2Fv2%2Fcategories&post=40426"},{"taxonomy":"post_tag","embeddable":true,"href":"https:\/\/atecordoba.org\/index.php?rest_route=%2Fwp%2Fv2%2Ftags&post=40426"}],"curies":[{"name":"wp","href":"https:\/\/api.w.org\/{rel}","templated":true}]}}