{"id":40413,"date":"2023-12-14T10:16:20","date_gmt":"2023-12-14T13:16:20","guid":{"rendered":"https:\/\/atecordoba.org\/?p=40413"},"modified":"2023-12-14T10:16:21","modified_gmt":"2023-12-14T13:16:21","slug":"a-22-anos-del-frenapo-por-una-democracia-participativa","status":"publish","type":"post","link":"https:\/\/atecordoba.org\/?p=40413","title":{"rendered":"A 22 a\u00f1os del FRENAPO: Por una democracia participativa"},"content":{"rendered":"<div class=\"wp-block-image\">\n<figure class=\"alignleft size-full\"><img decoding=\"async\" src=\"https:\/\/atecordoba.org\/wp-content\/uploads\/2023\/12\/votante_frenapo.jpg\" alt=\"\" class=\"wp-image-40414\" \/><\/figure>\n<\/div>\n\n\n<p><strong>Por Juan Carlos Giuliani*<\/strong><\/p>\n\n\n\n<p>El 11 de septiembre de 2001 partieron desde el Congreso de la Naci\u00f3n -el mismo d\u00eda en que cayeron las Torres Gemelas en Nueva York- siete columnas para iniciar desde distintos lugares de nuestro pa\u00eds caravanas que recorrieron pueblos y ciudades y culminaron el 21 del mismo mes en Plaza de Mayo. El objetivo fue difundir la Consulta Popular y los argumentos de la propuesta.<\/p>\n\n\n\n<p>Frente a las pol\u00edticas del Gobierno Nacional que significaban m\u00e1s ajuste en el marco de la Ley de D\u00e9ficit Cero y el Compromiso Fiscal -firmado seg\u00fan las directivas del FMI- que implicaba el congelamiento durante cinco a\u00f1os del mal llamado gasto social, el FRENAPO impuls\u00f3 la Consulta Popular los d\u00edas 14, 15, 16 y 17 de diciembre.<\/p>\n\n\n\n<p>Horas despu\u00e9s que m\u00e1s de tres millones de argentinos se expresaran en las urnas, sobrevinieron las hist\u00f3ricas jornadas del 19 y 20 de diciembre de 2001, cuando el pueblo hundi\u00f3 el canto del cisne del r\u00e9gimen neoliberal encarnado por el Gobierno de De la R\u00faa y Cavallo que ahora se empe\u00f1an en hacer resurgir Milei, Caputo y compa\u00f1\u00eda.<\/p>\n\n\n\n<p>La propuesta plebiscitada por el FRENAPO de establecer un Seguro de Empleo y Formaci\u00f3n de 380 pesos mensuales para cada jefa o jefe de hogar desocupado; una Asignaci\u00f3n Universal de 60 pesos por mes por cada hija o hijo de hasta 18 a\u00f1os; y otra de 150 pesos para los mayores de 65 a\u00f1os que no percibieran jubilaci\u00f3n ni pensi\u00f3n constituye, con seguridad, un hito en el bagaje doctrinario de la clase trabajadora argentina.<\/p>\n\n\n\n<p>Junto a los programas de La Falda (1957) y Huerta Grande (1962), al Programa del 1\u00ba de Mayo de 1968 de la CGT de los Argentinos, a los 26 puntos de la CGT de Ubaldini y la Constituyente Social, la Consulta Popular realizada entre el 14 y el 17 de diciembre de 2001 configura la iniciativa m\u00e1s ambiciosa del campo popular en los \u00faltimos a\u00f1os. Propuesta que, entre otras cuestiones, tuvo la virtud de poner negro sobre blanco un dilema de hierro: Ajuste o Democracia. Una alternativa que vuelve a cobrar estricta actualidad.<\/p>\n\n\n\n<p><strong>Fortalezas y debilidades<\/strong><\/p>\n\n\n\n<p>Fuimos capaces de convocar a la Consulta Popular frente a la inacci\u00f3n del poder pol\u00edtico. De acertar en una propuesta con la que se identific\u00f3 la mayor\u00ed\u00ada de la poblaci\u00f3n. De consignar de d\u00f3nde saldr\u00edan los recursos para sostener el shock redistributivo. De construir un entramado organizativo que extendi\u00f3 territorialmente la iniciativa hasta llevarla al \u00faltimo rinc\u00f3n de la geograf\u00eda nacional. De promover una masiva movilizaci\u00f3n federal y multisectorial. Esa fortaleza alcanz\u00f3 para plantar una alternativa al discurso hegem\u00f3nico, pero fue impotente para conducir y encausar la bronca popular.<\/p>\n\n\n\n<p>Fue tan fuerte el impacto de la consulta del FRENAPO en el imaginario colectivo, que cuando el bloque de poder dominante ung\u00eda a Duhalde como Presidente en su intento por reconducir la crisis de gobernabilidad del sistema, \u00e9ste no dud\u00f3 en echar mano de esa herramienta, desfigurarla y convertirla en los planes jefas y jefes de hogar de 150 pesos que se extendieron en el tiempo.<\/p>\n\n\n<div class=\"wp-block-image\">\n<figure class=\"alignright size-full is-resized\"><img loading=\"lazy\" decoding=\"async\" src=\"https:\/\/atecordoba.org\/wp-content\/uploads\/2023\/12\/voto_prenapo.jpg\" alt=\"\" class=\"wp-image-40415\" width=\"347\" height=\"264\" \/><\/figure>\n<\/div>\n\n\n<p>De ese modo desactiv\u00f3 la protesta social, estableci\u00f3 el nuevo Salario M\u00ed\u00adnimo en la Argentina pos devaluaci\u00f3n y rearm\u00f3 una monumental red de clientelismo pol\u00ed\u00adtico, lo cual ha determinado la carencia de pol\u00edticas sociales universales y la continuidad de las pol\u00ed\u00adticas focalizadas que sustentan este perverso asistencialismo social.<\/p>\n\n\n\n<p>A m\u00e1s de dos d\u00e9cadas de esos acontecimientos, hoy en d\u00eda se requiere m\u00e1s que nunca de la movilizaci\u00f3n, unidad y organizaci\u00f3n popular para discutir las urgencias del hambre y la pobreza. Con casi un cincuenta por ciento de la poblaci\u00f3n bajo la l\u00ednea de pobreza resulta imperativo impulsar pol\u00edticas p\u00fablicas activas para terminar con el hambre y comenzar a pagar la monumental Deuda Interna con nuestro pueblo antes que seguir \u201chonrando\u201d las estafas del FMI y la usura internacional.<\/p>\n\n\n\n<p>Evocar la experiencia de masas del FRENAPO implica un valioso aporte al proceso de construcci\u00f3n de un poder social en capacidad de discutir la distribuci\u00f3n de la riqueza y la asignaci\u00f3n de los recursos en nuestra Patria. Sobre todo en coyunturas como la presente, cuando vuelve a cobrar altura el revanchismo olig\u00e1rquico en un nuevo intento de las clases dominantes por imponer su plan de gobierno antipopular y antinacional.<\/p>\n\n\n\n<p><strong>Plan de guerra<\/strong><\/p>\n\n\n\n<p>El Gobierno de Javier Milei viene a terminar con la faena de entrega, sometimiento y despojo que comenz\u00f3 con el \u201cRodrigazo\u201d en junio de 1974; sigui\u00f3 con la imposici\u00f3n a sangre y fuego de la dictadura genocida en 1976; la perfeccion\u00f3 Menem en la d\u00e9cada del \u201990 -y el breve interregno de De la R\u00faa en los albores del 2000-; y se retom\u00f3 quince a\u00f1os despu\u00e9s con Macri. Vienen a exterminar los residuos de Soberan\u00eda envalentonados en su revanchismo patronal. Y lo hacen con el respaldo de los votos.<\/p>\n\n\n\n<p>El Ministro de Econom\u00eda, Luis Caputo, detall\u00f3 un paquete de \u201curgencia econ\u00f3mica\u201d, eufemismo para englobar medidas de ajuste, devaluaci\u00f3n y aumento de la inflaci\u00f3n. Devaluaci\u00f3n y ajustazo que generar\u00e1 m\u00e1s hambre y miseria a amplios sectores de la poblaci\u00f3n. Una devaluaci\u00f3n del 118% sobre una remarcaci\u00f3n indiscriminada y generalizada de precios durante las \u00faltimas semanas es un verdadero asalto al bolsillo de los trabajadores y jubilados.<\/p>\n\n\n<div class=\"wp-block-image\">\n<figure class=\"alignleft size-large is-resized\"><img loading=\"lazy\" decoding=\"async\" src=\"https:\/\/atecordoba.org\/wp-content\/uploads\/2023\/12\/afiche_frenapo-1024x593.jpg\" alt=\"\" class=\"wp-image-40416\" width=\"512\" height=\"297\" srcset=\"https:\/\/atecordoba.org\/wp-content\/uploads\/2023\/12\/afiche_frenapo-1024x593.jpg 1024w, https:\/\/atecordoba.org\/wp-content\/uploads\/2023\/12\/afiche_frenapo-300x174.jpg 300w, https:\/\/atecordoba.org\/wp-content\/uploads\/2023\/12\/afiche_frenapo-768x445.jpg 768w, https:\/\/atecordoba.org\/wp-content\/uploads\/2023\/12\/afiche_frenapo-1536x889.jpg 1536w, https:\/\/atecordoba.org\/wp-content\/uploads\/2023\/12\/afiche_frenapo-2048x1186.jpg 2048w, https:\/\/atecordoba.org\/wp-content\/uploads\/2023\/12\/afiche_frenapo-750x434.jpg 750w, https:\/\/atecordoba.org\/wp-content\/uploads\/2023\/12\/afiche_frenapo-1140x660.jpg 1140w\" sizes=\"auto, (max-width: 512px) 100vw, 512px\" \/><\/figure>\n<\/div>\n\n\n<p>Lo que se anunci\u00f3 fue un verdadero Plan de Guerra contra el pueblo trabajador con medidas como la suba del tipo de cambio oficial, despido de trabajadores estatales, y reducci\u00f3n de subsidios de los servicios p\u00fablicos. Tratan de infundir p\u00e1nico a la gente para paralizar las previsibles reacciones de los damnificados por el brutal ataque al presupuesto familiar que fue r\u00e1pidamente aplaudido por el FMI. Mientras tanto, la \u201ccasta\u201d sigue intacta. El ajuste, como siempre lo hicieron los grupos de poder, se descarga sobre las espaldas del pueblo sufriente.<\/p>\n\n\n\n<p>Vale la pena recordarlo: La Consulta Popular se realiz\u00f3 en mesas ubicadas en la v\u00ed\u00ada p\u00fablica, en lugares de trabajo, en locales sindicales y en distintas instituciones. Pese a la falta de infraestructura, de publicidad, de recursos econ\u00f3micos y la escasa difusi\u00f3n que tuvo en los medios de comunicaci\u00f3n, la propuesta optativa del FRENAPO consigui\u00f3 m\u00e1s votos que el Gobierno de la Alianza -algunos de sus ex funcionarios figuran en el Gabinete de Milei- en las elecciones legislativas obligatorias del 14 de octubre de 2001, pr\u00f3logo de la huida de Casa Rosada en helic\u00f3ptero del Presidente Fernando De la R\u00faa, y de la pueblada del 19 y 20 de diciembre que termin\u00f3 con 39 muertos y 500 heridos en todo el pa\u00eds.<\/p>\n\n\n\n<p>Al cabo de cuarenta a\u00f1os de una democracia colonial que se niega a abrir los canales de participaci\u00f3n popular,&nbsp; habilitar los mecanismos de consulta a la ciudadan\u00eda y, mucho menos, a plebiscitar sus pol\u00edticas p\u00fablicas, queda una certeza: El futuro est\u00e1 en nuestras manos.<\/p>\n\n\n\n<p><strong>*Periodista. Escritor. Congresal Nacional de la CTA Aut\u00f3noma en representaci\u00f3n de la provincia de C\u00f3rdoba<\/strong><\/p>\n","protected":false},"excerpt":{"rendered":"<p>Por Juan Carlos Giuliani* El 11 de septiembre de 2001 partieron desde el Congreso de la Naci\u00f3n -el mismo d\u00eda en que cayeron las Torres Gemelas en Nueva York- siete columnas para iniciar desde distintos lugares de nuestro pa\u00eds caravanas que recorrieron pueblos y ciudades y culminaron el 21 del mismo mes en Plaza de [&hellip;]<\/p>\n","protected":false},"author":7,"featured_media":40414,"comment_status":"open","ping_status":"open","sticky":false,"template":"","format":"standard","meta":{"_exactmetrics_skip_tracking":false,"_exactmetrics_sitenote_active":false,"_exactmetrics_sitenote_note":"","_exactmetrics_sitenote_category":0,"jnews-multi-image_gallery":[],"jnews_single_post":{"subtitle":"A 22 a\u00f1os de la Consulta Popular convocada por el Frente Nacional contra la Pobreza (FRENAPO), es justo y necesario reivindicar esa gesta que significa uno de los puntos m\u00e1s altos de acumulaci\u00f3n de poder popular en la agon\u00eda de la resistencia y cuando asomaba un nuevo tiempo de esperanza colectiva. Fundamentalmente en d\u00edas como los que corren, cuando el nuevo Gobierno Nacional reconstruye los paradigmas olig\u00e1rquicos de dominaci\u00f3n para atropellar los derechos de los sectores populares.","format":"standard","video":"","gallery":"","source_name":"","source_url":"","via_name":"","via_url":"","override_template":"0","override":[{"template":"1","single_blog_custom":"","parallax":"1","fullscreen":"1","layout":"no-sidebar-narrow","sidebar":"default-sidebar","second_sidebar":"default-sidebar","sticky_sidebar":"1","share_position":"bottom","share_float_style":"share-monocrhome","show_share_counter":"1","show_view_counter":"1","show_featured":"0","show_post_meta":"1","show_post_author":"0","show_post_author_image":"1","show_post_date":"1","post_date_format":"default","post_date_format_custom":"Y\/m\/d","show_post_category":"1","show_post_reading_time":"0","post_reading_time_wpm":"300","show_zoom_button":"0","zoom_button_out_step":"2","zoom_button_in_step":"3","show_post_tag":"1","show_prev_next_post":"0","show_popup_post":"0","number_popup_post":"1","show_author_box":"0","show_post_related":"1","show_inline_post_related":"0"}],"override_image_size":"0","image_override":[{"single_post_thumbnail_size":"crop-500","single_post_gallery_size":"crop-500"}],"trending_post":"0","trending_post_position":"meta","trending_post_label":"Trending","sponsored_post":"0","sponsored_post_label":"Sponsored by","sponsored_post_name":"","sponsored_post_url":"","sponsored_post_logo_enable":"0","sponsored_post_logo":"","sponsored_post_desc":"","disable_ad":"0"},"jnews_primary_category":{"id":"","hide":""},"jnews_social_meta":{"fb_title":"","fb_description":"","fb_image":"","twitter_title":"","twitter_description":"","twitter_image":""},"jnews_review":[],"enable_review":"0","type":"percentage","name":"","summary":"","brand":"","sku":"","good":[{"good_text":""}],"bad":[{"bad_text":""}],"score_override":"","override_value":"","rating":[{"rating_text":"","rating_number":"10"}],"price":[{"shop":"","price":"","link":"","icon":""}],"jnews_override_counter":{"override_view_counter":"0","view_counter_number":"0","override_share_counter":"0","share_counter_number":"0","override_like_counter":"0","like_counter_number":"0","override_dislike_counter":"0","dislike_counter_number":"0"},"jnews_post_split":{"enable_post_split":"0","post_split":[{"template":"1","tag":"h2","numbering":"asc","mode":"normal","first":"0","enable_toc":"0","toc_type":"normal"}]},"footnotes":""},"categories":[10],"tags":[],"class_list":["post-40413","post","type-post","status-publish","format-standard","has-post-thumbnail","hentry","category-accion-politica"],"jetpack_featured_media_url":"https:\/\/atecordoba.org\/wp-content\/uploads\/2023\/12\/votante_frenapo-e1702559772762.jpg","_links":{"self":[{"href":"https:\/\/atecordoba.org\/index.php?rest_route=\/wp\/v2\/posts\/40413","targetHints":{"allow":["GET"]}}],"collection":[{"href":"https:\/\/atecordoba.org\/index.php?rest_route=\/wp\/v2\/posts"}],"about":[{"href":"https:\/\/atecordoba.org\/index.php?rest_route=\/wp\/v2\/types\/post"}],"author":[{"embeddable":true,"href":"https:\/\/atecordoba.org\/index.php?rest_route=\/wp\/v2\/users\/7"}],"replies":[{"embeddable":true,"href":"https:\/\/atecordoba.org\/index.php?rest_route=%2Fwp%2Fv2%2Fcomments&post=40413"}],"version-history":[{"count":1,"href":"https:\/\/atecordoba.org\/index.php?rest_route=\/wp\/v2\/posts\/40413\/revisions"}],"predecessor-version":[{"id":40417,"href":"https:\/\/atecordoba.org\/index.php?rest_route=\/wp\/v2\/posts\/40413\/revisions\/40417"}],"wp:featuredmedia":[{"embeddable":true,"href":"https:\/\/atecordoba.org\/index.php?rest_route=\/wp\/v2\/media\/40414"}],"wp:attachment":[{"href":"https:\/\/atecordoba.org\/index.php?rest_route=%2Fwp%2Fv2%2Fmedia&parent=40413"}],"wp:term":[{"taxonomy":"category","embeddable":true,"href":"https:\/\/atecordoba.org\/index.php?rest_route=%2Fwp%2Fv2%2Fcategories&post=40413"},{"taxonomy":"post_tag","embeddable":true,"href":"https:\/\/atecordoba.org\/index.php?rest_route=%2Fwp%2Fv2%2Ftags&post=40413"}],"curies":[{"name":"wp","href":"https:\/\/api.w.org\/{rel}","templated":true}]}}