{"id":40397,"date":"2023-12-13T13:03:40","date_gmt":"2023-12-13T16:03:40","guid":{"rendered":"https:\/\/atecordoba.org\/?p=40397"},"modified":"2023-12-13T13:23:47","modified_gmt":"2023-12-13T16:23:47","slug":"carta-abierta-cadena-3-y-su-cruzada-contra-los-estatales","status":"publish","type":"post","link":"https:\/\/atecordoba.org\/?p=40397","title":{"rendered":"Carta Abierta: Cadena 3 y su cruzada contra las y los estatales"},"content":{"rendered":"<div class=\"wp-block-image\">\n<figure class=\"aligncenter size-large\"><img loading=\"lazy\" decoding=\"async\" width=\"1024\" height=\"461\" src=\"https:\/\/atecordoba.org\/wp-content\/uploads\/2023\/09\/20230907_101633-1024x461.jpg\" alt=\"\" class=\"wp-image-38721\" \/><\/figure>\n<\/div>\n\n\n<p>En base a un equilibrada combinaci\u00f3n de lugares comunes y prejuicios sin fundamento, propios de personas que carecen de todo conocimiento sobre lo que est\u00e1n hablando, y con el indisimulable prop\u00f3sito de estigmatizar a las trabajadoras y trabajadores del Estado, la radio Cadena 3 public\u00f3 ayer una editorial titulada \u201c<a href=\"https:\/\/www.cadena3.com\/noticia\/opinion\/ate-va-a-trabajar-para-los-noquis-o-para-los-mejores-empleados-del-estado_376157\">\u00bfATE va a trabajar para los \u00f1oquis o para los mejores empleados del Estado?<\/a>\u201d y que lleva la firma de un reconocido vocero del agronegocio que enarbola un discurso semejante al que utilizaba para denostar lo p\u00fablico y ensalzar lo privado el periodista Bernardo Neustad en la d\u00e9cada del \u201890.<\/p>\n\n\n\n<p>El texto es un ataque directo a ATE, sindicato que nuclea a trabajadoras y trabajadores del Estado en sus tres niveles: Nacional, Provincial y Municipal. Nuestro gremio tiene por fin principal la defensa de los derechos de esos trabajadores, as\u00ed lo fija el Estatuto que nos rige y, m\u00e1s a\u00fan, es una obligaci\u00f3n que establece la Ley de Asociaciones Sindicales, en base a la Constituci\u00f3n Nacional, que a su vez garantiza el derecho a peticionar ante la autoridad p\u00fablica. &nbsp;<\/p>\n\n\n\n<p>M\u00e1s all\u00e1 del desconocimiento de la legitimidad y legalidad de la Conducci\u00f3n Provincial de ATE C\u00f3rdoba y el derecho que nos rige como organizaci\u00f3n sindical a punto de cumplir 100 a\u00f1os de historia, ostentando la Personer\u00eda Gremial N\u00ba 2 del pa\u00eds, Cadena 3 Argentina condena la protesta contra el ajuste que realizamos el lunes 11 de diciembre partiendo de una serie de falacias y mentiras que nos vemos en la obligaci\u00f3n de responder.<\/p>\n\n\n\n<p>Los estatales nacionales somos el 2.4% del total de la fuerza laboral del pa\u00eds, contra un 15% de EE.UU., por caso, sin contar con las agencias privadas que forman parte de la actividad estatal del pa\u00eds del norte.<\/p>\n\n\n\n<p>La comparaci\u00f3n que el texto hace entre la cantidad de empleados p\u00fablicos, sin diferenciar nacionales de provinciales y municipales, con otros pa\u00edses de la regi\u00f3n omite mencionar la cantidad y calidad de los servicios que brinda el Estado en nuestro pa\u00eds, que justifican la siempre escasa planta de personal. \u00bfAlguien se ha interrogado seriamente lo que hubiera sido transitar la pandemia del Covid con un Estado m\u00ednimo como pretende al actual Gobierno Nacional y pregona la legi\u00f3n de periodistas adictos al neoliberalismo?<\/p>\n\n\n\n<p>Solo hay que preguntarle a los miles de uruguayos, chilenos, paraguayos, peruanos o bolivianos, que eligen nuestro pa\u00eds para vivir para constatar que el Estado argentino garantiza una serie de derechos que en otros pa\u00edses, lamentablemente, no se pueden ejercer ni por asomo. Se trata de un ejercicio que la pereza intelectual del redactor tambi\u00e9n omite realizar.<\/p>\n\n\n\n<p>Pero m\u00e1s a\u00fan, la nota en cuesti\u00f3n nos achaca a los trabajadores la responsabilidad de la inflaci\u00f3n, de la que somos la primera v\u00edctima, porque seg\u00fan dice \u201cpara pagarles, el Estado emite y genera inflaci\u00f3n\u201d. Falso: El Estado paga salarios con recursos del Tesoro, y bastante bajos son los haberes, que en buena medida est\u00e1n por debajo de la l\u00ednea de la pobreza y, seg\u00fan el nivel estatal como en el caso de los municipales, ni siquiera suele alcanzar la l\u00ednea de la indigencia.<\/p>\n\n\n\n<p>La frase claramente opera con la intenci\u00f3n de dividir a trabajadores estatales de privados, demonizando a los primeros para que los segundos miren para otro lado cuando \u201clas fuerzas del cielo\u201d que comanda el Presidente Javier Milei impongan a sangre y fuego el desguace del Estado y rematen el ahorro acumulado de la sociedad argentina durante d\u00e9cadas.<\/p>\n\n\n\n<p>Debemos aclarar que es una intenci\u00f3n claramente pol\u00edtica para desarmar la obvia resistencia que generar\u00e1n los anuncios de despidos y congelamientos salariales en medio de una inflaci\u00f3n que est\u00e1 impulsada desde el propio Gobierno, por ejemplo, a trav\u00e9s de la devaluaci\u00f3n y dolarizaci\u00f3n de los consumos b\u00e1sico, como adelant\u00f3 ayer el Ministro de Econom\u00eda Luis Caputo.<\/p>\n\n\n\n<p><strong>\u00d1oquis y ravioles<\/strong><\/p>\n\n\n\n<p>La editorial de la radio hace hincapi\u00e9 en el mote de \u201c\u00f1oquis\u201d para descalificar a los trabajadores que, seg\u00fan ella, no trabajan. \u00bfCu\u00e1les son sus datos concretos? \u00bfDe d\u00f3nde fundamenta sus argumentos? No lo sabemos, no lo aclara. Los estatales ya hemos recibido distintas agresiones en otras etapas de Gobierno. Nunca se comprob\u00f3 que fuera cierto, como nunca se apunt\u00f3 a la verdadera responsabilidad de quienes deben velar porque los organismos p\u00fablicos funcionen correctamente: Los funcionarios nombrados por los gobiernos. Pero en vez de designar a personas id\u00f3neas, se encargan de \u201cocupar casilleros de la raviolera\u201d, como estuvieron relatando los medios de comunicaci\u00f3n las \u00faltimas semanas sobre la conformaci\u00f3n del actual Gobierno.<\/p>\n\n\n\n<p>El desmadre y la incertidumbre respecto a qui\u00e9n se har\u00e1 cargo de los distintos espacios del Estado a\u00fan est\u00e1 vigente despu\u00e9s de asumido el Gobierno Nacional. Y las certezas que poco a poco vamos viendo nos traen los peores recuerdos. Como dijimos el lunes \u201cno se fue ninguno, sino que volvieron todos los que robaron y saquearon nuestra Patria\u201d. Los nombres se repiten al son de las mismas ideas que fracasaron hace cuatro a\u00f1os con Macri y en los \u201990 con Menem.<\/p>\n\n\n\n<p><strong>Cruzada<\/strong><\/p>\n\n\n\n<p>En un marco donde el nuevo Gobierno ha recibido el apoyo mayoritario del electorado en las elecciones pasadas, las pol\u00edticas de ajuste prometieron ir en contra de \u201cla casta\u201d, cosa que no vemos, sino que los recortes se ensa\u00f1an con los trabajadores, aquellas y aquellos que garantizamos cada d\u00eda que la comunidad pueda acceder a los servicios p\u00fablicos. Si los organismos estatales se encuentran descapitalizados, sin inversi\u00f3n ni medios de trabajo aceptables para que presten los servicios, \u00bfes culpa de quienes los sostenemos cada d\u00eda?<\/p>\n\n\n\n<p>Lejos de eso, sin trabajadores no habr\u00eda directamente servicios p\u00fablicos. Cadena 3 lo sabe y all\u00ed est\u00e1 su cruzada privatizadora.<\/p>\n\n\n\n<p>No nos extra\u00f1a, su origen es la lejana LV3, una radio estatal privatizada por chauchas y palitos durante los primeros tiempos del gobierno de Carlos Menem, para que operara en favor de dicho gobierno y de los poderes econ\u00f3micos concentrados que lo sosten\u00edan. Los mismos que hoy est\u00e1n detr\u00e1s de las pol\u00edticas actuales. No le podemos negar coherencia a la emisora.<\/p>\n\n\n\n<p>En ATE tambi\u00e9n seremos coherentes con nuestra historia, nuestros principios, nuestras obligaciones, el Estatuto y la normativa que nos rige. Defenderemos a todas y todos los trabajadores estatales, promoveremos un Estado presente y solidario con los que menos tienen y, de la misma forma, no seremos el chivo expiatorio de pol\u00edticas que tienen por fin acabar con el Estado de Derecho (que garantiza el derecho a la protesta, como citamos m\u00e1s arriba) y someter por inanici\u00f3n al pueblo en su conjunto.<\/p>\n\n\n\n<p>Como bien ha dicho nuestra Conducci\u00f3n Nacional, nunca defendimos privilegios, corrupci\u00f3n ni irregularidades de ning\u00fan tipo. Pero estaremos dando la pelea para proteger el rol del Estado como garante de la justicia social.<\/p>\n\n\n\n<p>Sin trabajadores no hay Patria.<\/p>\n","protected":false},"excerpt":{"rendered":"<p>En base a un equilibrada combinaci\u00f3n de lugares comunes y prejuicios sin fundamento, propios de personas que carecen de todo conocimiento sobre lo que est\u00e1n hablando, y con el indisimulable prop\u00f3sito de estigmatizar a las trabajadoras y trabajadores del Estado, la radio Cadena 3 public\u00f3 ayer una editorial titulada \u201c\u00bfATE va a trabajar para los [&hellip;]<\/p>\n","protected":false},"author":7,"featured_media":40358,"comment_status":"open","ping_status":"open","sticky":false,"template":"","format":"standard","meta":{"_exactmetrics_skip_tracking":false,"_exactmetrics_sitenote_active":false,"_exactmetrics_sitenote_note":"","_exactmetrics_sitenote_category":0,"jnews-multi-image_gallery":[],"jnews_single_post":{"subtitle":"Sin trabajadores no habr\u00eda directamente servicios p\u00fablicos. La radio lo sabe.","format":"standard","video":"","gallery":"","source_name":"","source_url":"","via_name":"","via_url":"","override_template":"0","override":[{"template":"1","single_blog_custom":"","parallax":"1","fullscreen":"1","layout":"no-sidebar-narrow","sidebar":"default-sidebar","second_sidebar":"default-sidebar","sticky_sidebar":"1","share_position":"bottom","share_float_style":"share-monocrhome","show_share_counter":"1","show_view_counter":"1","show_featured":"0","show_post_meta":"1","show_post_author":"0","show_post_author_image":"1","show_post_date":"1","post_date_format":"default","post_date_format_custom":"Y\/m\/d","show_post_category":"1","show_post_reading_time":"0","post_reading_time_wpm":"300","show_zoom_button":"0","zoom_button_out_step":"2","zoom_button_in_step":"3","show_post_tag":"1","show_prev_next_post":"0","show_popup_post":"0","number_popup_post":"1","show_author_box":"0","show_post_related":"1","show_inline_post_related":"0"}],"override_image_size":"0","image_override":[{"single_post_thumbnail_size":"crop-500","single_post_gallery_size":"crop-500"}],"trending_post":"0","trending_post_position":"meta","trending_post_label":"Trending","sponsored_post":"0","sponsored_post_label":"Sponsored by","sponsored_post_name":"","sponsored_post_url":"","sponsored_post_logo_enable":"0","sponsored_post_logo":"","sponsored_post_desc":"","disable_ad":"0"},"jnews_primary_category":{"id":"","hide":""},"jnews_social_meta":{"fb_title":"","fb_description":"","fb_image":"","twitter_title":"","twitter_description":"","twitter_image":""},"jnews_review":[],"enable_review":"0","type":"percentage","name":"","summary":"","brand":"","sku":"","good":[{"good_text":""}],"bad":[{"bad_text":""}],"score_override":"","override_value":"","rating":[{"rating_text":"","rating_number":"10"}],"price":[{"shop":"","price":"","link":"","icon":""}],"jnews_override_counter":{"override_view_counter":"0","view_counter_number":"0","override_share_counter":"0","share_counter_number":"0","override_like_counter":"0","like_counter_number":"0","override_dislike_counter":"0","dislike_counter_number":"0"},"jnews_post_split":{"enable_post_split":"0","post_split":[{"template":"1","tag":"h2","numbering":"asc","mode":"normal","first":"0","enable_toc":"0","toc_type":"normal"}]},"footnotes":""},"categories":[10],"tags":[],"class_list":["post-40397","post","type-post","status-publish","format-standard","has-post-thumbnail","hentry","category-accion-politica"],"jetpack_featured_media_url":"https:\/\/atecordoba.org\/wp-content\/uploads\/2023\/12\/paro0709-scaled-e1702388786421.jpg","_links":{"self":[{"href":"https:\/\/atecordoba.org\/index.php?rest_route=\/wp\/v2\/posts\/40397","targetHints":{"allow":["GET"]}}],"collection":[{"href":"https:\/\/atecordoba.org\/index.php?rest_route=\/wp\/v2\/posts"}],"about":[{"href":"https:\/\/atecordoba.org\/index.php?rest_route=\/wp\/v2\/types\/post"}],"author":[{"embeddable":true,"href":"https:\/\/atecordoba.org\/index.php?rest_route=\/wp\/v2\/users\/7"}],"replies":[{"embeddable":true,"href":"https:\/\/atecordoba.org\/index.php?rest_route=%2Fwp%2Fv2%2Fcomments&post=40397"}],"version-history":[{"count":3,"href":"https:\/\/atecordoba.org\/index.php?rest_route=\/wp\/v2\/posts\/40397\/revisions"}],"predecessor-version":[{"id":40402,"href":"https:\/\/atecordoba.org\/index.php?rest_route=\/wp\/v2\/posts\/40397\/revisions\/40402"}],"wp:featuredmedia":[{"embeddable":true,"href":"https:\/\/atecordoba.org\/index.php?rest_route=\/wp\/v2\/media\/40358"}],"wp:attachment":[{"href":"https:\/\/atecordoba.org\/index.php?rest_route=%2Fwp%2Fv2%2Fmedia&parent=40397"}],"wp:term":[{"taxonomy":"category","embeddable":true,"href":"https:\/\/atecordoba.org\/index.php?rest_route=%2Fwp%2Fv2%2Fcategories&post=40397"},{"taxonomy":"post_tag","embeddable":true,"href":"https:\/\/atecordoba.org\/index.php?rest_route=%2Fwp%2Fv2%2Ftags&post=40397"}],"curies":[{"name":"wp","href":"https:\/\/api.w.org\/{rel}","templated":true}]}}