{"id":4034,"date":"2014-04-14T19:28:49","date_gmt":"2014-04-14T22:28:49","guid":{"rendered":"http:\/\/www.atecordoba.org\/?p=4034"},"modified":"2020-06-09T15:43:04","modified_gmt":"2020-06-09T18:43:04","slug":"se-presento-el-departamento-de-genero","status":"publish","type":"post","link":"https:\/\/atecordoba.org\/?p=4034","title":{"rendered":"Se present\u00f3 el Departamento de G\u00e9nero"},"content":{"rendered":"<p><em>Esta nueva dependencia del Consejo Directivo Provincial abordar\u00e1 la violencia de g\u00e9nero en los lugares de trabajo. La compa\u00f1era Marta Galante en su car\u00e1cter de coordinadora nacional del Departamento de G\u00e9nero.<\/em><\/p>\n<p style=\"text-align: center;\"><a href=\"http:\/\/atecordoba.org\/wp-content\/uploads\/2020\/06\/genero-1.png\"><img loading=\"lazy\" decoding=\"async\" class=\"aligncenter  wp-image-4036\" alt=\"genero 1\" src=\"http:\/\/atecordoba.org\/wp-content\/uploads\/2020\/06\/genero-1.png\" width=\"560\" height=\"315\" \/><\/a><\/p>\n<p style=\"text-align: left;\">Encabezado por nuestra Secretaria General, Mar\u00eda Teresa Romero, el acto cont\u00f3 con la presencia de compa\u00f1eras y compa\u00f1eros de diversos sectores, convocados para acompa\u00f1ar esta nueva iniciativa del Consejo Directivo Provincial, en el marco de una pol\u00edtica integral que la Mesa Nacional de ATE se viene dando en materia de g\u00e9nero en todo el pa\u00eds. Bajo el paraguas de la Secretaria de Organizaci\u00f3n, a cargo de la compa\u00f1era Silvia Leon, el Departamento de Genero nacional est\u00e1 coordinado por la compa\u00f1era Marta Galante, que estuvo presente en la oportunidad apoyando a los integrantes del nuevo espacio de nuestro gremio en C\u00f3rdoba.<\/p>\n<p style=\"text-align: center;\"><a href=\"http:\/\/atecordoba.org\/wp-content\/uploads\/2020\/06\/genero-3.png\"><img loading=\"lazy\" decoding=\"async\" class=\"aligncenter  wp-image-4037\" alt=\"genero 3\" src=\"http:\/\/atecordoba.org\/wp-content\/uploads\/2020\/06\/genero-3.png\" width=\"560\" height=\"315\" \/><\/a><\/p>\n<p style=\"text-align: left;\">Al presentar el departamento, Romero felicit\u00f3 a los compa\u00f1eros que se comprometieron con el proyecto y destac\u00f3 que &#8220;esta iniciativa es clave para los estatales de C\u00f3rdoba ya que la violencia en los lugares de trabajo es una de las realidades que debemos cambiar y la cuesti\u00f3n de g\u00e9nero atraviesa esas violencias&#8221;.<\/p>\n<p style=\"text-align: center;\"><a href=\"http:\/\/atecordoba.org\/wp-content\/uploads\/2020\/06\/genero2.png\"><img loading=\"lazy\" decoding=\"async\" class=\"aligncenter  wp-image-4038\" alt=\"genero2\" src=\"http:\/\/atecordoba.org\/wp-content\/uploads\/2020\/06\/genero2.png\" width=\"560\" height=\"315\" \/><\/a><\/p>\n<p style=\"text-align: left;\">A su turno, Galante destac\u00f3 la iniciativa pol\u00edtica del CDP y estimul\u00f3 a los compa\u00f1eros a trabajar fuertemente porque &#8220;debemos discutir sobre c\u00f3mo avanzar para eliminar las diferencias y lograr equidad en las condiciones laborales y en derechos. Las mujeres tenemos desigualdades muy profundas en el sistema de trabajo, la precariedad se da en ambos g\u00e9neros pero especialmente entre las mujeres&#8221;.<\/p>\n<p style=\"text-align: left;\">Tambi\u00e9n destac\u00f3 el peso de la cultura machista en la administraci\u00f3n p\u00fablica. &#8220;Debe buscarse una igualdad porque las mujeres tambi\u00e9n ponemos el hombro en la militancia todos los d\u00edas y trabajamos. En el Estado hay mayor cantidad de filiaci\u00f3n femenina pero los cargos jer\u00e1rquicos son en su mayor\u00eda de hombres. Tambi\u00e9n ponemos en discusi\u00f3n el rol que nos tienen asignados como mujeres, de cuidadoras y al hombre de proveedor, para romper ese techo de cristal y poder discutir cualquier cosa con todos&#8221;.<\/p>\n<p style=\"text-align: center;\"><a href=\"http:\/\/atecordoba.org\/wp-content\/uploads\/2020\/06\/genero-4.png\"><img loading=\"lazy\" decoding=\"async\" class=\"aligncenter  wp-image-4039\" alt=\"genero 4\" src=\"http:\/\/atecordoba.org\/wp-content\/uploads\/2020\/06\/genero-4.png\" width=\"560\" height=\"315\" \/><\/a><\/p>\n<p style=\"text-align: left;\">Ante de pasar un video sobre la tem\u00e1tica especialmente seleccionado para la ocasi\u00f3n, la compa\u00f1era Rita Toncovich describi\u00f3 los postulados del Departamento, afirmando que est\u00e1 abierto a todos los compa\u00f1eros que quieran participar.<\/p>\n","protected":false},"excerpt":{"rendered":"<p>Esta nueva dependencia del Consejo Directivo Provincial abordar\u00e1 la violencia de g\u00e9nero en los lugares de trabajo. La compa\u00f1era Marta Galante en su car\u00e1cter de coordinadora nacional del Departamento de G\u00e9nero. Encabezado por nuestra Secretaria General, Mar\u00eda Teresa Romero, el acto cont\u00f3 con la presencia de compa\u00f1eras y compa\u00f1eros de diversos sectores, convocados para acompa\u00f1ar [&hellip;]<\/p>\n","protected":false},"author":1,"featured_media":19220,"comment_status":"open","ping_status":"open","sticky":false,"template":"","format":"standard","meta":{"_exactmetrics_skip_tracking":false,"_exactmetrics_sitenote_active":false,"_exactmetrics_sitenote_note":"","_exactmetrics_sitenote_category":0,"jnews-multi-image_gallery":[],"jnews_single_post":[],"jnews_primary_category":[],"jnews_social_meta":[],"jnews_review":[],"enable_review":"","type":"","name":"","summary":"","brand":"","sku":"","good":[],"bad":[],"score_override":"","override_value":"","rating":[],"price":[],"jnews_override_counter":[],"jnews_post_split":[],"footnotes":""},"categories":[325],"tags":[],"class_list":["post-4034","post","type-post","status-publish","format-standard","has-post-thumbnail","hentry","category-generos-y-diversidades"],"jetpack_featured_media_url":"https:\/\/atecordoba.org\/wp-content\/uploads\/2020\/05\/logo-nuevochico-e1561581322808.png","_links":{"self":[{"href":"https:\/\/atecordoba.org\/index.php?rest_route=\/wp\/v2\/posts\/4034","targetHints":{"allow":["GET"]}}],"collection":[{"href":"https:\/\/atecordoba.org\/index.php?rest_route=\/wp\/v2\/posts"}],"about":[{"href":"https:\/\/atecordoba.org\/index.php?rest_route=\/wp\/v2\/types\/post"}],"author":[{"embeddable":true,"href":"https:\/\/atecordoba.org\/index.php?rest_route=\/wp\/v2\/users\/1"}],"replies":[{"embeddable":true,"href":"https:\/\/atecordoba.org\/index.php?rest_route=%2Fwp%2Fv2%2Fcomments&post=4034"}],"version-history":[{"count":1,"href":"https:\/\/atecordoba.org\/index.php?rest_route=\/wp\/v2\/posts\/4034\/revisions"}],"predecessor-version":[{"id":20051,"href":"https:\/\/atecordoba.org\/index.php?rest_route=\/wp\/v2\/posts\/4034\/revisions\/20051"}],"wp:featuredmedia":[{"embeddable":true,"href":"https:\/\/atecordoba.org\/index.php?rest_route=\/wp\/v2\/media\/19220"}],"wp:attachment":[{"href":"https:\/\/atecordoba.org\/index.php?rest_route=%2Fwp%2Fv2%2Fmedia&parent=4034"}],"wp:term":[{"taxonomy":"category","embeddable":true,"href":"https:\/\/atecordoba.org\/index.php?rest_route=%2Fwp%2Fv2%2Fcategories&post=4034"},{"taxonomy":"post_tag","embeddable":true,"href":"https:\/\/atecordoba.org\/index.php?rest_route=%2Fwp%2Fv2%2Ftags&post=4034"}],"curies":[{"name":"wp","href":"https:\/\/api.w.org\/{rel}","templated":true}]}}