{"id":40317,"date":"2023-12-11T10:51:33","date_gmt":"2023-12-11T13:51:33","guid":{"rendered":"https:\/\/atecordoba.org\/?p=40317"},"modified":"2023-12-11T10:55:52","modified_gmt":"2023-12-11T13:55:52","slug":"asumio-la-seccional-ate-rio-tercero","status":"publish","type":"post","link":"https:\/\/atecordoba.org\/?p=40317","title":{"rendered":"Asumi\u00f3 la seccional ATE R\u00edo Tercero"},"content":{"rendered":"<div class=\"wp-block-image\">\n<figure class=\"aligncenter size-large is-resized\"><img loading=\"lazy\" decoding=\"async\" src=\"https:\/\/atecordoba.org\/wp-content\/uploads\/2023\/12\/WhatsApp-Image-2023-12-11-at-08.17.05-1-1024x768.jpeg\" alt=\"\" class=\"wp-image-40318\" width=\"768\" height=\"576\" \/><\/figure>\n<\/div>\n\n\n<p>El 7 de diciembre asumi\u00f3 la nueva conducci\u00f3n de la seccional ATE R\u00edo Tercero, surgida de las elecciones del 9 de agosto pasado.<\/p>\n\n\n\n<p>En la oportunidad tomaron posici\u00f3n del cargo David Salto, como secretario General, y Fabiana Acevedo, como Adjunta.<\/p>\n\n\n\n<p>Una delegaci\u00f3n del Consejo Directivo Provincial (CDP), encabeza por el secretario Gremial, Jorge Chalup, estuvo presente para acompa\u00f1ar el emotivo acto.<\/p>\n\n\n\n<p>Con la participaci\u00f3n de autoridades de la ciudad y del Consejo Directivo Nacional -estuvo el secretario Gremial Oscar de Isasi- las y los compa\u00f1eros destacaron la &#8216;Conducci\u00f3n del Centenario&#8217; como hito que marca esta etapa que se abre, donde la unidad y la convicci\u00f3n en la defensa de la clase trabajadora, del Estado y de la Naci\u00f3n en su conjunto son partes fundamentales del camino que gu\u00eda nuestra organizaci\u00f3n.<\/p>\n\n\n\n<figure class=\"wp-block-gallery has-nested-images columns-default is-cropped wp-block-gallery-1 is-layout-flex wp-block-gallery-is-layout-flex\">\n<figure class=\"wp-block-image size-large\"><img loading=\"lazy\" decoding=\"async\" width=\"1024\" height=\"768\" data-id=\"40319\" src=\"https:\/\/atecordoba.org\/wp-content\/uploads\/2023\/12\/WhatsApp-Image-2023-12-11-at-08.16.28-1024x768.jpeg\" alt=\"\" class=\"wp-image-40319\" srcset=\"https:\/\/atecordoba.org\/wp-content\/uploads\/2023\/12\/WhatsApp-Image-2023-12-11-at-08.16.28-1024x768.jpeg 1024w, https:\/\/atecordoba.org\/wp-content\/uploads\/2023\/12\/WhatsApp-Image-2023-12-11-at-08.16.28-300x225.jpeg 300w, https:\/\/atecordoba.org\/wp-content\/uploads\/2023\/12\/WhatsApp-Image-2023-12-11-at-08.16.28-768x576.jpeg 768w, https:\/\/atecordoba.org\/wp-content\/uploads\/2023\/12\/WhatsApp-Image-2023-12-11-at-08.16.28-750x563.jpeg 750w, https:\/\/atecordoba.org\/wp-content\/uploads\/2023\/12\/WhatsApp-Image-2023-12-11-at-08.16.28-1140x855.jpeg 1140w, https:\/\/atecordoba.org\/wp-content\/uploads\/2023\/12\/WhatsApp-Image-2023-12-11-at-08.16.28.jpeg 1280w\" sizes=\"auto, (max-width: 1024px) 100vw, 1024px\" \/><\/figure>\n\n\n\n<figure class=\"wp-block-image size-large\"><img loading=\"lazy\" decoding=\"async\" width=\"1024\" height=\"768\" data-id=\"40320\" src=\"https:\/\/atecordoba.org\/wp-content\/uploads\/2023\/12\/WhatsApp-Image-2023-12-11-at-08.16.29-1024x768.jpeg\" alt=\"\" class=\"wp-image-40320\" srcset=\"https:\/\/atecordoba.org\/wp-content\/uploads\/2023\/12\/WhatsApp-Image-2023-12-11-at-08.16.29-1024x768.jpeg 1024w, https:\/\/atecordoba.org\/wp-content\/uploads\/2023\/12\/WhatsApp-Image-2023-12-11-at-08.16.29-300x225.jpeg 300w, https:\/\/atecordoba.org\/wp-content\/uploads\/2023\/12\/WhatsApp-Image-2023-12-11-at-08.16.29-768x576.jpeg 768w, https:\/\/atecordoba.org\/wp-content\/uploads\/2023\/12\/WhatsApp-Image-2023-12-11-at-08.16.29-750x563.jpeg 750w, https:\/\/atecordoba.org\/wp-content\/uploads\/2023\/12\/WhatsApp-Image-2023-12-11-at-08.16.29-1140x855.jpeg 1140w, https:\/\/atecordoba.org\/wp-content\/uploads\/2023\/12\/WhatsApp-Image-2023-12-11-at-08.16.29.jpeg 1320w\" sizes=\"auto, (max-width: 1024px) 100vw, 1024px\" \/><\/figure>\n<\/figure>\n\n\n\n<p>A la hora de los discursos, Jorge Chalup trajo el saludo de la comisi\u00f3n directiva del CDP y del secretario General, Federico Giuliani, destacando &#8220;la madurez pol\u00edtica de las seccionales para construir unidad. Tenemos que dejar de lado las diferencias, compa\u00f1eras y compa\u00f1eros, porque el escenario actual es bastante complicado. Hacemos carne la consigna \u2018si tocan a uno, tocan a todos\u2019, as\u00ed que sepan que el CDP va a estar en R\u00edo Tercero, en Villa Mar\u00eda, en cualquier territorio donde surja el conflicto y haya que defender la dignidad de las y los estatales. <\/p>\n\n\n\n<p>Tambi\u00e9n participaron el secretario de DDHH, C\u00e9sar Theaux, su par de Organizaci\u00f3n, Javier Bracamonte, y la compa\u00f1era Ivana Guevara, entre otras y otros.<\/p>\n\n\n\n<p><\/p>\n","protected":false},"excerpt":{"rendered":"<p>El 7 de diciembre asumi\u00f3 la nueva conducci\u00f3n de la seccional ATE R\u00edo Tercero, surgida de las elecciones del 9 de agosto pasado. En la oportunidad tomaron posici\u00f3n del cargo David Salto, como secretario General, y Fabiana Acevedo, como Adjunta. Una delegaci\u00f3n del Consejo Directivo Provincial (CDP), encabeza por el secretario Gremial, Jorge Chalup, estuvo [&hellip;]<\/p>\n","protected":false},"author":7,"featured_media":40318,"comment_status":"open","ping_status":"open","sticky":false,"template":"","format":"standard","meta":{"_exactmetrics_skip_tracking":false,"_exactmetrics_sitenote_active":false,"_exactmetrics_sitenote_note":"","_exactmetrics_sitenote_category":0,"jnews-multi-image_gallery":[],"jnews_single_post":{"subtitle":"Las y los compa\u00f1eros destacaron la 'Conducci\u00f3n del Centenario' como hito que marca esta etapa que se abre, donde la unidad y la convicci\u00f3n en la defensa de la clase trabajadora, del Estado y de la Naci\u00f3n en su conjunto son partes fundamentales del camino que gu\u00eda nuestra organizaci\u00f3n.","format":"standard","video":"","gallery":"","source_name":"","source_url":"","via_name":"","via_url":"","override_template":"0","override":[{"template":"1","single_blog_custom":"","parallax":"1","fullscreen":"1","layout":"no-sidebar-narrow","sidebar":"default-sidebar","second_sidebar":"default-sidebar","sticky_sidebar":"1","share_position":"bottom","share_float_style":"share-monocrhome","show_share_counter":"1","show_view_counter":"1","show_featured":"0","show_post_meta":"1","show_post_author":"0","show_post_author_image":"1","show_post_date":"1","post_date_format":"default","post_date_format_custom":"Y\/m\/d","show_post_category":"1","show_post_reading_time":"0","post_reading_time_wpm":"300","show_zoom_button":"0","zoom_button_out_step":"2","zoom_button_in_step":"3","show_post_tag":"1","show_prev_next_post":"0","show_popup_post":"0","number_popup_post":"1","show_author_box":"0","show_post_related":"1","show_inline_post_related":"0"}],"override_image_size":"0","image_override":[{"single_post_thumbnail_size":"crop-500","single_post_gallery_size":"crop-500"}],"trending_post":"0","trending_post_position":"meta","trending_post_label":"Trending","sponsored_post":"0","sponsored_post_label":"Sponsored by","sponsored_post_name":"","sponsored_post_url":"","sponsored_post_logo_enable":"0","sponsored_post_logo":"","sponsored_post_desc":"","disable_ad":"0"},"jnews_primary_category":{"id":"","hide":""},"jnews_social_meta":{"fb_title":"","fb_description":"","fb_image":"","twitter_title":"","twitter_description":"","twitter_image":""},"jnews_review":[],"enable_review":"0","type":"percentage","name":"","summary":"","brand":"","sku":"","good":[{"good_text":""}],"bad":[{"bad_text":""}],"score_override":"","override_value":"","rating":[{"rating_text":"","rating_number":"10"}],"price":[{"shop":"","price":"","link":"","icon":""}],"jnews_override_counter":{"override_view_counter":"0","view_counter_number":"0","override_share_counter":"0","share_counter_number":"0","override_like_counter":"0","like_counter_number":"0","override_dislike_counter":"0","dislike_counter_number":"0"},"jnews_post_split":{"enable_post_split":"0","post_split":[{"template":"1","tag":"h2","numbering":"asc","mode":"normal","first":"0","enable_toc":"0","toc_type":"normal"}]},"footnotes":""},"categories":[13],"tags":[],"class_list":["post-40317","post","type-post","status-publish","format-standard","has-post-thumbnail","hentry","category-rio-tercero"],"jetpack_featured_media_url":"https:\/\/atecordoba.org\/wp-content\/uploads\/2023\/12\/WhatsApp-Image-2023-12-11-at-08.17.05-1-e1702302685212.jpeg","_links":{"self":[{"href":"https:\/\/atecordoba.org\/index.php?rest_route=\/wp\/v2\/posts\/40317","targetHints":{"allow":["GET"]}}],"collection":[{"href":"https:\/\/atecordoba.org\/index.php?rest_route=\/wp\/v2\/posts"}],"about":[{"href":"https:\/\/atecordoba.org\/index.php?rest_route=\/wp\/v2\/types\/post"}],"author":[{"embeddable":true,"href":"https:\/\/atecordoba.org\/index.php?rest_route=\/wp\/v2\/users\/7"}],"replies":[{"embeddable":true,"href":"https:\/\/atecordoba.org\/index.php?rest_route=%2Fwp%2Fv2%2Fcomments&post=40317"}],"version-history":[{"count":2,"href":"https:\/\/atecordoba.org\/index.php?rest_route=\/wp\/v2\/posts\/40317\/revisions"}],"predecessor-version":[{"id":40322,"href":"https:\/\/atecordoba.org\/index.php?rest_route=\/wp\/v2\/posts\/40317\/revisions\/40322"}],"wp:featuredmedia":[{"embeddable":true,"href":"https:\/\/atecordoba.org\/index.php?rest_route=\/wp\/v2\/media\/40318"}],"wp:attachment":[{"href":"https:\/\/atecordoba.org\/index.php?rest_route=%2Fwp%2Fv2%2Fmedia&parent=40317"}],"wp:term":[{"taxonomy":"category","embeddable":true,"href":"https:\/\/atecordoba.org\/index.php?rest_route=%2Fwp%2Fv2%2Fcategories&post=40317"},{"taxonomy":"post_tag","embeddable":true,"href":"https:\/\/atecordoba.org\/index.php?rest_route=%2Fwp%2Fv2%2Ftags&post=40317"}],"curies":[{"name":"wp","href":"https:\/\/api.w.org\/{rel}","templated":true}]}}