{"id":40309,"date":"2023-12-11T10:17:00","date_gmt":"2023-12-11T13:17:00","guid":{"rendered":"https:\/\/atecordoba.org\/?p=40309"},"modified":"2023-12-11T10:18:43","modified_gmt":"2023-12-11T13:18:43","slug":"a-46-anos-de-la-fundacion-de-anusate","status":"publish","type":"post","link":"https:\/\/atecordoba.org\/?p=40309","title":{"rendered":"A 46 a\u00f1os de la fundaci\u00f3n de ANUSATE"},"content":{"rendered":"<div class=\"wp-block-image\">\n<figure class=\"aligncenter size-full is-resized\"><img loading=\"lazy\" decoding=\"async\" src=\"https:\/\/atecordoba.org\/wp-content\/uploads\/2023\/12\/diario.jpg\" alt=\"\" class=\"wp-image-40310\" width=\"750\" height=\"572\" srcset=\"https:\/\/atecordoba.org\/wp-content\/uploads\/2023\/12\/diario.jpg 1000w, https:\/\/atecordoba.org\/wp-content\/uploads\/2023\/12\/diario-300x229.jpg 300w, https:\/\/atecordoba.org\/wp-content\/uploads\/2023\/12\/diario-768x585.jpg 768w, https:\/\/atecordoba.org\/wp-content\/uploads\/2023\/12\/diario-750x572.jpg 750w\" sizes=\"auto, (max-width: 750px) 100vw, 750px\" \/><\/figure>\n<\/div>\n\n\n<p>Alguien dijo una vez que lo importante nace necesario y as\u00ed sucedi\u00f3 en los or\u00edgenes de la agrupaci\u00f3n sindical que surgi\u00f3 en 1977 como alternativa a una dirigencia de ATE que colaboraba con la \u00faltima dictadura militar.<\/p>\n\n\n\n<p>El por entonces Secretario General, Juan Horvath, no solo hab\u00eda tenido la posibilidad de auto intervenir el sindicato a su gusto -y el de los milicos- sino que hab\u00eda blanqueado la dictadura en la Conferencia Internacional del Trabajo de la OIT realizada en julio de 1976, apenas cuatro meses despu\u00e9s del Golpe c\u00edvico-militar.<\/p>\n\n\n\n<p>Los que resist\u00edan la barbarie, dentro y fuera de ATE, quisieron voltearlo en un congreso del gremio realizado en C\u00f3rdoba en diciembre de ese a\u00f1o, pero fueron convencidos por la propuesta de un dirigente nacional, H\u00e9ctor Quagliaro, de construir una agrupaci\u00f3n sindical que lentamente horadara a esa conducci\u00f3n colaboracionista. Una propuesta novedosa en la historia de un sindicato que siempre hab\u00eda ido a elecciones con una sola lista, la Azul y Blanca.<\/p>\n\n\n<div class=\"wp-block-image\">\n<figure class=\"aligncenter size-full is-resized\"><img loading=\"lazy\" decoding=\"async\" src=\"https:\/\/atecordoba.org\/wp-content\/uploads\/2023\/12\/bandera.jpg\" alt=\"\" class=\"wp-image-40311\" width=\"736\" height=\"414\" \/><\/figure>\n<\/div>\n\n\n<p>Tras muchos esfuerzos a lo largo de un a\u00f1o por unir voluntades, haciendo reuniones clandestinas, soportando expulsiones, amenazas y despidos y recorriendo las provincias y los sectores pregonando en voz baja la iniciativa, lleg\u00f3 el momento de juntarse para darle forma a la esperanza.<\/p>\n\n\n\n<p>El lugar elegido fue la Casa Nazareth, en el porte\u00f1o barrio de Balvanera, pegadita a la Iglesia de la Santa Cruz. Un espacio conseguido gracias a las relaciones que ten\u00eda con la Iglesia uno de los integrantes de la agrupaci\u00f3n que nac\u00eda: Carlos Custer, por entonces responsable de la Organizaci\u00f3n Regional del Cono Sur de la Central Latinoamericana de Trabajadores (CLAT).<\/p>\n\n\n\n<p>All\u00ed fueron convocados representantes de ocho seccionales y del Consejo Directivo Central de ATE (no m\u00e1s de una veintena de compa\u00f1eros) para dar forma a esa agrupaci\u00f3n que so\u00f1aban.<\/p>\n\n\n\n<p>Pero ninguno de ellos sab\u00eda que el d\u00eda anterior, la dictadura hab\u00eda dado un zarpazo bestial-en ese mismo lugar- sobre el incipiente movimiento de familiares de detenidos-desaparecidos que buscaban averiguar el paradero de sus seres queridos.<\/p>\n\n\n<div class=\"wp-block-image\">\n<figure class=\"aligncenter size-full is-resized\"><img loading=\"lazy\" decoding=\"async\" src=\"https:\/\/atecordoba.org\/wp-content\/uploads\/2023\/12\/equipo.jpg\" alt=\"\" class=\"wp-image-40312\" width=\"720\" height=\"516\" srcset=\"https:\/\/atecordoba.org\/wp-content\/uploads\/2023\/12\/equipo.jpg 768w, https:\/\/atecordoba.org\/wp-content\/uploads\/2023\/12\/equipo-300x215.jpg 300w, https:\/\/atecordoba.org\/wp-content\/uploads\/2023\/12\/equipo-120x86.jpg 120w, https:\/\/atecordoba.org\/wp-content\/uploads\/2023\/12\/equipo-350x250.jpg 350w, https:\/\/atecordoba.org\/wp-content\/uploads\/2023\/12\/equipo-750x538.jpg 750w\" sizes=\"auto, (max-width: 720px) 100vw, 720px\" \/><\/figure>\n<\/div>\n\n\n<p>Ese tr\u00e1gico jueves -con el genocida Alfredo Astiz a la cabeza- los represores secuestraron de la propia Iglesia -y en posteriores redadas- a Azucena Villaflor (fundadora de Madres de Plaza de Mayo), a la monja francesa Alice Domon del Movimiento Ecum\u00e9nico por los Derechos Humanos (MEDH) y a otros ocho familiares de desaparecidos.<\/p>\n\n\n\n<p>Cuenta la historia que un te\u00f3logo y militante pol\u00edtico uruguayo, Methol Ferr\u00e9, refugiado en la Casa Nazareth, les advirti\u00f3 de lo sucedido el d\u00eda anterior a los primeros que llegaron para fundar la agrupaci\u00f3n y que estos no entendieron (o prefirieron no entender) el peligro que corr\u00edan.<\/p>\n\n\n\n<p>Sea como sea, iniciaron las sesiones el s\u00e1bado 10 de diciembre y antes de la noche emitieron un documento consensuado que comenzaba diciendo: \u201cUn grupo importante de compa\u00f1eros que componen las diversas Seccionales de ATE, impulsados por la inquietud ante la magnitud de situaciones estructurales y econ\u00f3micas por la que atraviesan todos los trabajadores, han decidido autoconvocarse para analizar, a la luz de la realidad social y pol\u00edtica que nos circunda, el estado y la marcha de nuestra Organizaci\u00f3n (\u2026)\u201d. Y finalizaba planteando que \u201c(\u2026) Formulamos este llamamiento hoy para que nadie pueda alegar que no fue convocado a esta justa y necesaria iniciativa, y porque queremos evitar que ma\u00f1ana sea tarde para salvar a una de las organizaciones pioneras del Movimiento Obrero Argentino\u201d.<\/p>\n\n\n\n<figure class=\"wp-block-gallery has-nested-images columns-default is-cropped wp-block-gallery-1 is-layout-flex wp-block-gallery-is-layout-flex\">\n<figure class=\"wp-block-image size-large\"><img loading=\"lazy\" decoding=\"async\" width=\"300\" height=\"170\" data-id=\"40313\" src=\"https:\/\/atecordoba.org\/wp-content\/uploads\/2023\/12\/pizarra.jpg\" alt=\"\" class=\"wp-image-40313\" \/><\/figure>\n\n\n\n<figure class=\"wp-block-image size-large\"><img loading=\"lazy\" decoding=\"async\" width=\"300\" height=\"278\" data-id=\"40314\" src=\"https:\/\/atecordoba.org\/wp-content\/uploads\/2023\/12\/victorygerman.jpg\" alt=\"\" class=\"wp-image-40314\" \/><\/figure>\n<\/figure>\n\n\n\n<p>As\u00ed fue que un 10 de diciembre de hace 45 a\u00f1os naci\u00f3 la Agrupaci\u00f3n Nacional \u201cUnidad y Solidaridad\u201d de la Asociaci\u00f3n Trabajadores del Estado (ANUSATE) con las firmas de V\u00edctor De Gennaro (primer Secretario General de la Agrupaci\u00f3n), Andr\u00e9s P\u00e9rez, Alberto Gi\u00fadice, Luis Vila, Oscar \u201cCacho\u201d Mengarelli, V\u00edctor \u201cColacho\u201d Mart\u00ednez, Manuel Sbarbati, Miguel Peirano, N\u00e9stor Peysee, Luis Daldini, H\u00e9ctor Sanmartino, Walter Rodr\u00edguez, Eduardo De Gennaro, Hugo Contreras, Edgardo Cruz, \u00c1ngel Bardaro, Miguel Romero, Horacio Buccicardi, Germ\u00e1n Abdala y el designado Presidente de ANUSATE, H\u00e9ctor Quagliaro, entre otros, en representaci\u00f3n de las seccionales de Borghi, Rosario, Villa Mar\u00eda, Ingeniero White, San Mart\u00edn, Capital Federal, Corrientes y Concepci\u00f3n del Uruguay&nbsp; m\u00e1s algunos integrantes del Consejo Directivo Nacional.<\/p>\n\n\n\n<p>Y fue precisamente Quagliaro, el inspirador de la agrupaci\u00f3n, qui\u00e9n en un momento de la hist\u00f3rica fundaci\u00f3n solt\u00f3 aquello de que&nbsp;<em>\u201cestamos abriendo un cauce para que lo transiten miles de compa\u00f1eros que a\u00fan no conocemos\u201d.<\/em><\/p>\n\n\n\n<p>Esta humilde nota est\u00e1 dirigida a aquellos valientes que en la noche m\u00e1s negra de la historia de nuestro pa\u00eds tuvieron el coraje de animarse y luchar por una utop\u00eda que sonaba muy lejana y a los miles y miles de hombres y mujeres que ellos no conoc\u00edan y hoy son el presente de aquel viejo sue\u00f1o.<\/p>\n","protected":false},"excerpt":{"rendered":"<p>Alguien dijo una vez que lo importante nace necesario y as\u00ed sucedi\u00f3 en los or\u00edgenes de la agrupaci\u00f3n sindical que surgi\u00f3 en 1977 como alternativa a una dirigencia de ATE que colaboraba con la \u00faltima dictadura militar. El por entonces Secretario General, Juan Horvath, no solo hab\u00eda tenido la posibilidad de auto intervenir el sindicato [&hellip;]<\/p>\n","protected":false},"author":7,"featured_media":40311,"comment_status":"open","ping_status":"open","sticky":false,"template":"","format":"standard","meta":{"_exactmetrics_skip_tracking":false,"_exactmetrics_sitenote_active":false,"_exactmetrics_sitenote_note":"","_exactmetrics_sitenote_category":0,"jnews-multi-image_gallery":[],"jnews_single_post":{"subtitle":"En1977 nace la Agrupaci\u00f3n Nacional Unidad y Solidaridad en ATE, que recuper\u00f3 el sindicato en 1984.  La misma que conduce hoy los destinos de los trabajadores del Estado.","format":"standard","video":"","gallery":"","source_name":"","source_url":"","via_name":"","via_url":"","override_template":"0","override":[{"template":"1","single_blog_custom":"","parallax":"1","fullscreen":"1","layout":"no-sidebar-narrow","sidebar":"default-sidebar","second_sidebar":"default-sidebar","sticky_sidebar":"1","share_position":"bottom","share_float_style":"share-monocrhome","show_share_counter":"1","show_view_counter":"1","show_featured":"0","show_post_meta":"1","show_post_author":"0","show_post_author_image":"1","show_post_date":"1","post_date_format":"default","post_date_format_custom":"Y\/m\/d","show_post_category":"1","show_post_reading_time":"0","post_reading_time_wpm":"300","show_zoom_button":"0","zoom_button_out_step":"2","zoom_button_in_step":"3","show_post_tag":"1","show_prev_next_post":"0","show_popup_post":"0","number_popup_post":"1","show_author_box":"0","show_post_related":"1","show_inline_post_related":"0"}],"override_image_size":"0","image_override":[{"single_post_thumbnail_size":"crop-500","single_post_gallery_size":"crop-500"}],"trending_post":"0","trending_post_position":"meta","trending_post_label":"Trending","sponsored_post":"0","sponsored_post_label":"Sponsored by","sponsored_post_name":"","sponsored_post_url":"","sponsored_post_logo_enable":"0","sponsored_post_logo":"","sponsored_post_desc":"","disable_ad":"0"},"jnews_primary_category":{"id":"","hide":""},"jnews_social_meta":{"fb_title":"Identidad: A 46 a\u00f1os de la fundaci\u00f3n de ANUSATE","fb_description":"","fb_image":"","twitter_title":"","twitter_description":"","twitter_image":""},"jnews_review":[],"enable_review":"0","type":"percentage","name":"","summary":"","brand":"","sku":"","good":[{"good_text":""}],"bad":[{"bad_text":""}],"score_override":"","override_value":"","rating":[{"rating_text":"","rating_number":"10"}],"price":[{"shop":"","price":"","link":"","icon":""}],"jnews_override_counter":{"override_view_counter":"0","view_counter_number":"0","override_share_counter":"0","share_counter_number":"0","override_like_counter":"0","like_counter_number":"0","override_dislike_counter":"0","dislike_counter_number":"0"},"jnews_post_split":{"enable_post_split":"0","post_split":[{"template":"1","tag":"h2","numbering":"asc","mode":"normal","first":"0","enable_toc":"0","toc_type":"normal"}]},"footnotes":""},"categories":[10],"tags":[],"class_list":["post-40309","post","type-post","status-publish","format-standard","has-post-thumbnail","hentry","category-accion-politica"],"jetpack_featured_media_url":"https:\/\/atecordoba.org\/wp-content\/uploads\/2023\/12\/bandera-e1702300613679.jpg","_links":{"self":[{"href":"https:\/\/atecordoba.org\/index.php?rest_route=\/wp\/v2\/posts\/40309","targetHints":{"allow":["GET"]}}],"collection":[{"href":"https:\/\/atecordoba.org\/index.php?rest_route=\/wp\/v2\/posts"}],"about":[{"href":"https:\/\/atecordoba.org\/index.php?rest_route=\/wp\/v2\/types\/post"}],"author":[{"embeddable":true,"href":"https:\/\/atecordoba.org\/index.php?rest_route=\/wp\/v2\/users\/7"}],"replies":[{"embeddable":true,"href":"https:\/\/atecordoba.org\/index.php?rest_route=%2Fwp%2Fv2%2Fcomments&post=40309"}],"version-history":[{"count":2,"href":"https:\/\/atecordoba.org\/index.php?rest_route=\/wp\/v2\/posts\/40309\/revisions"}],"predecessor-version":[{"id":40316,"href":"https:\/\/atecordoba.org\/index.php?rest_route=\/wp\/v2\/posts\/40309\/revisions\/40316"}],"wp:featuredmedia":[{"embeddable":true,"href":"https:\/\/atecordoba.org\/index.php?rest_route=\/wp\/v2\/media\/40311"}],"wp:attachment":[{"href":"https:\/\/atecordoba.org\/index.php?rest_route=%2Fwp%2Fv2%2Fmedia&parent=40309"}],"wp:term":[{"taxonomy":"category","embeddable":true,"href":"https:\/\/atecordoba.org\/index.php?rest_route=%2Fwp%2Fv2%2Fcategories&post=40309"},{"taxonomy":"post_tag","embeddable":true,"href":"https:\/\/atecordoba.org\/index.php?rest_route=%2Fwp%2Fv2%2Ftags&post=40309"}],"curies":[{"name":"wp","href":"https:\/\/api.w.org\/{rel}","templated":true}]}}