{"id":40285,"date":"2023-12-07T13:08:19","date_gmt":"2023-12-07T16:08:19","guid":{"rendered":"https:\/\/atecordoba.org\/?p=40285"},"modified":"2023-12-07T13:39:30","modified_gmt":"2023-12-07T16:39:30","slug":"macri-denunciado-penalmente-tras-alentar-a-la-violencia-parapolicial-contra-el-derecho-a-la-protesta-en-un-programa-de-tv","status":"publish","type":"post","link":"https:\/\/atecordoba.org\/?p=40285","title":{"rendered":"Denuncia penal a Macri por Incitaci\u00f3n a la violencia"},"content":{"rendered":"<div class=\"wp-block-image\">\n<figure class=\"aligncenter size-large is-resized\"><img loading=\"lazy\" decoding=\"async\" src=\"https:\/\/atecordoba.org\/wp-content\/uploads\/2023\/12\/tapa-1024x777.jpeg\" alt=\"\" class=\"wp-image-40286\" width=\"768\" height=\"583\" srcset=\"https:\/\/atecordoba.org\/wp-content\/uploads\/2023\/12\/tapa-1024x777.jpeg 1024w, https:\/\/atecordoba.org\/wp-content\/uploads\/2023\/12\/tapa-300x227.jpeg 300w, https:\/\/atecordoba.org\/wp-content\/uploads\/2023\/12\/tapa-768x582.jpeg 768w, https:\/\/atecordoba.org\/wp-content\/uploads\/2023\/12\/tapa-750x569.jpeg 750w, https:\/\/atecordoba.org\/wp-content\/uploads\/2023\/12\/tapa-1140x864.jpeg 1140w, https:\/\/atecordoba.org\/wp-content\/uploads\/2023\/12\/tapa.jpeg 1204w\" sizes=\"auto, (max-width: 768px) 100vw, 768px\" \/><figcaption class=\"wp-element-caption\">El abogado Eugenio Biafore y el secretario General de ATE C\u00f3rdoba, Federico Giuliani, denunciante en la causa.<\/figcaption><\/figure>\n<\/div>\n\n\n<p>El secretario General de ATE C\u00f3rdoba, Federico Giuliani, denunci\u00f3 penalmente al ex Presidente Mauricio Macri en Tribunales Federales esta ma\u00f1ana por &#8220;incitaci\u00f3n a la violencia&#8221; debido a sus declaraciones en un programa de televisi\u00f3n, donde alent\u00f3 a grupos civiles a reprimir las protestas que generen las pol\u00edticas de ajuste del gobierno que encabeza Javier Milei.<\/p>\n\n\n\n<p>Seg\u00fan establece la denuncia, al afirmar frente al periodista Joaqu\u00edn Morales Sol\u00e1 en el canal TN que <strong><em>&#8220;los j\u00f3venes van a ir a defender su oportunidad, ellos van a tener que medir muy bien los orcos quieran salir a la calle a hacerles mal<\/em><\/strong>&#8220;, Macri vulnera el art\u00edculo 212 del C\u00f3digo Penal, que reprime con pena de 3 a 6 a\u00f1os de c\u00e1rcel <strong>&#8220;el que p\u00fablicamente incitare a la violencia colectiva contra grupos de personas o instituciones<\/strong>&#8220;. <\/p>\n\n\n<div class=\"wp-block-image\">\n<figure class=\"alignright size-large is-resized\"><img loading=\"lazy\" decoding=\"async\" src=\"https:\/\/atecordoba.org\/wp-content\/uploads\/2023\/12\/WhatsApp-Image-2023-12-07-at-11.37.59-771x1024.jpeg\" alt=\"\" class=\"wp-image-40287\" width=\"359\" height=\"475\" \/><\/figure>\n<\/div>\n\n\n<p>De esta forma, Giuliani reclama que la Justicia intervenga y castigue las afirmaciones de Macri, de especial gravedad en un contexto de violencia verbal generalizada de sectores afines al gobierno entrante, que ya se han hecho efectivas a trav\u00e9s de amenazas de muerte a dirigentes y organizaciones sociales. El caso m\u00e1s conocido, pero no el \u00fanico, es el que<a href=\"https:\/\/www.telam.com.ar\/notas\/202311\/647683-secretaria-ddhh-denuncia-penal-contra-marco-chediek.html\"> sufri\u00f3 recientemente<\/a> el dirigente Juan Grabois y otros dirigentes gremiales como el camionero Pablo Moyano.<\/p>\n\n\n\n<p>En ese marco, y frente a un horizonte de protestas sociales donde ATE prev\u00e9 salir a resistir, en el marco de la ley vigente, el ajuste que promete Milei, Giuliani dijo hoy en Tribunales que &#8220;vemos muy peligrosas las declaraciones de Macri, en un proceso de avanzada del fascismo y la represi\u00f3n, no solo en el marco institucional del Estado sino tambi\u00e9n en la perspectiva de intervenciones de grupos parapoliciales que tercericen la represi\u00f3n del Estado&#8221;.<\/p>\n\n\n\n<p>Y remarc\u00f3 que &#8220;ya lo vivimos con la Liga Patri\u00f3tica en la d\u00e9cada de 1920 y con la Triple A en los \u201970. Por eso nos presentamos como querellantes. No vamos a dejar pasar impunes este tipo de declaraciones, ante la posibilidad que despu\u00e9s sucedan hechos graves a partir de esta convocatoria al enfrentamiento que hizo Macri&#8221;.<\/p>\n\n\n\n<p>Cabe se\u00f1alar que Giuliani hab\u00eda enviado a Macri una Carta Documento el pasado 23 de noviembre, para que ratifique o rectifique sus declaraciones &#8220;bajo apercibimiento que para el caso de silencio se tomar\u00e1n sus dichos como &#8216;ratificaci\u00f3n&#8217; de los mismos&#8221;. Ante la falta de respuesta el paso siguiente fue realizar la denuncia judicial correspondiente. <\/p>\n\n\n\n<p>&#8220;Macri llam\u00f3 &#8216;Orcos&#8217; a quienes ejercemos el derecho a la protesta. Seg\u00fan el diccionario &#8216;Orco&#8217; es un \u201cmuerto en pecado\u201d, figura que menosprecia a las organizaciones que proponemos la resistencia al ajuste. Seguidamente, Macri plante\u00f3 la salida a la calle de grupos civiles para que repriman el conflicto social que inevitablemente se avecina&#8221;, dijo el dirigente estatal.<\/p>\n\n\n\n<p>En tanto, el asesor letrado de ATE, Eugenio Biafore, indic\u00f3 que Macri realiz\u00f3 una incitaci\u00f3n a la violencia p\u00fablica \u201catento que dice que el ejercicio del derecho a la protesta que ejercen las organizaciones, conforme a la ley vigente y en cumplimiento de sus propios estatutos, debe provocar la reacci\u00f3n de j\u00f3venes en defensa de lo que ser\u00eda el programa de gobierno del presidente electo Javier Milei\u201d. <\/p>\n\n\n\n<p>&#8220;Creemos que esto es una limitaci\u00f3n muy grave del ejercicio democr\u00e1tico. Mientras el Gobierno entrante tendr\u00e1 derecho de llevar adelante su plataforma, por supuesto que el derecho a la protesta no queda vulnerado y est\u00e1 limitado a su ejercicio, como lo ha sido a lo largo de la historia de este pa\u00eds. Por lo tanto, acometer, incitar, llamar a la resistencia violenta de un derecho constitucional est\u00e1 fuera de los \u00e1mbitos jur\u00eddicos democr\u00e1ticos permitidos&#8221;, concluy\u00f3 Biafore.<\/p>\n","protected":false},"excerpt":{"rendered":"<p>El secretario General de ATE C\u00f3rdoba, Federico Giuliani, denunci\u00f3 penalmente al ex Presidente Mauricio Macri en Tribunales Federales esta ma\u00f1ana por &#8220;incitaci\u00f3n a la violencia&#8221; debido a sus declaraciones en un programa de televisi\u00f3n, donde alent\u00f3 a grupos civiles a reprimir las protestas que generen las pol\u00edticas de ajuste del gobierno que encabeza Javier Milei. [&hellip;]<\/p>\n","protected":false},"author":7,"featured_media":40295,"comment_status":"open","ping_status":"open","sticky":false,"template":"","format":"standard","meta":{"_exactmetrics_skip_tracking":false,"_exactmetrics_sitenote_active":false,"_exactmetrics_sitenote_note":"","_exactmetrics_sitenote_category":0,"jnews-multi-image_gallery":[],"jnews_single_post":{"subtitle":"El secretario General de ATE C\u00f3rdoba, Federico Giuliani, denunci\u00f3 al ex Presidente por infringir el art\u00edculo 212 del C\u00f3digo Penal, que reprime con pena de 3 a 6 a\u00f1os de c\u00e1rcel \"el que p\u00fablicamente incitare a la violencia colectiva contra grupos de personas o instituciones\", como es el caso de sindicatos y organizaciones que ejerzan legal y leg\u00edtimamente su derecho a la protesta.","format":"standard","video":"","gallery":"","source_name":"","source_url":"","via_name":"","via_url":"","override_template":"0","override":[{"template":"1","single_blog_custom":"","parallax":"1","fullscreen":"1","layout":"no-sidebar-narrow","sidebar":"default-sidebar","second_sidebar":"default-sidebar","sticky_sidebar":"1","share_position":"bottom","share_float_style":"share-monocrhome","show_share_counter":"1","show_view_counter":"1","show_featured":"0","show_post_meta":"1","show_post_author":"0","show_post_author_image":"1","show_post_date":"1","post_date_format":"default","post_date_format_custom":"Y\/m\/d","show_post_category":"1","show_post_reading_time":"0","post_reading_time_wpm":"300","show_zoom_button":"0","zoom_button_out_step":"2","zoom_button_in_step":"3","show_post_tag":"1","show_prev_next_post":"0","show_popup_post":"0","number_popup_post":"1","show_author_box":"0","show_post_related":"1","show_inline_post_related":"0"}],"override_image_size":"0","image_override":[{"single_post_thumbnail_size":"crop-500","single_post_gallery_size":"crop-500"}],"trending_post":"0","trending_post_position":"meta","trending_post_label":"Trending","sponsored_post":"0","sponsored_post_label":"Sponsored by","sponsored_post_name":"","sponsored_post_url":"","sponsored_post_logo_enable":"0","sponsored_post_logo":"","sponsored_post_desc":"","disable_ad":"0"},"jnews_primary_category":{"id":"","hide":""},"jnews_social_meta":{"fb_title":"","fb_description":"","fb_image":"","twitter_title":"","twitter_description":"","twitter_image":""},"jnews_review":[],"enable_review":"0","type":"percentage","name":"","summary":"","brand":"","sku":"","good":[{"good_text":""}],"bad":[{"bad_text":""}],"score_override":"","override_value":"","rating":[{"rating_text":"","rating_number":"10"}],"price":[{"shop":"","price":"","link":"","icon":""}],"jnews_override_counter":{"override_view_counter":"0","view_counter_number":"0","override_share_counter":"0","share_counter_number":"0","override_like_counter":"0","like_counter_number":"0","override_dislike_counter":"0","dislike_counter_number":"0"},"jnews_post_split":{"enable_post_split":"0","post_split":[{"template":"1","tag":"h2","numbering":"asc","mode":"normal","first":"0","enable_toc":"0","toc_type":"normal"}]},"footnotes":""},"categories":[10],"tags":[],"class_list":["post-40285","post","type-post","status-publish","format-standard","has-post-thumbnail","hentry","category-accion-politica"],"jetpack_featured_media_url":"https:\/\/atecordoba.org\/wp-content\/uploads\/2023\/12\/tapa2-e1701965946621.jpeg","_links":{"self":[{"href":"https:\/\/atecordoba.org\/index.php?rest_route=\/wp\/v2\/posts\/40285","targetHints":{"allow":["GET"]}}],"collection":[{"href":"https:\/\/atecordoba.org\/index.php?rest_route=\/wp\/v2\/posts"}],"about":[{"href":"https:\/\/atecordoba.org\/index.php?rest_route=\/wp\/v2\/types\/post"}],"author":[{"embeddable":true,"href":"https:\/\/atecordoba.org\/index.php?rest_route=\/wp\/v2\/users\/7"}],"replies":[{"embeddable":true,"href":"https:\/\/atecordoba.org\/index.php?rest_route=%2Fwp%2Fv2%2Fcomments&post=40285"}],"version-history":[{"count":7,"href":"https:\/\/atecordoba.org\/index.php?rest_route=\/wp\/v2\/posts\/40285\/revisions"}],"predecessor-version":[{"id":40299,"href":"https:\/\/atecordoba.org\/index.php?rest_route=\/wp\/v2\/posts\/40285\/revisions\/40299"}],"wp:featuredmedia":[{"embeddable":true,"href":"https:\/\/atecordoba.org\/index.php?rest_route=\/wp\/v2\/media\/40295"}],"wp:attachment":[{"href":"https:\/\/atecordoba.org\/index.php?rest_route=%2Fwp%2Fv2%2Fmedia&parent=40285"}],"wp:term":[{"taxonomy":"category","embeddable":true,"href":"https:\/\/atecordoba.org\/index.php?rest_route=%2Fwp%2Fv2%2Fcategories&post=40285"},{"taxonomy":"post_tag","embeddable":true,"href":"https:\/\/atecordoba.org\/index.php?rest_route=%2Fwp%2Fv2%2Ftags&post=40285"}],"curies":[{"name":"wp","href":"https:\/\/api.w.org\/{rel}","templated":true}]}}