{"id":4020,"date":"2014-04-09T19:17:04","date_gmt":"2014-04-09T22:17:04","guid":{"rendered":"http:\/\/www.atecordoba.org\/?p=4020"},"modified":"2014-04-09T19:17:04","modified_gmt":"2014-04-09T22:17:04","slug":"ipad-eligio-delegados-de-ate","status":"publish","type":"post","link":"https:\/\/atecordoba.org\/?p=4020","title":{"rendered":"IPAD eligi\u00f3 delegados de ATE"},"content":{"rendered":"<p><em>Con una nutrida concurrencia del padr\u00f3n habilitado, los compa\u00f1eros eligieron del Instituto Provincial de Alcoholismo y Drogadicci\u00f3n (IPAD) eligieron a\u00a0Silvia Ibarrlucea y Jes\u00fas Albornoz como delegados del sector por los pr\u00f3ximos dos a\u00f1os. Felicitaciones a los compa\u00f1eros.<\/em><\/p>\n<p style=\"text-align: center;\"><a href=\"http:\/\/www.atecordoba.org\/wp-content\/uploads\/2014\/04\/IMG_6072-e1397081606988.jpg\"><img loading=\"lazy\" decoding=\"async\" class=\"aligncenter  wp-image-4022\" alt=\"IMG_6072\" src=\"http:\/\/www.atecordoba.org\/wp-content\/uploads\/2014\/04\/IMG_6072-e1397081606988.jpg\" width=\"560\" height=\"315\" \/><\/a><\/p>\n","protected":false},"excerpt":{"rendered":"<p>Con una nutrida concurrencia del padr\u00f3n habilitado, los compa\u00f1eros eligieron del Instituto Provincial de Alcoholismo y Drogadicci\u00f3n (IPAD) eligieron a\u00a0Silvia Ibarrlucea y Jes\u00fas Albornoz como delegados del sector por los pr\u00f3ximos dos a\u00f1os. Felicitaciones a los compa\u00f1eros.<\/p>\n","protected":false},"author":1,"featured_media":19220,"comment_status":"open","ping_status":"open","sticky":false,"template":"","format":"standard","meta":{"_exactmetrics_skip_tracking":false,"_exactmetrics_sitenote_active":false,"_exactmetrics_sitenote_note":"","_exactmetrics_sitenote_category":0,"jnews-multi-image_gallery":[],"jnews_single_post":[],"jnews_primary_category":[],"jnews_social_meta":[],"jnews_review":[],"enable_review":"","type":"","name":"","summary":"","brand":"","sku":"","good":[],"bad":[],"score_override":"","override_value":"","rating":[],"price":[],"jnews_override_counter":[],"jnews_post_split":[],"footnotes":""},"categories":[7,8],"tags":[],"class_list":["post-4020","post","type-post","status-publish","format-standard","has-post-thumbnail","hentry","category-hospitales","category-provinciales"],"jetpack_featured_media_url":"https:\/\/atecordoba.org\/wp-content\/uploads\/2020\/05\/logo-nuevochico-e1561581322808.png","_links":{"self":[{"href":"https:\/\/atecordoba.org\/index.php?rest_route=\/wp\/v2\/posts\/4020","targetHints":{"allow":["GET"]}}],"collection":[{"href":"https:\/\/atecordoba.org\/index.php?rest_route=\/wp\/v2\/posts"}],"about":[{"href":"https:\/\/atecordoba.org\/index.php?rest_route=\/wp\/v2\/types\/post"}],"author":[{"embeddable":true,"href":"https:\/\/atecordoba.org\/index.php?rest_route=\/wp\/v2\/users\/1"}],"replies":[{"embeddable":true,"href":"https:\/\/atecordoba.org\/index.php?rest_route=%2Fwp%2Fv2%2Fcomments&post=4020"}],"version-history":[{"count":0,"href":"https:\/\/atecordoba.org\/index.php?rest_route=\/wp\/v2\/posts\/4020\/revisions"}],"wp:featuredmedia":[{"embeddable":true,"href":"https:\/\/atecordoba.org\/index.php?rest_route=\/wp\/v2\/media\/19220"}],"wp:attachment":[{"href":"https:\/\/atecordoba.org\/index.php?rest_route=%2Fwp%2Fv2%2Fmedia&parent=4020"}],"wp:term":[{"taxonomy":"category","embeddable":true,"href":"https:\/\/atecordoba.org\/index.php?rest_route=%2Fwp%2Fv2%2Fcategories&post=4020"},{"taxonomy":"post_tag","embeddable":true,"href":"https:\/\/atecordoba.org\/index.php?rest_route=%2Fwp%2Fv2%2Ftags&post=4020"}],"curies":[{"name":"wp","href":"https:\/\/api.w.org\/{rel}","templated":true}]}}