{"id":40193,"date":"2023-12-05T12:29:04","date_gmt":"2023-12-05T15:29:04","guid":{"rendered":"https:\/\/atecordoba.org\/?p=40193"},"modified":"2023-12-05T12:29:05","modified_gmt":"2023-12-05T15:29:05","slug":"ate-participo-en-el-cierre-anual-del-foro-sindical-de-ddhh","status":"publish","type":"post","link":"https:\/\/atecordoba.org\/?p=40193","title":{"rendered":"ATE particip\u00f3 en el cierre anual del Foro Sindical de DDHH"},"content":{"rendered":"<div class=\"wp-block-image\">\n<figure class=\"aligncenter size-large is-resized\"><img loading=\"lazy\" decoding=\"async\" src=\"https:\/\/atecordoba.org\/wp-content\/uploads\/2023\/12\/WhatsApp-Image-2023-12-05-at-11.05.47-1024x770.jpeg\" alt=\"\" class=\"wp-image-40194\" width=\"768\" height=\"578\" \/><\/figure>\n<\/div>\n\n\n<p>El s\u00e1bado 2 de diciembre ATE particip\u00f3 activamente del cierre de a\u00f1o del Foro Sindical de DDHH, que se realiz\u00f3 en el predio del gremio de Judiciales, en Villa Rivera Indarte.<\/p>\n\n\n\n<p>Junto a la representaci\u00f3n de las y los estatales participaron 25 compa\u00f1eras y compa\u00f1eros de diferentes sindicatos nucleados en las tres centrales obreras: SATSAID, SADOP, ATE, AGEPJ, Sindicato de M\u00fasicos, ADIUC, Ladrilleros, SUOEM, SECASFPI, Uni\u00f3n Obrera Gr\u00e1fica, APA, Facultad de Filosof\u00eda y la Mesa de Trabajo por los DDHH Provincia de C\u00f3rdoba.<\/p>\n\n\n\n<p>La comitiva de ATE estuvo integrada por la secretaria de Formaci\u00f3n del Consejo Directivo Provincial, Irina Silberman, el secretario de DDHH, C\u00e9sar Theaux, y la vocal de comisi\u00f3n directiva, Mar\u00eda Llorens.<\/p>\n\n\n\n<p>En la oportunidad, se pudo hacer un balance de lo actuado durante el a\u00f1o y un an\u00e1lisis de la coyuntura pol\u00edtica y social que nos atraviesa en la actualidad. En funci\u00f3n de ello se reafirm\u00f3 la necesidad de construir unidad de la clase trabajadora, a trav\u00e9s de la diversidad, con el fin de hacer frente al ajuste que propone el nuevo gobierno.<\/p>\n\n\n\n<p>\u201cSe hizo hincapi\u00e9 en que es necesaria y urgente la formaci\u00f3n. Por tal motivo, les compa\u00f1eres de la Facultad de Filosof\u00eda y Humanidades de la UNC propusieron realizar un conversatorio, que est\u00e1 en proceso de planificaci\u00f3n, destinado no solo a miembros de conducci\u00f3n de los sindicatos sino tambi\u00e9n para las bases, con el fin de que podamos consolidar conceptos de clase lo que nos permitir\u00e1n crecer en la organizaci\u00f3n obrera y dar\u00e1 fortaleza a cada lucha\u201d, rescat\u00f3 Silberman.<\/p>\n\n\n\n<p>En las conclusiones se propuso convocar a otras organizaciones sindicales que a\u00fan no participan del espacio.<\/p>\n\n\n\n<p>\u201cIntercambiamos experiencias que nos permitan afrontar los conflictos, coincidiendo en la necesidad de ser estrat\u00e9gicos y organizados en las acciones que se piensen en cada sindicato y en conjunto, de manera de resguardarnos f\u00edsica y emocionalmente. Por eso se plante\u00f3 un horizonte donde las acciones que se planifiquen, por seguridad y estrategia, atendiendo a la necesidad de masividad que integren a sindicatos, organizaciones sociales, pol\u00edticas y estudiantiles\u201d, agreg\u00f3 la dirigente.<\/p>\n\n\n\n<p>Y concluy\u00f3: \u201cfue un encuentro armonioso y fraterno, de lucha, abrazo solidario y alegr\u00eda\u201d.<\/p>\n\n\n\n<p><\/p>\n","protected":false},"excerpt":{"rendered":"<p>El s\u00e1bado 2 de diciembre ATE particip\u00f3 activamente del cierre de a\u00f1o del Foro Sindical de DDHH, que se realiz\u00f3 en el predio del gremio de Judiciales, en Villa Rivera Indarte. Junto a la representaci\u00f3n de las y los estatales participaron 25 compa\u00f1eras y compa\u00f1eros de diferentes sindicatos nucleados en las tres centrales obreras: SATSAID, [&hellip;]<\/p>\n","protected":false},"author":7,"featured_media":40194,"comment_status":"open","ping_status":"open","sticky":false,"template":"","format":"standard","meta":{"_exactmetrics_skip_tracking":false,"_exactmetrics_sitenote_active":false,"_exactmetrics_sitenote_note":"","_exactmetrics_sitenote_category":0,"jnews-multi-image_gallery":[],"jnews_single_post":{"subtitle":"Junto a la representaci\u00f3n de las y los estatales participaron 25 compa\u00f1eras y compa\u00f1eros de diferentes sindicatos nucleados en las tres centrales obreras: SATSAID, SADOP, ATE, AGEPJ, Sindicato de M\u00fasicos, ADIUC, Ladrilleros, SUOEM, SECASFPI, Uni\u00f3n Obrera Gr\u00e1fica, APA, Facultad de Filosof\u00eda y la Mesa de Trabajo por los DDHH Provincia de C\u00f3rdoba.","format":"standard","video":"","gallery":"","source_name":"","source_url":"","via_name":"","via_url":"","override_template":"0","override":[{"template":"1","single_blog_custom":"","parallax":"1","fullscreen":"1","layout":"no-sidebar-narrow","sidebar":"default-sidebar","second_sidebar":"default-sidebar","sticky_sidebar":"1","share_position":"bottom","share_float_style":"share-monocrhome","show_share_counter":"1","show_view_counter":"1","show_featured":"0","show_post_meta":"1","show_post_author":"0","show_post_author_image":"1","show_post_date":"1","post_date_format":"default","post_date_format_custom":"Y\/m\/d","show_post_category":"1","show_post_reading_time":"0","post_reading_time_wpm":"300","show_zoom_button":"0","zoom_button_out_step":"2","zoom_button_in_step":"3","show_post_tag":"1","show_prev_next_post":"0","show_popup_post":"0","number_popup_post":"1","show_author_box":"0","show_post_related":"1","show_inline_post_related":"0"}],"override_image_size":"0","image_override":[{"single_post_thumbnail_size":"crop-500","single_post_gallery_size":"crop-500"}],"trending_post":"0","trending_post_position":"meta","trending_post_label":"Trending","sponsored_post":"0","sponsored_post_label":"Sponsored by","sponsored_post_name":"","sponsored_post_url":"","sponsored_post_logo_enable":"0","sponsored_post_logo":"","sponsored_post_desc":"","disable_ad":"0"},"jnews_primary_category":{"id":"","hide":""},"jnews_social_meta":{"fb_title":"Acci\u00f3n Pol\u00edtica: ATE particip\u00f3 en el cierre anual del Foro Sindical de DDHH","fb_description":"","fb_image":"","twitter_title":"","twitter_description":"","twitter_image":""},"jnews_review":[],"enable_review":"0","type":"percentage","name":"","summary":"","brand":"","sku":"","good":[{"good_text":""}],"bad":[{"bad_text":""}],"score_override":"","override_value":"","rating":[{"rating_text":"","rating_number":"10"}],"price":[{"shop":"","price":"","link":"","icon":""}],"jnews_override_counter":{"override_view_counter":"0","view_counter_number":"0","override_share_counter":"0","share_counter_number":"0","override_like_counter":"0","like_counter_number":"0","override_dislike_counter":"0","dislike_counter_number":"0"},"jnews_post_split":{"enable_post_split":"0","post_split":[{"template":"1","tag":"h2","numbering":"asc","mode":"normal","first":"0","enable_toc":"0","toc_type":"normal"}]},"footnotes":""},"categories":[10],"tags":[],"class_list":["post-40193","post","type-post","status-publish","format-standard","has-post-thumbnail","hentry","category-accion-politica"],"jetpack_featured_media_url":"https:\/\/atecordoba.org\/wp-content\/uploads\/2023\/12\/WhatsApp-Image-2023-12-05-at-11.05.47-e1701790140738.jpeg","_links":{"self":[{"href":"https:\/\/atecordoba.org\/index.php?rest_route=\/wp\/v2\/posts\/40193","targetHints":{"allow":["GET"]}}],"collection":[{"href":"https:\/\/atecordoba.org\/index.php?rest_route=\/wp\/v2\/posts"}],"about":[{"href":"https:\/\/atecordoba.org\/index.php?rest_route=\/wp\/v2\/types\/post"}],"author":[{"embeddable":true,"href":"https:\/\/atecordoba.org\/index.php?rest_route=\/wp\/v2\/users\/7"}],"replies":[{"embeddable":true,"href":"https:\/\/atecordoba.org\/index.php?rest_route=%2Fwp%2Fv2%2Fcomments&post=40193"}],"version-history":[{"count":1,"href":"https:\/\/atecordoba.org\/index.php?rest_route=\/wp\/v2\/posts\/40193\/revisions"}],"predecessor-version":[{"id":40195,"href":"https:\/\/atecordoba.org\/index.php?rest_route=\/wp\/v2\/posts\/40193\/revisions\/40195"}],"wp:featuredmedia":[{"embeddable":true,"href":"https:\/\/atecordoba.org\/index.php?rest_route=\/wp\/v2\/media\/40194"}],"wp:attachment":[{"href":"https:\/\/atecordoba.org\/index.php?rest_route=%2Fwp%2Fv2%2Fmedia&parent=40193"}],"wp:term":[{"taxonomy":"category","embeddable":true,"href":"https:\/\/atecordoba.org\/index.php?rest_route=%2Fwp%2Fv2%2Fcategories&post=40193"},{"taxonomy":"post_tag","embeddable":true,"href":"https:\/\/atecordoba.org\/index.php?rest_route=%2Fwp%2Fv2%2Ftags&post=40193"}],"curies":[{"name":"wp","href":"https:\/\/api.w.org\/{rel}","templated":true}]}}