{"id":40188,"date":"2023-12-05T11:37:07","date_gmt":"2023-12-05T14:37:07","guid":{"rendered":"https:\/\/atecordoba.org\/?p=40188"},"modified":"2023-12-05T11:38:55","modified_gmt":"2023-12-05T14:38:55","slug":"la-cta-a-cordoba-con-listas-sindicales-combativas-y-antiburocraticas","status":"publish","type":"post","link":"https:\/\/atecordoba.org\/?p=40188","title":{"rendered":"La CTA-A C\u00f3rdoba, con listas sindicales combativas y antiburocr\u00e1ticas"},"content":{"rendered":"<div class=\"wp-block-image\">\n<figure class=\"aligncenter size-large is-resized\"><img loading=\"lazy\" decoding=\"async\" src=\"https:\/\/atecordoba.org\/wp-content\/uploads\/2023\/12\/fede_c_lyf-1024x1017.jpg\" alt=\"\" class=\"wp-image-40189\" width=\"768\" height=\"763\" \/><\/figure>\n<\/div>\n\n\n<p>\u201cEstuve acompa\u00f1ando la f\u00f3rmula de Tom\u00e1s Di Toffino, Rodolfo Leyria y Juan Urbano. Nos hicimos presentes en el Acto de Cierre de Campa\u00f1a de la Lista Azul y Blanca que va por la recuperaci\u00f3n del hist\u00f3rico Sindicato de Luz y Fuerza de C\u00f3rdoba en las elecciones del pr\u00f3ximo 7 diciembre\u201d, dijo Federico Giuliani.<\/p>\n\n\n\n<p>La Lista Azul y Blanca N\u00ba 6 es producto de una fusi\u00f3n de los dos espacios que integraron la oposici\u00f3n en la elecci\u00f3n de 2019 y sumaron el 60% de los votos. En esta n\u00f3mina tambi\u00e9n se destacan otros candidatos de renombre en la historia pol\u00edtica y gremial del Sindicato como C\u00e9sar Maders, hijo del asesinado dirigente radical Regino Maders; Pablo \u00c1lvarez: Sebasti\u00e1n Romero; y Agust\u00edn Tosco, nieto del legendario dirigente de Luz y Fuerza.<\/p>\n\n\n\n<p>\u201cLlegamos al final de una etapa que reafirma nuestra fuerte convicci\u00f3n de que se viene un nuevo modelo sindical para toda la familia lucifuercista\u201d, apunt\u00f3 Di Toffino en el cierre de campa\u00f1a que tuvo lugar ayer en la sede de ATE C\u00f3rdoba.<\/p>\n\n\n\n<p><strong>UEPC Capital<\/strong><\/p>\n\n\n<div class=\"wp-block-image\">\n<figure class=\"aligncenter size-full\"><img loading=\"lazy\" decoding=\"async\" width=\"685\" height=\"597\" src=\"https:\/\/atecordoba.org\/wp-content\/uploads\/2023\/12\/Fede_buko.png\" alt=\"\" class=\"wp-image-40190\" srcset=\"https:\/\/atecordoba.org\/wp-content\/uploads\/2023\/12\/Fede_buko.png 685w, https:\/\/atecordoba.org\/wp-content\/uploads\/2023\/12\/Fede_buko-300x261.png 300w\" sizes=\"auto, (max-width: 685px) 100vw, 685px\" \/><\/figure>\n<\/div>\n\n\n<p>Anteriormente, Giuliani estuvo junto al nuevo Secretario General de la Uni\u00f3n de Educadores de la Provincia de C\u00f3rdoba (UEPC) Seccional Capital, Franco Borkowski, en su Acto de Asunci\u00f3n. Se trata de la Lista 2, Unidad desde las Escuelas, de car\u00e1cter combativa y antiburocr\u00e1tica que en las elecciones del pasado 4 de agosto se impuso en el Departamento Capital derrotando a la Lista Celeste que mantiene la Conducci\u00f3n Provincial del gremio desde hace cuatro d\u00e9cadas y que por primera vez perdi\u00f3 en distritos importantes de la provincia.<\/p>\n\n\n\n<p>Desde la lista ganadora en C\u00f3rdoba Capital mencionaron que las elecciones \u201cconfiguran un nuevo escenario para la docencia&nbsp;a nivel provincial\u201d.<\/p>\n\n\n\n<p>Lo anterior se liga al \u201checho de que la oposici\u00f3n logr\u00f3 posicionarse con una f\u00f3rmula de unidad que consigui\u00f3 la victoria en las urnas en el Departamento Capital, R\u00edo Cuarto y General Roca\u201d, redondearon.<\/p>\n\n\n\n<p>La relaci\u00f3n de la Central con estas manifestaciones de nuevo tipo en el Movimiento Obrero, es de estricta importancia para conformar un frente com\u00fan y afrontar la pr\u00f3xima etapa gobernada por el neoliberalismo y la ultraderecha con el apoyo expl\u00edcito del \u201cCordobesismo\u201d.<\/p>\n","protected":false},"excerpt":{"rendered":"<p>\u201cEstuve acompa\u00f1ando la f\u00f3rmula de Tom\u00e1s Di Toffino, Rodolfo Leyria y Juan Urbano. Nos hicimos presentes en el Acto de Cierre de Campa\u00f1a de la Lista Azul y Blanca que va por la recuperaci\u00f3n del hist\u00f3rico Sindicato de Luz y Fuerza de C\u00f3rdoba en las elecciones del pr\u00f3ximo 7 diciembre\u201d, dijo Federico Giuliani. La Lista [&hellip;]<\/p>\n","protected":false},"author":7,"featured_media":40189,"comment_status":"open","ping_status":"open","sticky":false,"template":"","format":"standard","meta":{"_exactmetrics_skip_tracking":false,"_exactmetrics_sitenote_active":false,"_exactmetrics_sitenote_note":"","_exactmetrics_sitenote_category":0,"jnews-multi-image_gallery":[],"jnews_single_post":{"subtitle":"El titular la CTA Aut\u00f3noma de la provincia de C\u00f3rdoba y secretario General de ATE C\u00f3rdoba, Federico Giuliani, estuvo recibi\u00f3 el pasado viernes por la tarde a los compa\u00f1eros y compa\u00f1eras de la principal lista opositora que intervendr\u00e1 en los comicios del Sindicato de Luz y Fuerza. Anteriormente hab\u00eda estado en la asunci\u00f3n de la nueva conducci\u00f3n en la UEPC Capital. Dos expresiones de un Modelo Sindical diferente al del \u201cUnicato\u201d de la burocracia sindical.","format":"standard","video":"","gallery":"","source_name":"","source_url":"","via_name":"","via_url":"","override_template":"0","override":[{"template":"1","single_blog_custom":"","parallax":"1","fullscreen":"1","layout":"no-sidebar-narrow","sidebar":"default-sidebar","second_sidebar":"default-sidebar","sticky_sidebar":"1","share_position":"bottom","share_float_style":"share-monocrhome","show_share_counter":"1","show_view_counter":"1","show_featured":"0","show_post_meta":"1","show_post_author":"0","show_post_author_image":"1","show_post_date":"1","post_date_format":"default","post_date_format_custom":"Y\/m\/d","show_post_category":"1","show_post_reading_time":"0","post_reading_time_wpm":"300","show_zoom_button":"0","zoom_button_out_step":"2","zoom_button_in_step":"3","show_post_tag":"1","show_prev_next_post":"0","show_popup_post":"0","number_popup_post":"1","show_author_box":"0","show_post_related":"1","show_inline_post_related":"0"}],"override_image_size":"0","image_override":[{"single_post_thumbnail_size":"crop-500","single_post_gallery_size":"crop-500"}],"trending_post":"0","trending_post_position":"meta","trending_post_label":"Trending","sponsored_post":"0","sponsored_post_label":"Sponsored by","sponsored_post_name":"","sponsored_post_url":"","sponsored_post_logo_enable":"0","sponsored_post_logo":"","sponsored_post_desc":"","disable_ad":"0"},"jnews_primary_category":{"id":"","hide":""},"jnews_social_meta":{"fb_title":"","fb_description":"","fb_image":"","twitter_title":"","twitter_description":"","twitter_image":""},"jnews_review":[],"enable_review":"0","type":"percentage","name":"","summary":"","brand":"","sku":"","good":[{"good_text":""}],"bad":[{"bad_text":""}],"score_override":"","override_value":"","rating":[{"rating_text":"","rating_number":"10"}],"price":[{"shop":"","price":"","link":"","icon":""}],"jnews_override_counter":{"override_view_counter":"0","view_counter_number":"0","override_share_counter":"0","share_counter_number":"0","override_like_counter":"0","like_counter_number":"0","override_dislike_counter":"0","dislike_counter_number":"0"},"jnews_post_split":{"enable_post_split":"0","post_split":[{"template":"1","tag":"h2","numbering":"asc","mode":"normal","first":"0","enable_toc":"0","toc_type":"normal"}]},"footnotes":""},"categories":[92],"tags":[],"class_list":["post-40188","post","type-post","status-publish","format-standard","has-post-thumbnail","hentry","category-cta"],"jetpack_featured_media_url":"https:\/\/atecordoba.org\/wp-content\/uploads\/2023\/12\/fede_c_lyf-e1701787131904.jpg","_links":{"self":[{"href":"https:\/\/atecordoba.org\/index.php?rest_route=\/wp\/v2\/posts\/40188","targetHints":{"allow":["GET"]}}],"collection":[{"href":"https:\/\/atecordoba.org\/index.php?rest_route=\/wp\/v2\/posts"}],"about":[{"href":"https:\/\/atecordoba.org\/index.php?rest_route=\/wp\/v2\/types\/post"}],"author":[{"embeddable":true,"href":"https:\/\/atecordoba.org\/index.php?rest_route=\/wp\/v2\/users\/7"}],"replies":[{"embeddable":true,"href":"https:\/\/atecordoba.org\/index.php?rest_route=%2Fwp%2Fv2%2Fcomments&post=40188"}],"version-history":[{"count":1,"href":"https:\/\/atecordoba.org\/index.php?rest_route=\/wp\/v2\/posts\/40188\/revisions"}],"predecessor-version":[{"id":40191,"href":"https:\/\/atecordoba.org\/index.php?rest_route=\/wp\/v2\/posts\/40188\/revisions\/40191"}],"wp:featuredmedia":[{"embeddable":true,"href":"https:\/\/atecordoba.org\/index.php?rest_route=\/wp\/v2\/media\/40189"}],"wp:attachment":[{"href":"https:\/\/atecordoba.org\/index.php?rest_route=%2Fwp%2Fv2%2Fmedia&parent=40188"}],"wp:term":[{"taxonomy":"category","embeddable":true,"href":"https:\/\/atecordoba.org\/index.php?rest_route=%2Fwp%2Fv2%2Fcategories&post=40188"},{"taxonomy":"post_tag","embeddable":true,"href":"https:\/\/atecordoba.org\/index.php?rest_route=%2Fwp%2Fv2%2Ftags&post=40188"}],"curies":[{"name":"wp","href":"https:\/\/api.w.org\/{rel}","templated":true}]}}