{"id":40185,"date":"2023-12-04T15:19:30","date_gmt":"2023-12-04T18:19:30","guid":{"rendered":"https:\/\/atecordoba.org\/?p=40185"},"modified":"2023-12-04T15:26:58","modified_gmt":"2023-12-04T18:26:58","slug":"asumio-la-nueva-conduccion-de-la-seccional-ate-adelia-maria","status":"publish","type":"post","link":"https:\/\/atecordoba.org\/?p=40185","title":{"rendered":"Asumi\u00f3 la nueva conducci\u00f3n de la seccional ATE Adelia Mar\u00eda"},"content":{"rendered":"<div class=\"wp-block-image\">\n<figure class=\"aligncenter size-large is-resized\"><img loading=\"lazy\" decoding=\"async\" src=\"https:\/\/atecordoba.org\/wp-content\/uploads\/2023\/12\/WhatsApp-Image-2023-12-04-at-13.15.19-1-1024x768.jpeg\" alt=\"\" class=\"wp-image-40171\" width=\"768\" height=\"576\" srcset=\"https:\/\/atecordoba.org\/wp-content\/uploads\/2023\/12\/WhatsApp-Image-2023-12-04-at-13.15.19-1-1024x768.jpeg 1024w, https:\/\/atecordoba.org\/wp-content\/uploads\/2023\/12\/WhatsApp-Image-2023-12-04-at-13.15.19-1-300x225.jpeg 300w, https:\/\/atecordoba.org\/wp-content\/uploads\/2023\/12\/WhatsApp-Image-2023-12-04-at-13.15.19-1-768x576.jpeg 768w, https:\/\/atecordoba.org\/wp-content\/uploads\/2023\/12\/WhatsApp-Image-2023-12-04-at-13.15.19-1-1536x1152.jpeg 1536w, https:\/\/atecordoba.org\/wp-content\/uploads\/2023\/12\/WhatsApp-Image-2023-12-04-at-13.15.19-1-750x563.jpeg 750w, https:\/\/atecordoba.org\/wp-content\/uploads\/2023\/12\/WhatsApp-Image-2023-12-04-at-13.15.19-1-1140x855.jpeg 1140w, https:\/\/atecordoba.org\/wp-content\/uploads\/2023\/12\/WhatsApp-Image-2023-12-04-at-13.15.19-1.jpeg 1600w\" sizes=\"auto, (max-width: 768px) 100vw, 768px\" \/><\/figure>\n<\/div>\n\n\n<p>Encabezada por el secretario General reelecto Diego Villegas asumi\u00f3 el viernes pasado la nueva conducci\u00f3n de la seccional ATE Adelia Mar\u00eda.<\/p>\n\n\n\n<p>El acto cont\u00f3 con la presencia de compa\u00f1eras y compa\u00f1eros de localidades de la zona como Jovita, Sampacho, Las Vertientes, Serrano, Italo, Laboulaye, Pincen, Villa Huidobro, Villa Valeria, entre otros.<\/p>\n\n\n\n<p>Por parte del Consejo Directivo Provincial (CDP) estuvieron la secretaria General Adjunta, Gabriela Alcoba, sus pares Administrativa, Cintia Conesta, de Finanzas, Ricardo Reyna, de G\u00e9nero, Mar\u00eda Spaventa, de Interior, Diego Ch\u00e1vez, y el vocal Silvano Villagra.<\/p>\n\n\n\n<figure class=\"wp-block-gallery has-nested-images columns-default is-cropped wp-block-gallery-1 is-layout-flex wp-block-gallery-is-layout-flex\">\n<figure class=\"wp-block-image size-large\"><img loading=\"lazy\" decoding=\"async\" width=\"1024\" height=\"768\" data-id=\"40173\" src=\"https:\/\/atecordoba.org\/wp-content\/uploads\/2023\/12\/WhatsApp-Image-2023-12-04-at-13.15.18-1-1024x768.jpeg\" alt=\"\" class=\"wp-image-40173\" srcset=\"https:\/\/atecordoba.org\/wp-content\/uploads\/2023\/12\/WhatsApp-Image-2023-12-04-at-13.15.18-1-1024x768.jpeg 1024w, https:\/\/atecordoba.org\/wp-content\/uploads\/2023\/12\/WhatsApp-Image-2023-12-04-at-13.15.18-1-300x225.jpeg 300w, https:\/\/atecordoba.org\/wp-content\/uploads\/2023\/12\/WhatsApp-Image-2023-12-04-at-13.15.18-1-768x576.jpeg 768w, https:\/\/atecordoba.org\/wp-content\/uploads\/2023\/12\/WhatsApp-Image-2023-12-04-at-13.15.18-1-750x563.jpeg 750w, https:\/\/atecordoba.org\/wp-content\/uploads\/2023\/12\/WhatsApp-Image-2023-12-04-at-13.15.18-1.jpeg 1040w\" sizes=\"auto, (max-width: 1024px) 100vw, 1024px\" \/><\/figure>\n\n\n\n<figure class=\"wp-block-image size-large\"><img loading=\"lazy\" decoding=\"async\" width=\"1024\" height=\"768\" data-id=\"40172\" src=\"https:\/\/atecordoba.org\/wp-content\/uploads\/2023\/12\/WhatsApp-Image-2023-12-04-at-13.15.18-1024x768.jpeg\" alt=\"\" class=\"wp-image-40172\" srcset=\"https:\/\/atecordoba.org\/wp-content\/uploads\/2023\/12\/WhatsApp-Image-2023-12-04-at-13.15.18-1024x768.jpeg 1024w, https:\/\/atecordoba.org\/wp-content\/uploads\/2023\/12\/WhatsApp-Image-2023-12-04-at-13.15.18-300x225.jpeg 300w, https:\/\/atecordoba.org\/wp-content\/uploads\/2023\/12\/WhatsApp-Image-2023-12-04-at-13.15.18-768x576.jpeg 768w, https:\/\/atecordoba.org\/wp-content\/uploads\/2023\/12\/WhatsApp-Image-2023-12-04-at-13.15.18-750x563.jpeg 750w, https:\/\/atecordoba.org\/wp-content\/uploads\/2023\/12\/WhatsApp-Image-2023-12-04-at-13.15.18.jpeg 1040w\" sizes=\"auto, (max-width: 1024px) 100vw, 1024px\" \/><\/figure>\n\n\n\n<figure class=\"wp-block-image size-large\"><img loading=\"lazy\" decoding=\"async\" width=\"1024\" height=\"768\" data-id=\"40174\" src=\"https:\/\/atecordoba.org\/wp-content\/uploads\/2023\/12\/WhatsApp-Image-2023-12-04-at-13.15.17-1024x768.jpeg\" alt=\"\" class=\"wp-image-40174\" srcset=\"https:\/\/atecordoba.org\/wp-content\/uploads\/2023\/12\/WhatsApp-Image-2023-12-04-at-13.15.17-1024x768.jpeg 1024w, https:\/\/atecordoba.org\/wp-content\/uploads\/2023\/12\/WhatsApp-Image-2023-12-04-at-13.15.17-300x225.jpeg 300w, https:\/\/atecordoba.org\/wp-content\/uploads\/2023\/12\/WhatsApp-Image-2023-12-04-at-13.15.17-768x576.jpeg 768w, https:\/\/atecordoba.org\/wp-content\/uploads\/2023\/12\/WhatsApp-Image-2023-12-04-at-13.15.17-750x563.jpeg 750w, https:\/\/atecordoba.org\/wp-content\/uploads\/2023\/12\/WhatsApp-Image-2023-12-04-at-13.15.17.jpeg 1040w\" sizes=\"auto, (max-width: 1024px) 100vw, 1024px\" \/><\/figure>\n<\/figure>\n\n\n\n<p>Por el Consejo Directivo Nacional particip\u00f3 de la asunci\u00f3n la vocal nacional Julia Giuliani. De la misma, dijeron presente los compa\u00f1eros Jonatan Cruce\u00f1o, secretario General de la Junta Interna de ATE de la F\u00e1brica Militar de Villa Mar\u00eda, y Lucas Gorosito, secretario Gremial.<\/p>\n\n\n\n<p>En la oportunidad, Julia Giuliani, que tambi\u00e9n cumple funciones como secretaria de Prensa del CDP, celebr\u00f3 el acto que consagra la voluntad expresada por las y los afiliados que votaron masivamente a la lista Verde y Violeta de la Agrupaci\u00f3n Anusate el pasado 9 de agosto y celebr\u00f3 poder acompa\u00f1ar \u201ceste proceso de construcci\u00f3n de la seccional, cuyos logros est\u00e1n a la vista si vemos la cantidad de afiliaciones que se vienen registrando y el avance para los estatales municipales de la zona que significan las paritarias concertadas en los distintos municipios\u201d. De la misma forma, Giuliani destac\u00f3 la renovaci\u00f3n de compa\u00f1eras y compa\u00f1eros de la conducci\u00f3n de la seccional, con un fuerte componente de j\u00f3venes.<\/p>\n\n\n\n<p>A la hora de los discursos, Villegas dio su saludo a los presentes y agradeci\u00f3 la renovaci\u00f3n del mandato de las y los afiliados. El dirigente y trabajador municipal de Adelia Mar\u00eda hizo hincapi\u00e9 en fortalecer la unidad para los tiempos que se vienen, con foco en la defensa del salario y los puestos de trabajo, como parte fundamental de los desaf\u00edos que ATE deber\u00e1 enfrentar en la etapa que se abre.<\/p>\n\n\n\n<p>Finalizado el acto se comenz\u00f3 la fiesta con m\u00fasica, comida y un clima fraterno que coron\u00f3 la asunci\u00f3n de la nueva conducci\u00f3n.<\/p>\n\n\n\n<figure class=\"wp-block-gallery has-nested-images columns-default is-cropped wp-block-gallery-2 is-layout-flex wp-block-gallery-is-layout-flex\">\n<figure class=\"wp-block-image size-large\"><img loading=\"lazy\" decoding=\"async\" width=\"768\" height=\"1024\" data-id=\"40175\" src=\"https:\/\/atecordoba.org\/wp-content\/uploads\/2023\/12\/WhatsApp-Image-2023-12-04-at-13.15.20-768x1024.jpeg\" alt=\"\" class=\"wp-image-40175\" srcset=\"https:\/\/atecordoba.org\/wp-content\/uploads\/2023\/12\/WhatsApp-Image-2023-12-04-at-13.15.20-768x1024.jpeg 768w, https:\/\/atecordoba.org\/wp-content\/uploads\/2023\/12\/WhatsApp-Image-2023-12-04-at-13.15.20-225x300.jpeg 225w, https:\/\/atecordoba.org\/wp-content\/uploads\/2023\/12\/WhatsApp-Image-2023-12-04-at-13.15.20-1152x1536.jpeg 1152w, https:\/\/atecordoba.org\/wp-content\/uploads\/2023\/12\/WhatsApp-Image-2023-12-04-at-13.15.20-750x1000.jpeg 750w, https:\/\/atecordoba.org\/wp-content\/uploads\/2023\/12\/WhatsApp-Image-2023-12-04-at-13.15.20-1140x1520.jpeg 1140w, https:\/\/atecordoba.org\/wp-content\/uploads\/2023\/12\/WhatsApp-Image-2023-12-04-at-13.15.20.jpeg 1200w\" sizes=\"auto, (max-width: 768px) 100vw, 768px\" \/><\/figure>\n\n\n\n<figure class=\"wp-block-image size-large\"><img loading=\"lazy\" decoding=\"async\" width=\"768\" height=\"1024\" data-id=\"40177\" src=\"https:\/\/atecordoba.org\/wp-content\/uploads\/2023\/12\/WhatsApp-Image-2023-12-04-at-13.15.20-1-768x1024.jpeg\" alt=\"\" class=\"wp-image-40177\" srcset=\"https:\/\/atecordoba.org\/wp-content\/uploads\/2023\/12\/WhatsApp-Image-2023-12-04-at-13.15.20-1-768x1024.jpeg 768w, https:\/\/atecordoba.org\/wp-content\/uploads\/2023\/12\/WhatsApp-Image-2023-12-04-at-13.15.20-1-225x300.jpeg 225w, https:\/\/atecordoba.org\/wp-content\/uploads\/2023\/12\/WhatsApp-Image-2023-12-04-at-13.15.20-1-1152x1536.jpeg 1152w, https:\/\/atecordoba.org\/wp-content\/uploads\/2023\/12\/WhatsApp-Image-2023-12-04-at-13.15.20-1-750x1000.jpeg 750w, https:\/\/atecordoba.org\/wp-content\/uploads\/2023\/12\/WhatsApp-Image-2023-12-04-at-13.15.20-1-1140x1520.jpeg 1140w, https:\/\/atecordoba.org\/wp-content\/uploads\/2023\/12\/WhatsApp-Image-2023-12-04-at-13.15.20-1.jpeg 1200w\" sizes=\"auto, (max-width: 768px) 100vw, 768px\" \/><\/figure>\n\n\n\n<figure class=\"wp-block-image size-large\"><img loading=\"lazy\" decoding=\"async\" width=\"768\" height=\"1024\" data-id=\"40178\" src=\"https:\/\/atecordoba.org\/wp-content\/uploads\/2023\/12\/WhatsApp-Image-2023-12-04-at-13.15.18-2-768x1024.jpeg\" alt=\"\" class=\"wp-image-40178\" srcset=\"https:\/\/atecordoba.org\/wp-content\/uploads\/2023\/12\/WhatsApp-Image-2023-12-04-at-13.15.18-2-768x1024.jpeg 768w, https:\/\/atecordoba.org\/wp-content\/uploads\/2023\/12\/WhatsApp-Image-2023-12-04-at-13.15.18-2-225x300.jpeg 225w, https:\/\/atecordoba.org\/wp-content\/uploads\/2023\/12\/WhatsApp-Image-2023-12-04-at-13.15.18-2-1152x1536.jpeg 1152w, https:\/\/atecordoba.org\/wp-content\/uploads\/2023\/12\/WhatsApp-Image-2023-12-04-at-13.15.18-2-750x1000.jpeg 750w, https:\/\/atecordoba.org\/wp-content\/uploads\/2023\/12\/WhatsApp-Image-2023-12-04-at-13.15.18-2-1140x1520.jpeg 1140w, https:\/\/atecordoba.org\/wp-content\/uploads\/2023\/12\/WhatsApp-Image-2023-12-04-at-13.15.18-2.jpeg 1200w\" sizes=\"auto, (max-width: 768px) 100vw, 768px\" \/><\/figure>\n\n\n\n<figure class=\"wp-block-image size-large\"><img loading=\"lazy\" decoding=\"async\" width=\"768\" height=\"1024\" data-id=\"40179\" src=\"https:\/\/atecordoba.org\/wp-content\/uploads\/2023\/12\/WhatsApp-Image-2023-12-04-at-13.15.19-2-768x1024.jpeg\" alt=\"\" class=\"wp-image-40179\" srcset=\"https:\/\/atecordoba.org\/wp-content\/uploads\/2023\/12\/WhatsApp-Image-2023-12-04-at-13.15.19-2-768x1024.jpeg 768w, https:\/\/atecordoba.org\/wp-content\/uploads\/2023\/12\/WhatsApp-Image-2023-12-04-at-13.15.19-2-225x300.jpeg 225w, https:\/\/atecordoba.org\/wp-content\/uploads\/2023\/12\/WhatsApp-Image-2023-12-04-at-13.15.19-2-1152x1536.jpeg 1152w, https:\/\/atecordoba.org\/wp-content\/uploads\/2023\/12\/WhatsApp-Image-2023-12-04-at-13.15.19-2-750x1000.jpeg 750w, https:\/\/atecordoba.org\/wp-content\/uploads\/2023\/12\/WhatsApp-Image-2023-12-04-at-13.15.19-2-1140x1520.jpeg 1140w, https:\/\/atecordoba.org\/wp-content\/uploads\/2023\/12\/WhatsApp-Image-2023-12-04-at-13.15.19-2.jpeg 1200w\" sizes=\"auto, (max-width: 768px) 100vw, 768px\" \/><\/figure>\n\n\n\n<figure class=\"wp-block-image size-large\"><img loading=\"lazy\" decoding=\"async\" width=\"768\" height=\"1024\" data-id=\"40176\" src=\"https:\/\/atecordoba.org\/wp-content\/uploads\/2023\/12\/WhatsApp-Image-2023-12-04-at-13.15.19-768x1024.jpeg\" alt=\"\" class=\"wp-image-40176\" srcset=\"https:\/\/atecordoba.org\/wp-content\/uploads\/2023\/12\/WhatsApp-Image-2023-12-04-at-13.15.19-768x1024.jpeg 768w, https:\/\/atecordoba.org\/wp-content\/uploads\/2023\/12\/WhatsApp-Image-2023-12-04-at-13.15.19-225x300.jpeg 225w, https:\/\/atecordoba.org\/wp-content\/uploads\/2023\/12\/WhatsApp-Image-2023-12-04-at-13.15.19-1152x1536.jpeg 1152w, https:\/\/atecordoba.org\/wp-content\/uploads\/2023\/12\/WhatsApp-Image-2023-12-04-at-13.15.19-750x1000.jpeg 750w, https:\/\/atecordoba.org\/wp-content\/uploads\/2023\/12\/WhatsApp-Image-2023-12-04-at-13.15.19-1140x1520.jpeg 1140w, https:\/\/atecordoba.org\/wp-content\/uploads\/2023\/12\/WhatsApp-Image-2023-12-04-at-13.15.19.jpeg 1200w\" sizes=\"auto, (max-width: 768px) 100vw, 768px\" \/><\/figure>\n\n\n\n<figure class=\"wp-block-image size-large\"><img loading=\"lazy\" decoding=\"async\" width=\"768\" height=\"1024\" data-id=\"40180\" src=\"https:\/\/atecordoba.org\/wp-content\/uploads\/2023\/12\/WhatsApp-Image-2023-12-04-at-13.15.20-2-768x1024.jpeg\" alt=\"\" class=\"wp-image-40180\" srcset=\"https:\/\/atecordoba.org\/wp-content\/uploads\/2023\/12\/WhatsApp-Image-2023-12-04-at-13.15.20-2-768x1024.jpeg 768w, https:\/\/atecordoba.org\/wp-content\/uploads\/2023\/12\/WhatsApp-Image-2023-12-04-at-13.15.20-2-225x300.jpeg 225w, https:\/\/atecordoba.org\/wp-content\/uploads\/2023\/12\/WhatsApp-Image-2023-12-04-at-13.15.20-2-1152x1536.jpeg 1152w, https:\/\/atecordoba.org\/wp-content\/uploads\/2023\/12\/WhatsApp-Image-2023-12-04-at-13.15.20-2-750x1000.jpeg 750w, https:\/\/atecordoba.org\/wp-content\/uploads\/2023\/12\/WhatsApp-Image-2023-12-04-at-13.15.20-2-1140x1520.jpeg 1140w, https:\/\/atecordoba.org\/wp-content\/uploads\/2023\/12\/WhatsApp-Image-2023-12-04-at-13.15.20-2.jpeg 1200w\" sizes=\"auto, (max-width: 768px) 100vw, 768px\" \/><\/figure>\n<\/figure>\n","protected":false},"excerpt":{"rendered":"<p>Encabezada por el secretario General reelecto Diego Villegas asumi\u00f3 el viernes pasado la nueva conducci\u00f3n de la seccional ATE Adelia Mar\u00eda. El acto cont\u00f3 con la presencia de compa\u00f1eras y compa\u00f1eros de localidades de la zona como Jovita, Sampacho, Las Vertientes, Serrano, Italo, Laboulaye, Pincen, Villa Huidobro, Villa Valeria, entre otros. Por parte del Consejo [&hellip;]<\/p>\n","protected":false},"author":7,"featured_media":40181,"comment_status":"open","ping_status":"open","sticky":false,"template":"","format":"standard","meta":{"_exactmetrics_skip_tracking":false,"_exactmetrics_sitenote_active":false,"_exactmetrics_sitenote_note":"","_exactmetrics_sitenote_category":0,"jnews-multi-image_gallery":[],"jnews_single_post":{"subtitle":"El secretario General reelecto, Diego Villegas, dio su saludo a los presentes y agradeci\u00f3 la renovaci\u00f3n del mandato de las y los afiliados. El dirigente y trabajador municipal de Adelia Mar\u00eda hizo hincapi\u00e9 en fortalecer la unidad para los tiempos que se vienen, con foco en la defensa del salario y los puestos de trabajo, como parte fundamental de los desaf\u00edos que ATE deber\u00e1 enfrentar en la etapa que se abre.","format":"standard","video":"","gallery":"","source_name":"","source_url":"","via_name":"","via_url":"","override_template":"0","override":[{"template":"1","single_blog_custom":"","parallax":"1","fullscreen":"1","layout":"no-sidebar-narrow","sidebar":"default-sidebar","second_sidebar":"default-sidebar","sticky_sidebar":"1","share_position":"bottom","share_float_style":"share-monocrhome","show_share_counter":"1","show_view_counter":"1","show_featured":"0","show_post_meta":"1","show_post_author":"0","show_post_author_image":"1","show_post_date":"1","post_date_format":"default","post_date_format_custom":"Y\/m\/d","show_post_category":"1","show_post_reading_time":"0","post_reading_time_wpm":"300","show_zoom_button":"0","zoom_button_out_step":"2","zoom_button_in_step":"3","show_post_tag":"1","show_prev_next_post":"0","show_popup_post":"0","number_popup_post":"1","show_author_box":"0","show_post_related":"1","show_inline_post_related":"0"}],"override_image_size":"0","image_override":[{"single_post_thumbnail_size":"crop-500","single_post_gallery_size":"crop-500"}],"trending_post":"0","trending_post_position":"meta","trending_post_label":"Trending","sponsored_post":"0","sponsored_post_label":"Sponsored by","sponsored_post_name":"","sponsored_post_url":"","sponsored_post_logo_enable":"0","sponsored_post_logo":"","sponsored_post_desc":"","disable_ad":"0"},"jnews_primary_category":{"id":"","hide":""},"jnews_social_meta":{"fb_title":"","fb_description":"","fb_image":"","twitter_title":"","twitter_description":"","twitter_image":""},"jnews_review":[],"enable_review":"0","type":"percentage","name":"","summary":"","brand":"","sku":"","good":[{"good_text":""}],"bad":[{"bad_text":""}],"score_override":"","override_value":"","rating":[{"rating_text":"","rating_number":"10"}],"price":[{"shop":"","price":"","link":"","icon":""}],"jnews_override_counter":{"override_view_counter":"0","view_counter_number":"0","override_share_counter":"0","share_counter_number":"0","override_like_counter":"0","like_counter_number":"0","override_dislike_counter":"0","dislike_counter_number":"0"},"jnews_post_split":{"enable_post_split":"0","post_split":[{"template":"1","tag":"h2","numbering":"asc","mode":"normal","first":"0","enable_toc":"0","toc_type":"normal"}]},"footnotes":""},"categories":[149],"tags":[],"class_list":["post-40185","post","type-post","status-publish","format-standard","has-post-thumbnail","hentry","category-adelia-maria"],"jetpack_featured_media_url":"https:\/\/atecordoba.org\/wp-content\/uploads\/2023\/12\/portada-e1701713534226.jpeg","_links":{"self":[{"href":"https:\/\/atecordoba.org\/index.php?rest_route=\/wp\/v2\/posts\/40185","targetHints":{"allow":["GET"]}}],"collection":[{"href":"https:\/\/atecordoba.org\/index.php?rest_route=\/wp\/v2\/posts"}],"about":[{"href":"https:\/\/atecordoba.org\/index.php?rest_route=\/wp\/v2\/types\/post"}],"author":[{"embeddable":true,"href":"https:\/\/atecordoba.org\/index.php?rest_route=\/wp\/v2\/users\/7"}],"replies":[{"embeddable":true,"href":"https:\/\/atecordoba.org\/index.php?rest_route=%2Fwp%2Fv2%2Fcomments&post=40185"}],"version-history":[{"count":2,"href":"https:\/\/atecordoba.org\/index.php?rest_route=\/wp\/v2\/posts\/40185\/revisions"}],"predecessor-version":[{"id":40187,"href":"https:\/\/atecordoba.org\/index.php?rest_route=\/wp\/v2\/posts\/40185\/revisions\/40187"}],"wp:featuredmedia":[{"embeddable":true,"href":"https:\/\/atecordoba.org\/index.php?rest_route=\/wp\/v2\/media\/40181"}],"wp:attachment":[{"href":"https:\/\/atecordoba.org\/index.php?rest_route=%2Fwp%2Fv2%2Fmedia&parent=40185"}],"wp:term":[{"taxonomy":"category","embeddable":true,"href":"https:\/\/atecordoba.org\/index.php?rest_route=%2Fwp%2Fv2%2Fcategories&post=40185"},{"taxonomy":"post_tag","embeddable":true,"href":"https:\/\/atecordoba.org\/index.php?rest_route=%2Fwp%2Fv2%2Ftags&post=40185"}],"curies":[{"name":"wp","href":"https:\/\/api.w.org\/{rel}","templated":true}]}}