{"id":40153,"date":"2023-12-04T11:29:32","date_gmt":"2023-12-04T14:29:32","guid":{"rendered":"https:\/\/atecordoba.org\/?p=40153"},"modified":"2023-12-04T11:30:10","modified_gmt":"2023-12-04T14:30:10","slug":"nuevas-delegadas-en-iosfa","status":"publish","type":"post","link":"https:\/\/atecordoba.org\/?p=40153","title":{"rendered":"Nuevas Delegadas en IOSFA"},"content":{"rendered":"<div class=\"wp-block-image\">\n<figure class=\"aligncenter size-large is-resized\"><img loading=\"lazy\" decoding=\"async\" src=\"https:\/\/atecordoba.org\/wp-content\/uploads\/2023\/12\/iosfario4-1-1024x694.jpg\" alt=\"\" class=\"wp-image-40158\" width=\"768\" height=\"521\" srcset=\"https:\/\/atecordoba.org\/wp-content\/uploads\/2023\/12\/iosfario4-1-1024x694.jpg 1024w, https:\/\/atecordoba.org\/wp-content\/uploads\/2023\/12\/iosfario4-1-300x203.jpg 300w, https:\/\/atecordoba.org\/wp-content\/uploads\/2023\/12\/iosfario4-1-768x521.jpg 768w, https:\/\/atecordoba.org\/wp-content\/uploads\/2023\/12\/iosfario4-1-750x508.jpg 750w, https:\/\/atecordoba.org\/wp-content\/uploads\/2023\/12\/iosfario4-1-1140x773.jpg 1140w, https:\/\/atecordoba.org\/wp-content\/uploads\/2023\/12\/iosfario4-1.jpg 1204w\" sizes=\"auto, (max-width: 768px) 100vw, 768px\" \/><\/figure>\n<\/div>\n\n\n<p>La Seccional ATE R\u00edo Cuarto inform\u00f3 que la semana pasada se realizaron elecciones de delegadas en el Instituto de Obra Social de las Fuerzas Armadas y de Seguridad (IOSFA) Delegaci\u00f3n Auxiliar R\u00edo Cuarto, sita en la calle Moreno 419.<\/p>\n\n\n\n<p>En la oportunidad, fueron elegidas las compa\u00f1eras Sabrina Cipriani y Violeta Lillia.<\/p>\n\n\n\n<p>La Seccional ponder\u00f3 la elecci\u00f3n de delegados de base en las distintas reparticiones y municipios de su jurisdicci\u00f3n para \u201cfortalecer la presencia y representaci\u00f3n del sindicato entre los estatales nacionales, provinciales y municipales\u201d.<\/p>\n\n\n\n<figure class=\"wp-block-gallery has-nested-images columns-default is-cropped wp-block-gallery-1 is-layout-flex wp-block-gallery-is-layout-flex\">\n<figure class=\"wp-block-image size-full\"><a href=\"https:\/\/atecordoba.org\/wp-content\/uploads\/2023\/12\/405452813_855323306601476_2097509324874228592_n-226x300-1.jpg\" target=\"_blank\" rel=\"noopener\"><img loading=\"lazy\" decoding=\"async\" width=\"226\" height=\"300\" data-id=\"40155\" src=\"https:\/\/atecordoba.org\/wp-content\/uploads\/2023\/12\/405452813_855323306601476_2097509324874228592_n-226x300-1.jpg\" alt=\"\" class=\"wp-image-40155\" \/><\/a><\/figure>\n\n\n\n<figure class=\"wp-block-image size-full\"><a href=\"https:\/\/atecordoba.org\/wp-content\/uploads\/2023\/12\/405366740_855323156601491_5920401122680785764_n-226x300-1.jpg\" target=\"_blank\" rel=\"noopener\"><img loading=\"lazy\" decoding=\"async\" width=\"226\" height=\"300\" data-id=\"40156\" src=\"https:\/\/atecordoba.org\/wp-content\/uploads\/2023\/12\/405366740_855323156601491_5920401122680785764_n-226x300-1.jpg\" alt=\"\" class=\"wp-image-40156\" \/><\/a><\/figure>\n<\/figure>\n\n\n\n<p><\/p>\n","protected":false},"excerpt":{"rendered":"<p>La Seccional ATE R\u00edo Cuarto inform\u00f3 que la semana pasada se realizaron elecciones de delegadas en el Instituto de Obra Social de las Fuerzas Armadas y de Seguridad (IOSFA) Delegaci\u00f3n Auxiliar R\u00edo Cuarto, sita en la calle Moreno 419. En la oportunidad, fueron elegidas las compa\u00f1eras Sabrina Cipriani y Violeta Lillia. La Seccional ponder\u00f3 la [&hellip;]<\/p>\n","protected":false},"author":7,"featured_media":40157,"comment_status":"open","ping_status":"open","sticky":false,"template":"","format":"standard","meta":{"_exactmetrics_skip_tracking":false,"_exactmetrics_sitenote_active":false,"_exactmetrics_sitenote_note":"","_exactmetrics_sitenote_category":0,"jnews-multi-image_gallery":[],"jnews_single_post":{"subtitle":"En la oportunidad, fueron elegidas las compa\u00f1eras Sabrina Cipriani y Violeta Lillia.","format":"standard","video":"","gallery":"","source_name":"","source_url":"","via_name":"","via_url":"","override_template":"0","override":[{"template":"1","single_blog_custom":"","parallax":"1","fullscreen":"1","layout":"no-sidebar-narrow","sidebar":"default-sidebar","second_sidebar":"default-sidebar","sticky_sidebar":"1","share_position":"bottom","share_float_style":"share-monocrhome","show_share_counter":"1","show_view_counter":"1","show_featured":"0","show_post_meta":"1","show_post_author":"0","show_post_author_image":"1","show_post_date":"1","post_date_format":"default","post_date_format_custom":"Y\/m\/d","show_post_category":"1","show_post_reading_time":"0","post_reading_time_wpm":"300","show_zoom_button":"0","zoom_button_out_step":"2","zoom_button_in_step":"3","show_post_tag":"1","show_prev_next_post":"0","show_popup_post":"0","number_popup_post":"1","show_author_box":"0","show_post_related":"1","show_inline_post_related":"0"}],"override_image_size":"0","image_override":[{"single_post_thumbnail_size":"crop-500","single_post_gallery_size":"crop-500"}],"trending_post":"0","trending_post_position":"meta","trending_post_label":"Trending","sponsored_post":"0","sponsored_post_label":"Sponsored by","sponsored_post_name":"","sponsored_post_url":"","sponsored_post_logo_enable":"0","sponsored_post_logo":"","sponsored_post_desc":"","disable_ad":"0"},"jnews_primary_category":{"id":"","hide":""},"jnews_social_meta":{"fb_title":"Nuevas Delegadas en IOSFA R\u00edo Cuarto","fb_description":"","fb_image":"","twitter_title":"","twitter_description":"","twitter_image":""},"jnews_review":[],"enable_review":"0","type":"percentage","name":"","summary":"","brand":"","sku":"","good":[{"good_text":""}],"bad":[{"bad_text":""}],"score_override":"","override_value":"","rating":[{"rating_text":"","rating_number":"10"}],"price":[{"shop":"","price":"","link":"","icon":""}],"jnews_override_counter":{"override_view_counter":"0","view_counter_number":"0","override_share_counter":"0","share_counter_number":"0","override_like_counter":"0","like_counter_number":"0","override_dislike_counter":"0","dislike_counter_number":"0"},"jnews_post_split":{"enable_post_split":"0","post_split":[{"template":"1","tag":"h2","numbering":"asc","mode":"normal","first":"0","enable_toc":"0","toc_type":"normal"}]},"footnotes":""},"categories":[12],"tags":[],"class_list":["post-40153","post","type-post","status-publish","format-standard","has-post-thumbnail","hentry","category-rio-cuarto"],"jetpack_featured_media_url":"https:\/\/atecordoba.org\/wp-content\/uploads\/2023\/12\/iosfario4-e1701700109392.jpg","_links":{"self":[{"href":"https:\/\/atecordoba.org\/index.php?rest_route=\/wp\/v2\/posts\/40153","targetHints":{"allow":["GET"]}}],"collection":[{"href":"https:\/\/atecordoba.org\/index.php?rest_route=\/wp\/v2\/posts"}],"about":[{"href":"https:\/\/atecordoba.org\/index.php?rest_route=\/wp\/v2\/types\/post"}],"author":[{"embeddable":true,"href":"https:\/\/atecordoba.org\/index.php?rest_route=\/wp\/v2\/users\/7"}],"replies":[{"embeddable":true,"href":"https:\/\/atecordoba.org\/index.php?rest_route=%2Fwp%2Fv2%2Fcomments&post=40153"}],"version-history":[{"count":1,"href":"https:\/\/atecordoba.org\/index.php?rest_route=\/wp\/v2\/posts\/40153\/revisions"}],"predecessor-version":[{"id":40159,"href":"https:\/\/atecordoba.org\/index.php?rest_route=\/wp\/v2\/posts\/40153\/revisions\/40159"}],"wp:featuredmedia":[{"embeddable":true,"href":"https:\/\/atecordoba.org\/index.php?rest_route=\/wp\/v2\/media\/40157"}],"wp:attachment":[{"href":"https:\/\/atecordoba.org\/index.php?rest_route=%2Fwp%2Fv2%2Fmedia&parent=40153"}],"wp:term":[{"taxonomy":"category","embeddable":true,"href":"https:\/\/atecordoba.org\/index.php?rest_route=%2Fwp%2Fv2%2Fcategories&post=40153"},{"taxonomy":"post_tag","embeddable":true,"href":"https:\/\/atecordoba.org\/index.php?rest_route=%2Fwp%2Fv2%2Ftags&post=40153"}],"curies":[{"name":"wp","href":"https:\/\/api.w.org\/{rel}","templated":true}]}}