{"id":4015,"date":"2014-04-08T18:29:09","date_gmt":"2014-04-08T21:29:09","guid":{"rendered":"http:\/\/www.atecordoba.org\/?p=4015"},"modified":"2014-04-08T18:29:09","modified_gmt":"2014-04-08T21:29:09","slug":"10-de-abril-ate-convoca-al-paro-nacional-de-la-cta","status":"publish","type":"post","link":"https:\/\/atecordoba.org\/?p=4015","title":{"rendered":"10 de abril: ATE convoca al paro nacional de la CTA"},"content":{"rendered":"<p><em>El Consejo Directivo Provincial convoca al paro general aprobado por nuestra CTA en el Congreso de Mar del Plata del 4 y 5 de abril. En unidad de acci\u00f3n con las centrales convocantes, la medida de fuerza se realizar\u00e1 desde las 0 horas del 10 de abril a las 24 horas, sin concurrencia a los lugares de trabajo.<\/em><\/p>\n<p style=\"text-align: center;\"><a href=\"http:\/\/www.atecordoba.org\/wp-content\/uploads\/2013\/05\/foto-14.jpg\"><img loading=\"lazy\" decoding=\"async\" class=\"aligncenter  wp-image-2798\" alt=\"foto 1\" src=\"http:\/\/www.atecordoba.org\/wp-content\/uploads\/2013\/05\/foto-14.jpg\" width=\"522\" height=\"392\" \/><\/a><\/p>\n<p>Este CDP adhiere a los fundamentos realizamos por muestra CTA de C\u00f3rdoba para llevar a cabo el paro. Por un salario inicial igual a la canasta familiar, basta de precarizaci\u00f3n laboral, salario en blanco, pase a planta permanente. Por 82% m\u00f3vil para nuestros jubilados. Basta de ajuste.<\/p>\n<p>&nbsp;<\/p>\n","protected":false},"excerpt":{"rendered":"<p>El Consejo Directivo Provincial convoca al paro general aprobado por nuestra CTA en el Congreso de Mar del Plata del 4 y 5 de abril. En unidad de acci\u00f3n con las centrales convocantes, la medida de fuerza se realizar\u00e1 desde las 0 horas del 10 de abril a las 24 horas, sin concurrencia a los [&hellip;]<\/p>\n","protected":false},"author":1,"featured_media":19220,"comment_status":"open","ping_status":"open","sticky":false,"template":"","format":"standard","meta":{"_exactmetrics_skip_tracking":false,"_exactmetrics_sitenote_active":false,"_exactmetrics_sitenote_note":"","_exactmetrics_sitenote_category":0,"jnews-multi-image_gallery":[],"jnews_single_post":[],"jnews_primary_category":[],"jnews_social_meta":[],"jnews_review":[],"enable_review":"","type":"","name":"","summary":"","brand":"","sku":"","good":[],"bad":[],"score_override":"","override_value":"","rating":[],"price":[],"jnews_override_counter":[],"jnews_post_split":[],"footnotes":""},"categories":[1],"tags":[],"class_list":["post-4015","post","type-post","status-publish","format-standard","has-post-thumbnail","hentry","category-sin-categoria"],"jetpack_featured_media_url":"https:\/\/atecordoba.org\/wp-content\/uploads\/2020\/05\/logo-nuevochico-e1561581322808.png","_links":{"self":[{"href":"https:\/\/atecordoba.org\/index.php?rest_route=\/wp\/v2\/posts\/4015","targetHints":{"allow":["GET"]}}],"collection":[{"href":"https:\/\/atecordoba.org\/index.php?rest_route=\/wp\/v2\/posts"}],"about":[{"href":"https:\/\/atecordoba.org\/index.php?rest_route=\/wp\/v2\/types\/post"}],"author":[{"embeddable":true,"href":"https:\/\/atecordoba.org\/index.php?rest_route=\/wp\/v2\/users\/1"}],"replies":[{"embeddable":true,"href":"https:\/\/atecordoba.org\/index.php?rest_route=%2Fwp%2Fv2%2Fcomments&post=4015"}],"version-history":[{"count":0,"href":"https:\/\/atecordoba.org\/index.php?rest_route=\/wp\/v2\/posts\/4015\/revisions"}],"wp:featuredmedia":[{"embeddable":true,"href":"https:\/\/atecordoba.org\/index.php?rest_route=\/wp\/v2\/media\/19220"}],"wp:attachment":[{"href":"https:\/\/atecordoba.org\/index.php?rest_route=%2Fwp%2Fv2%2Fmedia&parent=4015"}],"wp:term":[{"taxonomy":"category","embeddable":true,"href":"https:\/\/atecordoba.org\/index.php?rest_route=%2Fwp%2Fv2%2Fcategories&post=4015"},{"taxonomy":"post_tag","embeddable":true,"href":"https:\/\/atecordoba.org\/index.php?rest_route=%2Fwp%2Fv2%2Ftags&post=4015"}],"curies":[{"name":"wp","href":"https:\/\/api.w.org\/{rel}","templated":true}]}}