{"id":40143,"date":"2023-12-01T14:27:06","date_gmt":"2023-12-01T17:27:06","guid":{"rendered":"https:\/\/atecordoba.org\/?p=40143"},"modified":"2023-12-01T14:27:58","modified_gmt":"2023-12-01T17:27:58","slug":"el-cdp-lanzo-hoy-la-capacitacion-de-delegadas-os-municipales-y-prepara-el-plan-de-contingencia-frente-al-ajuste-de-milei","status":"publish","type":"post","link":"https:\/\/atecordoba.org\/?p=40143","title":{"rendered":"El CDP lanz\u00f3 hoy la capacitaci\u00f3n de delegadas\/os municipales y prepara el plan de contingencia frente al ajuste de Milei"},"content":{"rendered":"<div class=\"wp-block-image\">\n<figure class=\"aligncenter size-large is-resized\"><img loading=\"lazy\" decoding=\"async\" src=\"https:\/\/atecordoba.org\/wp-content\/uploads\/2023\/12\/WhatsApp-Image-2023-12-01-at-10.51.44-1024x461.jpeg\" alt=\"\" class=\"wp-image-40144\" width=\"768\" height=\"346\" srcset=\"https:\/\/atecordoba.org\/wp-content\/uploads\/2023\/12\/WhatsApp-Image-2023-12-01-at-10.51.44-1024x461.jpeg 1024w, https:\/\/atecordoba.org\/wp-content\/uploads\/2023\/12\/WhatsApp-Image-2023-12-01-at-10.51.44-300x135.jpeg 300w, https:\/\/atecordoba.org\/wp-content\/uploads\/2023\/12\/WhatsApp-Image-2023-12-01-at-10.51.44-768x346.jpeg 768w, https:\/\/atecordoba.org\/wp-content\/uploads\/2023\/12\/WhatsApp-Image-2023-12-01-at-10.51.44-750x338.jpeg 750w, https:\/\/atecordoba.org\/wp-content\/uploads\/2023\/12\/WhatsApp-Image-2023-12-01-at-10.51.44-1140x513.jpeg 1140w, https:\/\/atecordoba.org\/wp-content\/uploads\/2023\/12\/WhatsApp-Image-2023-12-01-at-10.51.44.jpeg 1280w\" sizes=\"auto, (max-width: 768px) 100vw, 768px\" \/><\/figure>\n<\/div>\n\n\n<p>El Consejo Directivo Provincial (CDP) puso en marcha hoy un importante curso de capacitaci\u00f3n para delegadas y delegados municipales, organizado por la Secretar\u00eda de Formaci\u00f3n que tiene a su cargo la compa\u00f1era Irina Silberman.<\/p>\n\n\n\n<p>La conducci\u00f3n en pleno del CDP estuvo presente en la actividad, encabezada por nuestro secretario General, Federico Giuliani, y la secretaria General Adjunta, Gabriela Alcoba, junto a las y los secretarios generales de las seccionales Rafaela Alcoba (R\u00edo Cuarto), David Salto (R\u00edo Tercero), Beto Pozzi (Adjunto Cruz del Eje) y Dar\u00edo Paredes (San Justo). Ausente con aviso no pudo participar el secretario General de ATE Adelia Mar\u00eda, Diego Villegas, debido a que hoy tiene programado el acto de asunci\u00f3n de su nuevo mandato en el extremo sur provincial. <\/p>\n\n\n<div class=\"wp-block-image\">\n<figure class=\"alignleft size-large is-resized\"><img loading=\"lazy\" decoding=\"async\" src=\"https:\/\/atecordoba.org\/wp-content\/uploads\/2023\/12\/WhatsApp-Image-2023-12-01-at-10.51.49-1024x461.jpeg\" alt=\"\" class=\"wp-image-40146\" width=\"512\" height=\"231\" srcset=\"https:\/\/atecordoba.org\/wp-content\/uploads\/2023\/12\/WhatsApp-Image-2023-12-01-at-10.51.49-1024x461.jpeg 1024w, https:\/\/atecordoba.org\/wp-content\/uploads\/2023\/12\/WhatsApp-Image-2023-12-01-at-10.51.49-300x135.jpeg 300w, https:\/\/atecordoba.org\/wp-content\/uploads\/2023\/12\/WhatsApp-Image-2023-12-01-at-10.51.49-768x346.jpeg 768w, https:\/\/atecordoba.org\/wp-content\/uploads\/2023\/12\/WhatsApp-Image-2023-12-01-at-10.51.49-750x338.jpeg 750w, https:\/\/atecordoba.org\/wp-content\/uploads\/2023\/12\/WhatsApp-Image-2023-12-01-at-10.51.49-1140x513.jpeg 1140w, https:\/\/atecordoba.org\/wp-content\/uploads\/2023\/12\/WhatsApp-Image-2023-12-01-at-10.51.49.jpeg 1280w\" sizes=\"auto, (max-width: 512px) 100vw, 512px\" \/><\/figure>\n<\/div>\n\n\n<p>El curso estuvo a cargo de Irina Silberman, el secretario de DDHH de ATE C\u00f3rdoba, C\u00e9sar Theaux y la asesora letrada Mar\u00eda Marta Terragno, que brindaron herramientas de formaci\u00f3n a las y los 60 delegados que colmaron el auditorio H\u00e9ctor La Perra Castro de ATE, provenientes de las localidades del interior provincial Anisacate, Achiras, Mendiolaza, Alta Gracia, Villa Ciudad Parque, Villa Yacanto, Rio Cuarto, R\u00edo Tercero, Almafuerte, Sna Agust\u00edn, Arroyito, Cura Brochero, Estancia Vieja, Baigorria, San Francisco, Santiago Temple, Mina clavero, R\u00edo Primero, Tancacha y Cruz del Eje.<\/p>\n\n\n\n<p>En la introducci\u00f3n al taller, Giuliani transmiti\u00f3 a las y los presentes los ejes principales que fundamentan la necesidad de realizar formaci\u00f3n constante de los cuerpo de delegados municipales, ahora adem\u00e1s urgidos para desarrollar un plan de contingencia ante la escalada de promesas de ajuste que difunde diariamente el Presidente electo Javier Milei, pr\u00f3ximo a sumir el cargo el 10 de diciembre.<\/p>\n\n\n\n<p>&#8220;Necesitamos hacer esta formaci\u00f3n para estar preparados porque pueden haber novedades el 11 de diciembre. Sino ser\u00e1 el 23 de diciembre, en enero o en febrero, cuando venga el ajuste a los municipios de C\u00f3rdoba&#8221;, afirm\u00f3.<\/p>\n\n\n<div class=\"wp-block-image\">\n<figure class=\"alignright size-large is-resized\"><img loading=\"lazy\" decoding=\"async\" src=\"https:\/\/atecordoba.org\/wp-content\/uploads\/2023\/12\/WhatsApp-Image-2023-12-01-at-10.51.47-1024x461.jpeg\" alt=\"\" class=\"wp-image-40147\" width=\"512\" height=\"231\" srcset=\"https:\/\/atecordoba.org\/wp-content\/uploads\/2023\/12\/WhatsApp-Image-2023-12-01-at-10.51.47-1024x461.jpeg 1024w, https:\/\/atecordoba.org\/wp-content\/uploads\/2023\/12\/WhatsApp-Image-2023-12-01-at-10.51.47-300x135.jpeg 300w, https:\/\/atecordoba.org\/wp-content\/uploads\/2023\/12\/WhatsApp-Image-2023-12-01-at-10.51.47-768x346.jpeg 768w, https:\/\/atecordoba.org\/wp-content\/uploads\/2023\/12\/WhatsApp-Image-2023-12-01-at-10.51.47-750x338.jpeg 750w, https:\/\/atecordoba.org\/wp-content\/uploads\/2023\/12\/WhatsApp-Image-2023-12-01-at-10.51.47-1140x513.jpeg 1140w, https:\/\/atecordoba.org\/wp-content\/uploads\/2023\/12\/WhatsApp-Image-2023-12-01-at-10.51.47.jpeg 1280w\" sizes=\"auto, (max-width: 512px) 100vw, 512px\" \/><\/figure>\n<\/div>\n\n\n<p>En tal sentido, Giuliani destac\u00f3 el proceso de unidad que est\u00e1 viviendo ATE en la actualidad, situaci\u00f3n que permite concentrar esfuerzos para fortalecer nuestra organizaci\u00f3n frente a la etapa pol\u00edtica que se viene. &#8220;En agosto nos toc\u00f3 ganar en la provincia y cada seccional tiene su conducci\u00f3n. Con algunas tuvimos diferencias, pero frente a lo que se viene les puedo asegurar que el enemigo est\u00e1 afuera asi que la unidad es fundamental frente al ajuste que se viene a nivel nacional, provincial y municipal. Todas las seccionales se ver\u00e1n afectadas, las que son amigas y las que no lo son tanto. Pero frente a un gobierno como el de Milei tenemos que estar unidos para dar las respuestas necesarias&#8221;, dijo el secretario General.<\/p>\n\n\n\n<p>En otro tramo de la alocuci\u00f3n, el dirigente reflexion\u00f3 sobre la etapa pol\u00edtica que se abre con las recientes elecciones y sentenci\u00f3 que &#8220;evidentemente hemos retrocedido porque en vez de discutir salarios se viene un tiempo donde tenemos que defender las fuentes de trabajo. Si tenemos despedidos no ser\u00e1n de tal o cual seccional sino que son de ATE. Porque si tocan a uno, tocan a todos. Necesitamos que todos sean solidarios&#8221;.<\/p>\n\n\n\n<p><strong>El papel de ATE en los municipios<\/strong><\/p>\n\n\n<div class=\"wp-block-image\">\n<figure class=\"alignleft size-large is-resized\"><img loading=\"lazy\" decoding=\"async\" src=\"https:\/\/atecordoba.org\/wp-content\/uploads\/2023\/12\/WhatsApp-Image-2023-12-01-at-10.51.49-1-461x1024.jpeg\" alt=\"\" class=\"wp-image-40148\" width=\"231\" height=\"512\" srcset=\"https:\/\/atecordoba.org\/wp-content\/uploads\/2023\/12\/WhatsApp-Image-2023-12-01-at-10.51.49-1-461x1024.jpeg 461w, https:\/\/atecordoba.org\/wp-content\/uploads\/2023\/12\/WhatsApp-Image-2023-12-01-at-10.51.49-1-135x300.jpeg 135w, https:\/\/atecordoba.org\/wp-content\/uploads\/2023\/12\/WhatsApp-Image-2023-12-01-at-10.51.49-1.jpeg 576w\" sizes=\"auto, (max-width: 231px) 100vw, 231px\" \/><\/figure>\n<\/div>\n\n\n<p>Adem\u00e1s, Giuliani agreg\u00f3 que &#8220;sabemos que en muchas localidades ATE es la novedad, estamos abriendo el sindicato para que los municipales se integren, sean parte y protagonistas de esta construcci\u00f3n. Para eso tenemos que formarnos. Lo que significa estar atentos, en alerta. Tener los tel\u00e9fonos prendidos permanentemente, estar atentos, contener a los compa\u00f1eros, hacer asambleas&#8221;.<\/p>\n\n\n\n<p>Y remarc\u00f3 que &#8220;en ese marco es que declaramos el estado de alerta. Las asambleas no solo sirven para el conflicto, tambi\u00e9n hacemos asambleas informativas, para ver c\u00f3mo estamos. No solo si se nos prende fuego la muni, tambi\u00e9n para comunicar que sale del sindicato&#8221;.<\/p>\n\n\n\n<p>&#8220;Sabemos qu\u00e9 problemas tenemos en cada sector, hay una alt\u00edsima precarizaci\u00f3n en los municipios, los intendentes se abusan del fraude laboral porque es la forma que tienen de disciplinar a los laburantes. Eso divide a los trabajadores seg\u00fan su condici\u00f3n laboral. Tenemos que empatizar y ser solidarios con aquellos que la pueden pasar mal. &nbsp;Eso se practica&#8221;, dijo.<\/p>\n\n\n\n<p>Y analiz\u00f3 que la mayor\u00eda de los municipales est\u00e1 bajo la l\u00ednea de la indigencia. &#8220;Cuando uno recorre los corralones, las salitas de salud, los sectores administrativos, vemos que se trabaja en p\u00e9simas condiciones&#8221;.<\/p>\n\n\n\n<p>Por otro lado, el secretario General explic\u00f3 que &#8220;necesitamos que cada cuerpo de delegados tenga herramientas para poder hablar con el intendente, con el patr\u00f3n. Son necesarias para afrontar una paritaria, saber qu\u00e9 es un presupuesto, cu\u00e1l es nuestro rol con dirigentes gremiales. Tenemos que estar preparados cuando nos llegue un compa\u00f1ero con la notificaci\u00f3n de despido. Hay que hacer relevamientos para saber previamente su condici\u00f3n laboral, su antig\u00fcedad, tener su DNI a mano, es parte de la tarea que se llevan hoy&#8221;.<\/p>\n\n\n\n<p><strong>Plan de contingencia<\/strong><\/p>\n\n\n\n<p>&#8220;El 10 de diciembre cuando asuman las nuevas autoridades debemos estar preparados, porque si a nivel nacional dicen que los n\u00fameros no cierran, si el gobernador tiene un discurso similar, en las localidades van a decir lo mismo. Por eso para nosotros y nosotras esta capacitaci\u00f3n es fundamental&#8221;, declar\u00f3.<\/p>\n\n\n<div class=\"wp-block-image\">\n<figure class=\"alignright size-large is-resized\"><img loading=\"lazy\" decoding=\"async\" src=\"https:\/\/atecordoba.org\/wp-content\/uploads\/2023\/12\/WhatsApp-Image-2023-12-01-at-10.51.48-1024x461.jpeg\" alt=\"\" class=\"wp-image-40149\" width=\"512\" height=\"231\" srcset=\"https:\/\/atecordoba.org\/wp-content\/uploads\/2023\/12\/WhatsApp-Image-2023-12-01-at-10.51.48-1024x461.jpeg 1024w, https:\/\/atecordoba.org\/wp-content\/uploads\/2023\/12\/WhatsApp-Image-2023-12-01-at-10.51.48-300x135.jpeg 300w, https:\/\/atecordoba.org\/wp-content\/uploads\/2023\/12\/WhatsApp-Image-2023-12-01-at-10.51.48-768x346.jpeg 768w, https:\/\/atecordoba.org\/wp-content\/uploads\/2023\/12\/WhatsApp-Image-2023-12-01-at-10.51.48-750x338.jpeg 750w, https:\/\/atecordoba.org\/wp-content\/uploads\/2023\/12\/WhatsApp-Image-2023-12-01-at-10.51.48-1140x513.jpeg 1140w, https:\/\/atecordoba.org\/wp-content\/uploads\/2023\/12\/WhatsApp-Image-2023-12-01-at-10.51.48.jpeg 1280w\" sizes=\"auto, (max-width: 512px) 100vw, 512px\" \/><\/figure>\n<\/div>\n\n\n<p>Y remarc\u00f3 que &#8220;hay que armar un plan de contingencia donde las y los delegados van a ser la primera trinchera. Los compa\u00f1eros tienen que saber a qui\u00e9n llamar, debemos tener un solo canal de di\u00e1logo para poder atender con efectividad las urgencias. Quienes est\u00e9n en las seccionales har\u00e1n lo mismo, pero todos debemos saber a qui\u00e9n acudir frente a la emergencia&#8221;.<\/p>\n\n\n\n<p>Y destac\u00f3 que &#8220;la asesora letrada dar\u00e1 una capacitaci\u00f3n para tener el modelo que nos permita responder frente al despido, el delegado debe tener el botiqu\u00edn de auxilio para saber c\u00f3mo actuar. Despu\u00e9s la estructura del sindicato va a saber c\u00f3mo responder frente al ajuste que se pretende aplicar en determinada localidad&#8221;.<\/p>\n\n\n\n<p><strong>Autonom\u00eda y convicciones<\/strong><\/p>\n\n\n\n<p>Por \u00faltimo se\u00f1al\u00f3 que &#8220;las y los delegados tiene dos a\u00f1os de tutela sindical, ya lo saben los que leyeron el estatuto y la legislaci\u00f3n laboral. Quiere decir que tienen m\u00e1s herramientas para protegerse pero eso no significa que no intenten despedirlos. Pero atr\u00e1s nuestro hay trabajadores que no tienen nada, y no son un n\u00famero. Hay familias&#8221;.<\/p>\n\n\n<div class=\"wp-block-image\">\n<figure class=\"alignleft size-large is-resized\"><img loading=\"lazy\" decoding=\"async\" src=\"https:\/\/atecordoba.org\/wp-content\/uploads\/2023\/12\/WhatsApp-Image-2023-12-01-at-10.51.50-1024x461.jpeg\" alt=\"\" class=\"wp-image-40150\" width=\"512\" height=\"231\" srcset=\"https:\/\/atecordoba.org\/wp-content\/uploads\/2023\/12\/WhatsApp-Image-2023-12-01-at-10.51.50-1024x461.jpeg 1024w, https:\/\/atecordoba.org\/wp-content\/uploads\/2023\/12\/WhatsApp-Image-2023-12-01-at-10.51.50-300x135.jpeg 300w, https:\/\/atecordoba.org\/wp-content\/uploads\/2023\/12\/WhatsApp-Image-2023-12-01-at-10.51.50-768x346.jpeg 768w, https:\/\/atecordoba.org\/wp-content\/uploads\/2023\/12\/WhatsApp-Image-2023-12-01-at-10.51.50-750x338.jpeg 750w, https:\/\/atecordoba.org\/wp-content\/uploads\/2023\/12\/WhatsApp-Image-2023-12-01-at-10.51.50-1140x513.jpeg 1140w, https:\/\/atecordoba.org\/wp-content\/uploads\/2023\/12\/WhatsApp-Image-2023-12-01-at-10.51.50.jpeg 1280w\" sizes=\"auto, (max-width: 512px) 100vw, 512px\" \/><\/figure>\n<\/div>\n\n\n<p>&#8220;Esto significa que estar a la altura de las circunstancias es fundamental, dejar de lado las diferencias, que las va a haber, y actuar en conjunto. Entendamos que los intendentes son los patrones, por m\u00e1s que tengan v\u00ednculos personales o jueguen a la pelota juntos los domingos. Ustedes son delegados gremiales y cuando se sienten en una mesa de negociaci\u00f3n defender\u00e1n los intereses de los laburantes y no del partido pol\u00edtico de turno&#8221;, asegur\u00f3.<\/p>\n\n\n\n<p>Y remarc\u00f3 que &#8220;nosotros basamos nuestra acci\u00f3n en la autonom\u00eda, a todos los intendentes les planteamos conflicto m\u00e1s all\u00e1 del partido pol\u00edtico que provengan. Lo hicimos al socialista del Cosqu\u00edn, al peronismo de Schiaretti o la peronismo kirchnerista, los radicales o el Pro&#8221;.<\/p>\n\n\n\n<p>&#8220;Si en una mesa discut\u00eds con un intendente porque ATE le pide un aumento de sueldo y no lo quieren dar, ah\u00ed juega la autonom\u00eda como herramienta fundamental para cumplir el mandato que tenemos como dirigentes&#8221;, concluy\u00f3.<\/p>\n\n\n\n<p>La capacitaci\u00f3n se extendi\u00f3 por tres horas con un saldo muy positivo de parte de todas y todos los delegados que participaron. <\/p>\n","protected":false},"excerpt":{"rendered":"<p>El Consejo Directivo Provincial (CDP) puso en marcha hoy un importante curso de capacitaci\u00f3n para delegadas y delegados municipales, organizado por la Secretar\u00eda de Formaci\u00f3n que tiene a su cargo la compa\u00f1era Irina Silberman. La conducci\u00f3n en pleno del CDP estuvo presente en la actividad, encabezada por nuestro secretario General, Federico Giuliani, y la secretaria [&hellip;]<\/p>\n","protected":false},"author":7,"featured_media":40145,"comment_status":"open","ping_status":"open","sticky":false,"template":"","format":"standard","meta":{"_exactmetrics_skip_tracking":false,"_exactmetrics_sitenote_active":false,"_exactmetrics_sitenote_note":"","_exactmetrics_sitenote_category":0,"jnews-multi-image_gallery":[],"jnews_single_post":{"subtitle":"El secretario General de ATE C\u00f3rdoba, Federico Giuliani, alent\u00f3 sobre la importancia de la formaci\u00f3n en la introducci\u00f3n del taller y dijo: \"necesitamos que cada cuerpo de delegados tenga herramientas para poder hablar con el intendente, con el patr\u00f3n. Son necesarias para afrontar una paritaria, saber qu\u00e9 es un presupuesto, cu\u00e1l es nuestro rol con dirigentes gremiales. Tenemos que estar preparados cuando nos llegue un compa\u00f1ero con la notificaci\u00f3n de despido. Hay que hacer relevamientos para saber previamente su condici\u00f3n laboral, su antig\u00fcedad, tener su DNI a mano, es parte de la tarea que se llevan hoy\".","format":"standard","video":"","gallery":"","source_name":"","source_url":"","via_name":"","via_url":"","override_template":"0","override":[{"template":"1","single_blog_custom":"","parallax":"1","fullscreen":"1","layout":"no-sidebar-narrow","sidebar":"default-sidebar","second_sidebar":"default-sidebar","sticky_sidebar":"1","share_position":"bottom","share_float_style":"share-monocrhome","show_share_counter":"1","show_view_counter":"1","show_featured":"0","show_post_meta":"1","show_post_author":"0","show_post_author_image":"1","show_post_date":"1","post_date_format":"default","post_date_format_custom":"Y\/m\/d","show_post_category":"1","show_post_reading_time":"0","post_reading_time_wpm":"300","show_zoom_button":"0","zoom_button_out_step":"2","zoom_button_in_step":"3","show_post_tag":"1","show_prev_next_post":"0","show_popup_post":"0","number_popup_post":"1","show_author_box":"0","show_post_related":"1","show_inline_post_related":"0"}],"override_image_size":"0","image_override":[{"single_post_thumbnail_size":"crop-500","single_post_gallery_size":"crop-500"}],"trending_post":"0","trending_post_position":"meta","trending_post_label":"Trending","sponsored_post":"0","sponsored_post_label":"Sponsored by","sponsored_post_name":"","sponsored_post_url":"","sponsored_post_logo_enable":"0","sponsored_post_logo":"","sponsored_post_desc":"","disable_ad":"0"},"jnews_primary_category":{"id":"","hide":""},"jnews_social_meta":{"fb_title":"","fb_description":"","fb_image":"","twitter_title":"","twitter_description":"","twitter_image":""},"jnews_review":[],"enable_review":"0","type":"percentage","name":"","summary":"","brand":"","sku":"","good":[{"good_text":""}],"bad":[{"bad_text":""}],"score_override":"","override_value":"","rating":[{"rating_text":"","rating_number":"10"}],"price":[{"shop":"","price":"","link":"","icon":""}],"jnews_override_counter":{"override_view_counter":"0","view_counter_number":"0","override_share_counter":"0","share_counter_number":"0","override_like_counter":"0","like_counter_number":"0","override_dislike_counter":"0","dislike_counter_number":"0"},"jnews_post_split":{"enable_post_split":"0","post_split":[{"template":"1","tag":"h2","numbering":"asc","mode":"normal","first":"0","enable_toc":"0","toc_type":"normal"}]},"footnotes":""},"categories":[88],"tags":[],"class_list":["post-40143","post","type-post","status-publish","format-standard","has-post-thumbnail","hentry","category-formacion"],"jetpack_featured_media_url":"https:\/\/atecordoba.org\/wp-content\/uploads\/2023\/12\/WhatsApp-Image-2023-12-01-at-10.51.46-e1701451621629.jpeg","_links":{"self":[{"href":"https:\/\/atecordoba.org\/index.php?rest_route=\/wp\/v2\/posts\/40143","targetHints":{"allow":["GET"]}}],"collection":[{"href":"https:\/\/atecordoba.org\/index.php?rest_route=\/wp\/v2\/posts"}],"about":[{"href":"https:\/\/atecordoba.org\/index.php?rest_route=\/wp\/v2\/types\/post"}],"author":[{"embeddable":true,"href":"https:\/\/atecordoba.org\/index.php?rest_route=\/wp\/v2\/users\/7"}],"replies":[{"embeddable":true,"href":"https:\/\/atecordoba.org\/index.php?rest_route=%2Fwp%2Fv2%2Fcomments&post=40143"}],"version-history":[{"count":2,"href":"https:\/\/atecordoba.org\/index.php?rest_route=\/wp\/v2\/posts\/40143\/revisions"}],"predecessor-version":[{"id":40152,"href":"https:\/\/atecordoba.org\/index.php?rest_route=\/wp\/v2\/posts\/40143\/revisions\/40152"}],"wp:featuredmedia":[{"embeddable":true,"href":"https:\/\/atecordoba.org\/index.php?rest_route=\/wp\/v2\/media\/40145"}],"wp:attachment":[{"href":"https:\/\/atecordoba.org\/index.php?rest_route=%2Fwp%2Fv2%2Fmedia&parent=40143"}],"wp:term":[{"taxonomy":"category","embeddable":true,"href":"https:\/\/atecordoba.org\/index.php?rest_route=%2Fwp%2Fv2%2Fcategories&post=40143"},{"taxonomy":"post_tag","embeddable":true,"href":"https:\/\/atecordoba.org\/index.php?rest_route=%2Fwp%2Fv2%2Ftags&post=40143"}],"curies":[{"name":"wp","href":"https:\/\/api.w.org\/{rel}","templated":true}]}}