{"id":40139,"date":"2023-12-01T10:09:34","date_gmt":"2023-12-01T13:09:34","guid":{"rendered":"https:\/\/atecordoba.org\/?p=40139"},"modified":"2023-12-01T10:09:35","modified_gmt":"2023-12-01T13:09:35","slug":"estan-abiertas-las-reservas-del-hostel-german-abdala-de-ate-en-cordoba-capital","status":"publish","type":"post","link":"https:\/\/atecordoba.org\/?p=40139","title":{"rendered":"Est\u00e1n abiertas las reservas del Hostel German Abdala de ATE en C\u00f3rdoba Capital"},"content":{"rendered":"<div class=\"wp-block-image\">\n<figure class=\"aligncenter size-full is-resized\"><img loading=\"lazy\" decoding=\"async\" src=\"https:\/\/atecordoba.org\/wp-content\/uploads\/2023\/12\/flyer.jpg\" alt=\"\" class=\"wp-image-40140\" width=\"720\" height=\"720\" srcset=\"https:\/\/atecordoba.org\/wp-content\/uploads\/2023\/12\/flyer.jpg 960w, https:\/\/atecordoba.org\/wp-content\/uploads\/2023\/12\/flyer-300x300.jpg 300w, https:\/\/atecordoba.org\/wp-content\/uploads\/2023\/12\/flyer-150x150.jpg 150w, https:\/\/atecordoba.org\/wp-content\/uploads\/2023\/12\/flyer-768x768.jpg 768w, https:\/\/atecordoba.org\/wp-content\/uploads\/2023\/12\/flyer-560x560.jpg 560w, https:\/\/atecordoba.org\/wp-content\/uploads\/2023\/12\/flyer-75x75.jpg 75w, https:\/\/atecordoba.org\/wp-content\/uploads\/2023\/12\/flyer-350x350.jpg 350w, https:\/\/atecordoba.org\/wp-content\/uploads\/2023\/12\/flyer-750x750.jpg 750w\" sizes=\"auto, (max-width: 720px) 100vw, 720px\" \/><\/figure>\n<\/div>\n\n\n<p>La Casa de Germ\u00e1n es una casona hist\u00f3rica reciclada, ubicada en el coraz\u00f3n del centro de la ciudad de C\u00f3rdoba, Argentina, llevando el nombre en homenaje a Germ\u00e1n Abdala.<\/p>\n\n\n\n<p>El hostel le ofrece a todos los afiliados y afiliadas un ambiente de alegr\u00eda, encuentro, militancia y lucha.<\/p>\n\n\n\n<p>Y cuenta con variedad de habitaciones, 3 ba\u00f1os y 2 duchas compartidas, espacios comunes amplios, cocina completa, patio interno con asador. Totalmente equipado para disfrutar la estad\u00eda.<\/p>\n\n\n\n<p>Ubicado en Entre R\u00edos 437, C\u00f3rdoba Capital, La Casa de Germ\u00e1n dispone: <\/p>\n\n\n\n<ul class=\"wp-block-list\">\n<li>Habitaci\u00f3n n\u00b0 6 (1 Cama Cucheta).<\/li>\n\n\n\n<li>Habitaci\u00f3n n\u00b0 7 (2 Camas Cucheta).<\/li>\n\n\n\n<li>Habitaci\u00f3n n\u00b0 9 (1 Cama Doble + 1 Cama Cucheta).<\/li>\n\n\n\n<li>Habitaci\u00f3n n\u00b0 10 (3 Camas Cucheta).<\/li>\n\n\n\n<li>Habitaci\u00f3n n\u00b0 11 (1 Cama Doble + 1 Cama Cucheta + Ba\u00f1o Privado).<\/li>\n<\/ul>\n\n\n\n<p>Para solicitar tu reserva comunicarse a reservas.ate.cordoba@gmail.com enviando los siguientes datos:<\/p>\n\n\n\n<p>_- Fecha de Entrada y Salida.<\/p>\n\n\n\n<p>_- Apellido y Nombre del Afiliada o Afiliado.<\/p>\n\n\n\n<p>_- Cantidad de Hu\u00e9spedes.<\/p>\n","protected":false},"excerpt":{"rendered":"<p>La Casa de Germ\u00e1n es una casona hist\u00f3rica reciclada, ubicada en el coraz\u00f3n del centro de la ciudad de C\u00f3rdoba, Argentina, llevando el nombre en homenaje a Germ\u00e1n Abdala. El hostel le ofrece a todos los afiliados y afiliadas un ambiente de alegr\u00eda, encuentro, militancia y lucha. Y cuenta con variedad de habitaciones, 3 ba\u00f1os [&hellip;]<\/p>\n","protected":false},"author":7,"featured_media":40141,"comment_status":"open","ping_status":"open","sticky":false,"template":"","format":"standard","meta":{"_exactmetrics_skip_tracking":false,"_exactmetrics_sitenote_active":false,"_exactmetrics_sitenote_note":"","_exactmetrics_sitenote_category":0,"jnews-multi-image_gallery":[],"jnews_single_post":{"subtitle":"La Casa de Germ\u00e1n cuenta con variedad de habitaciones, 3 ba\u00f1os y 2 duchas compartidas, espacios comunes amplios, cocina completa, patio interno con asador. Totalmente equipado para disfrutar la estad\u00eda.","format":"standard","video":"","gallery":"","source_name":"","source_url":"","via_name":"","via_url":"","override_template":"0","override":[{"template":"1","single_blog_custom":"","parallax":"1","fullscreen":"1","layout":"no-sidebar-narrow","sidebar":"default-sidebar","second_sidebar":"default-sidebar","sticky_sidebar":"1","share_position":"bottom","share_float_style":"share-monocrhome","show_share_counter":"1","show_view_counter":"1","show_featured":"0","show_post_meta":"1","show_post_author":"0","show_post_author_image":"1","show_post_date":"1","post_date_format":"default","post_date_format_custom":"Y\/m\/d","show_post_category":"1","show_post_reading_time":"0","post_reading_time_wpm":"300","show_zoom_button":"0","zoom_button_out_step":"2","zoom_button_in_step":"3","show_post_tag":"1","show_prev_next_post":"0","show_popup_post":"0","number_popup_post":"1","show_author_box":"0","show_post_related":"1","show_inline_post_related":"0"}],"override_image_size":"0","image_override":[{"single_post_thumbnail_size":"crop-500","single_post_gallery_size":"crop-500"}],"trending_post":"0","trending_post_position":"meta","trending_post_label":"Trending","sponsored_post":"0","sponsored_post_label":"Sponsored by","sponsored_post_name":"","sponsored_post_url":"","sponsored_post_logo_enable":"0","sponsored_post_logo":"","sponsored_post_desc":"","disable_ad":"0"},"jnews_primary_category":{"id":"","hide":""},"jnews_social_meta":{"fb_title":"","fb_description":"","fb_image":"","twitter_title":"","twitter_description":"","twitter_image":""},"jnews_review":[],"enable_review":"0","type":"percentage","name":"","summary":"","brand":"","sku":"","good":[{"good_text":""}],"bad":[{"bad_text":""}],"score_override":"","override_value":"","rating":[{"rating_text":"","rating_number":"10"}],"price":[{"shop":"","price":"","link":"","icon":""}],"jnews_override_counter":{"override_view_counter":"0","view_counter_number":"0","override_share_counter":"0","share_counter_number":"0","override_like_counter":"0","like_counter_number":"0","override_dislike_counter":"0","dislike_counter_number":"0"},"jnews_post_split":{"enable_post_split":"0","post_split":[{"template":"1","tag":"h2","numbering":"asc","mode":"normal","first":"0","enable_toc":"0","toc_type":"normal"}]},"footnotes":""},"categories":[75],"tags":[],"class_list":["post-40139","post","type-post","status-publish","format-standard","has-post-thumbnail","hentry","category-accion-social"],"jetpack_featured_media_url":"https:\/\/atecordoba.org\/wp-content\/uploads\/2023\/12\/WhatsApp-Image-2023-11-21-at-11.09.50-e1701436168804.jpeg","_links":{"self":[{"href":"https:\/\/atecordoba.org\/index.php?rest_route=\/wp\/v2\/posts\/40139","targetHints":{"allow":["GET"]}}],"collection":[{"href":"https:\/\/atecordoba.org\/index.php?rest_route=\/wp\/v2\/posts"}],"about":[{"href":"https:\/\/atecordoba.org\/index.php?rest_route=\/wp\/v2\/types\/post"}],"author":[{"embeddable":true,"href":"https:\/\/atecordoba.org\/index.php?rest_route=\/wp\/v2\/users\/7"}],"replies":[{"embeddable":true,"href":"https:\/\/atecordoba.org\/index.php?rest_route=%2Fwp%2Fv2%2Fcomments&post=40139"}],"version-history":[{"count":1,"href":"https:\/\/atecordoba.org\/index.php?rest_route=\/wp\/v2\/posts\/40139\/revisions"}],"predecessor-version":[{"id":40142,"href":"https:\/\/atecordoba.org\/index.php?rest_route=\/wp\/v2\/posts\/40139\/revisions\/40142"}],"wp:featuredmedia":[{"embeddable":true,"href":"https:\/\/atecordoba.org\/index.php?rest_route=\/wp\/v2\/media\/40141"}],"wp:attachment":[{"href":"https:\/\/atecordoba.org\/index.php?rest_route=%2Fwp%2Fv2%2Fmedia&parent=40139"}],"wp:term":[{"taxonomy":"category","embeddable":true,"href":"https:\/\/atecordoba.org\/index.php?rest_route=%2Fwp%2Fv2%2Fcategories&post=40139"},{"taxonomy":"post_tag","embeddable":true,"href":"https:\/\/atecordoba.org\/index.php?rest_route=%2Fwp%2Fv2%2Ftags&post=40139"}],"curies":[{"name":"wp","href":"https:\/\/api.w.org\/{rel}","templated":true}]}}