{"id":4013,"date":"2014-04-08T18:19:18","date_gmt":"2014-04-08T21:19:18","guid":{"rendered":"http:\/\/www.atecordoba.org\/?p=4013"},"modified":"2014-04-08T18:19:18","modified_gmt":"2014-04-08T21:19:18","slug":"10-de-abril-ante-el-ajuste-la-unica-respuesta-es-el-paro-general","status":"publish","type":"post","link":"https:\/\/atecordoba.org\/?p=4013","title":{"rendered":"10 de abril: ante el ajuste, la \u00fanica respuesta es el paro general"},"content":{"rendered":"<p>(comunicado CTA C\u00f3rdoba)\u00a0<em>La Central de Trabajadores de la Argentina resolvi\u00f3 en su Congreso Nacional, realizado el 4 y 5 de abril en Mar del Plata convocar al Paro Nacional del 10 de abril, en unidad de acci\u00f3n con las centrales convocantes. El paro se llevar\u00e1 a cabo a partir de las 0 horas, sin concurrencia a los lugares de trabajo.\u00a0<\/em><\/p>\n<p style=\"text-align: center;\"><a href=\"http:\/\/www.atecordoba.org\/wp-content\/uploads\/2012\/11\/IMG_3274.jpg\"><img loading=\"lazy\" decoding=\"async\" class=\"aligncenter  wp-image-1939\" alt=\"IMG_3274\" src=\"http:\/\/www.atecordoba.org\/wp-content\/uploads\/2012\/11\/IMG_3274-e1396991788490.jpg\" width=\"560\" height=\"420\" \/><\/a><\/p>\n<p>La medida obedece a la necesidad urgente de dar una respuesta pol\u00edtica desde el movimiento obrero organizado al proceso de ajuste que sufren los trabajadores del pa\u00eds, a ra\u00edz de las medidas que se vienen tomando a nivel nacional, provincial y municipal.<\/p>\n<p>A nivel nacional, el impuesto inflacionario y la p\u00e9rdida del poder adquisitivo, producto de la reciente devaluaci\u00f3n salvaje, vienen socavando el bolsillo de los asalariados, sumado al \u00faltimo tarifazo que no discrimina ricos de pobres. Adem\u00e1s, el intento permanente del Ministerio de Trabajo de la Naci\u00f3n por imponer techos a las paritarias evidencia que la pol\u00edtica de ajuste es generalizada, con el agravante de no modificar los m\u00ednimos no imponibles del Impuesto a las Ganancias, sujetando a los trabajadores a una pinza que afecta progresivamente los salarios.<\/p>\n<p>Este paro es tambi\u00e9n una respuesta a los despidos y suspensiones en diversos sectores de la producci\u00f3n y los servicios, donde los empresarios se quejan de los costos en \u00e9pocas de merma de la actividad econ\u00f3mica pero nunca se acuerdan de distribuir las ganancias a pesar de los altos\u00a0 niveles de rentabilidad evidenciados durante la \u00faltima d\u00e9cada. Rechazamos la neutralidad del gobierno nacional ante este proceso, que termina beneficiando siempre a los mismos sectores. Por caso, el sistema financiero acumul\u00f3, incluso hasta el a\u00f1o pasado, incre\u00edbles ganancias y esto es f\u00e1cilmente constatable por las rendiciones que los bancos tienen obligaci\u00f3n de rendir. Pero el gobierno nacional insiste en mantener vigente desde la dictadura la canallesca Ley de Entidades Financiera.<\/p>\n<p>A nivel provincial, C\u00f3rdoba da muestras de pol\u00edticas en el mismo sentido, gestionando uno de los distritos m\u00e1s caros del pa\u00eds a partir de tasas viales, impuestos altos y regresivos, as\u00ed como beneficios permanentes a los sectores concentrados, grandes multinacionales y sojeros. Una provincia donde la inseguridad abruma a los trabajadores, mientras De la Sota mira para otro lado o sofoca hist\u00e9ricamente el centro de la capital con operativos fastuosos para detener motociclistas, medidas todas que no llevan a ning\u00fan resultado concreto, sino m\u00e1s represi\u00f3n para el pueblo. Al mismo tiempo, vemos alarmados la timba financiera que se difunde por los medios, que arranc\u00f3 con funcionarios como Marcelo Falo y se recicla con el presidente del Banco de C\u00f3rdoba en la mesa de dinero de CBI.<\/p>\n<p>Esto mismo le cabe a la administraci\u00f3n municipal de Ram\u00f3n Mestre, cuyos funcionarios est\u00e1n acusados de participar en la bicicleta financiera, con el agravante que se trata de dinero del sistema de transporte p\u00fablico, el m\u00e1s caro del pa\u00eds, que muestra graves d\u00e9ficits de prestaciones. A todo esto los trabajadores sufrimos recientemente un nuevo tarifazo al boleto que afecta m\u00e1s aun nuestros bolsillos. Hay que sumar aumentos de tasas y contribuciones urbanas, dando cuenta que el Estado en los tres niveles est\u00e1 gestionado, independientemente de los partidos pol\u00edticos, por la misma receta: el ajuste.<\/p>\n<p>En ese marco, la CTA reclama un piso de paritaria del 35% y que la mesa de discusi\u00f3n salarial permanezca abierta ante nuevas escaladas de precios; un salario inicial que cubra la canasta familiar; 82% m\u00f3vil para los jubilados nacionales y un aumento de emergencia porque la inflaci\u00f3n licu\u00f3 el \u00faltimo aumento otorgado por la ANSES; derogaci\u00f3n de la ley 10078 de los jubilados provinciales para lograr tambi\u00e9n el 82% m\u00f3vil en C\u00f3rdoba; basta de precarizaci\u00f3n laboral y trabajo en negro, tanto en el sector privado como en el Estado. Tambi\u00e9n exigimos la derogaci\u00f3n de las leyes Antiterrorista y De Riesgo de Trabajo, la prohibici\u00f3n de despidos y suspensiones, y repudiamos la criminalizaci\u00f3n de la protesta social, expresada en la condena a los petroleros de Las Heras.<\/p>\n<p align=\"center\"><b>Por todo esto, el jueves 10 de abril vamos todos al paro nacional.<\/b><\/p>\n<p align=\"right\"><b>Oscar Mengarelli<\/b><\/p>\n<p align=\"right\"><b>Secretario General<\/b><\/p>\n<p align=\"right\"><b>CTA C\u00f3rdoba<\/b><\/p>\n","protected":false},"excerpt":{"rendered":"<p>(comunicado CTA C\u00f3rdoba)\u00a0La Central de Trabajadores de la Argentina resolvi\u00f3 en su Congreso Nacional, realizado el 4 y 5 de abril en Mar del Plata convocar al Paro Nacional del 10 de abril, en unidad de acci\u00f3n con las centrales convocantes. El paro se llevar\u00e1 a cabo a partir de las 0 horas, sin concurrencia [&hellip;]<\/p>\n","protected":false},"author":1,"featured_media":19220,"comment_status":"open","ping_status":"open","sticky":false,"template":"","format":"standard","meta":{"_exactmetrics_skip_tracking":false,"_exactmetrics_sitenote_active":false,"_exactmetrics_sitenote_note":"","_exactmetrics_sitenote_category":0,"jnews-multi-image_gallery":[],"jnews_single_post":[],"jnews_primary_category":[],"jnews_social_meta":[],"jnews_review":[],"enable_review":"","type":"","name":"","summary":"","brand":"","sku":"","good":[],"bad":[],"score_override":"","override_value":"","rating":[],"price":[],"jnews_override_counter":[],"jnews_post_split":[],"footnotes":""},"categories":[92],"tags":[],"class_list":["post-4013","post","type-post","status-publish","format-standard","has-post-thumbnail","hentry","category-cta"],"jetpack_featured_media_url":"https:\/\/atecordoba.org\/wp-content\/uploads\/2020\/05\/logo-nuevochico-e1561581322808.png","_links":{"self":[{"href":"https:\/\/atecordoba.org\/index.php?rest_route=\/wp\/v2\/posts\/4013","targetHints":{"allow":["GET"]}}],"collection":[{"href":"https:\/\/atecordoba.org\/index.php?rest_route=\/wp\/v2\/posts"}],"about":[{"href":"https:\/\/atecordoba.org\/index.php?rest_route=\/wp\/v2\/types\/post"}],"author":[{"embeddable":true,"href":"https:\/\/atecordoba.org\/index.php?rest_route=\/wp\/v2\/users\/1"}],"replies":[{"embeddable":true,"href":"https:\/\/atecordoba.org\/index.php?rest_route=%2Fwp%2Fv2%2Fcomments&post=4013"}],"version-history":[{"count":0,"href":"https:\/\/atecordoba.org\/index.php?rest_route=\/wp\/v2\/posts\/4013\/revisions"}],"wp:featuredmedia":[{"embeddable":true,"href":"https:\/\/atecordoba.org\/index.php?rest_route=\/wp\/v2\/media\/19220"}],"wp:attachment":[{"href":"https:\/\/atecordoba.org\/index.php?rest_route=%2Fwp%2Fv2%2Fmedia&parent=4013"}],"wp:term":[{"taxonomy":"category","embeddable":true,"href":"https:\/\/atecordoba.org\/index.php?rest_route=%2Fwp%2Fv2%2Fcategories&post=4013"},{"taxonomy":"post_tag","embeddable":true,"href":"https:\/\/atecordoba.org\/index.php?rest_route=%2Fwp%2Fv2%2Ftags&post=4013"}],"curies":[{"name":"wp","href":"https:\/\/api.w.org\/{rel}","templated":true}]}}