{"id":40129,"date":"2023-12-01T09:59:43","date_gmt":"2023-12-01T12:59:43","guid":{"rendered":"https:\/\/atecordoba.org\/?p=40129"},"modified":"2023-12-01T10:02:11","modified_gmt":"2023-12-01T13:02:11","slug":"asumio-en-rio-cuarto-la-conduccion-del-centenario","status":"publish","type":"post","link":"https:\/\/atecordoba.org\/?p=40129","title":{"rendered":"Asumi\u00f3 en R\u00edo Cuarto la Conducci\u00f3n del Centenario"},"content":{"rendered":"<div class=\"wp-block-image\">\n<figure class=\"aligncenter size-full\"><img loading=\"lazy\" decoding=\"async\" width=\"899\" height=\"899\" src=\"https:\/\/atecordoba.org\/wp-content\/uploads\/2023\/12\/mano-alzada.jpg\" alt=\"\" class=\"wp-image-40130\" srcset=\"https:\/\/atecordoba.org\/wp-content\/uploads\/2023\/12\/mano-alzada.jpg 899w, https:\/\/atecordoba.org\/wp-content\/uploads\/2023\/12\/mano-alzada-300x300.jpg 300w, https:\/\/atecordoba.org\/wp-content\/uploads\/2023\/12\/mano-alzada-150x150.jpg 150w, https:\/\/atecordoba.org\/wp-content\/uploads\/2023\/12\/mano-alzada-768x768.jpg 768w, https:\/\/atecordoba.org\/wp-content\/uploads\/2023\/12\/mano-alzada-560x560.jpg 560w, https:\/\/atecordoba.org\/wp-content\/uploads\/2023\/12\/mano-alzada-75x75.jpg 75w, https:\/\/atecordoba.org\/wp-content\/uploads\/2023\/12\/mano-alzada-350x350.jpg 350w, https:\/\/atecordoba.org\/wp-content\/uploads\/2023\/12\/mano-alzada-750x750.jpg 750w\" sizes=\"auto, (max-width: 899px) 100vw, 899px\" \/><\/figure>\n<\/div>\n\n\n<p>El 25 de noviembre asumi\u00f3 formalmente la conducci\u00f3n de ATE R\u00edo Cuarto bajo el formato de Plenario General, \u201cporque sabemos que en tiempos adversos no hay nada m\u00e1s sano que encontrarnos escucharnos y abrazarnos en nuestra trinchera de lucha\u201d, asegur\u00f3 Rafaela Alcoba, reelecta Secretaria General del Sindicato.<\/p>\n\n\n\n<p>\u201cCon la misma convicci\u00f3n que hace cuatro a\u00f1os atr\u00e1s, asumo el compromiso y la tarea de estar a la altura de las circunstancias de los tiempos que que corren\u201d, agreg\u00f3.<\/p>\n\n\n\n<p>La dirigente sostuvo que \u201cjunto a m\u00e1s de 45 compa\u00f1eros y compa\u00f1eras de los distintos sectores que forman parte de esta ATE, y con un voto un\u00e1nime ratificamos el Estado de Alerta y Movilizaci\u00f3n para defender los derechos ya conquistados. La \u00fanica manera de frenar la embestida antiderechos es con m\u00e1s lucha y m\u00e1s organizaci\u00f3n\u201d, concluy\u00f3.<\/p>\n\n\n\n<p>De la actividad participaron Federico Giuliani y Gabriela Alcoba, Secretario General y Secretaria Adjunta del Consejo Directivo Provincial (CDP) de ATE C\u00f3rdoba, respectivamente.<\/p>\n\n\n\n<figure class=\"wp-block-gallery has-nested-images columns-default is-cropped wp-block-gallery-1 is-layout-flex wp-block-gallery-is-layout-flex\">\n<figure class=\"wp-block-image size-large\"><img loading=\"lazy\" decoding=\"async\" width=\"300\" height=\"300\" data-id=\"40132\" src=\"https:\/\/atecordoba.org\/wp-content\/uploads\/2023\/12\/rafaela-y-sr.jpg\" alt=\"\" class=\"wp-image-40132\" srcset=\"https:\/\/atecordoba.org\/wp-content\/uploads\/2023\/12\/rafaela-y-sr.jpg 300w, https:\/\/atecordoba.org\/wp-content\/uploads\/2023\/12\/rafaela-y-sr-150x150.jpg 150w, https:\/\/atecordoba.org\/wp-content\/uploads\/2023\/12\/rafaela-y-sr-75x75.jpg 75w\" sizes=\"auto, (max-width: 300px) 100vw, 300px\" \/><\/figure>\n\n\n\n<figure class=\"wp-block-image size-large\"><img loading=\"lazy\" decoding=\"async\" width=\"1024\" height=\"1024\" data-id=\"40134\" src=\"https:\/\/atecordoba.org\/wp-content\/uploads\/2023\/12\/rengo-1-1024x1024.jpg\" alt=\"\" class=\"wp-image-40134\" srcset=\"https:\/\/atecordoba.org\/wp-content\/uploads\/2023\/12\/rengo-1-1024x1024.jpg 1024w, https:\/\/atecordoba.org\/wp-content\/uploads\/2023\/12\/rengo-1-300x300.jpg 300w, https:\/\/atecordoba.org\/wp-content\/uploads\/2023\/12\/rengo-1-150x150.jpg 150w, https:\/\/atecordoba.org\/wp-content\/uploads\/2023\/12\/rengo-1-768x768.jpg 768w, https:\/\/atecordoba.org\/wp-content\/uploads\/2023\/12\/rengo-1-560x560.jpg 560w, https:\/\/atecordoba.org\/wp-content\/uploads\/2023\/12\/rengo-1-75x75.jpg 75w, https:\/\/atecordoba.org\/wp-content\/uploads\/2023\/12\/rengo-1-350x350.jpg 350w, https:\/\/atecordoba.org\/wp-content\/uploads\/2023\/12\/rengo-1-750x750.jpg 750w, https:\/\/atecordoba.org\/wp-content\/uploads\/2023\/12\/rengo-1.jpg 1080w\" sizes=\"auto, (max-width: 1024px) 100vw, 1024px\" \/><\/figure>\n\n\n\n<figure class=\"wp-block-image size-large\"><img loading=\"lazy\" decoding=\"async\" width=\"300\" height=\"300\" data-id=\"40133\" src=\"https:\/\/atecordoba.org\/wp-content\/uploads\/2023\/12\/dos.jpg\" alt=\"\" class=\"wp-image-40133\" srcset=\"https:\/\/atecordoba.org\/wp-content\/uploads\/2023\/12\/dos.jpg 300w, https:\/\/atecordoba.org\/wp-content\/uploads\/2023\/12\/dos-150x150.jpg 150w, https:\/\/atecordoba.org\/wp-content\/uploads\/2023\/12\/dos-75x75.jpg 75w\" sizes=\"auto, (max-width: 300px) 100vw, 300px\" \/><\/figure>\n<\/figure>\n","protected":false},"excerpt":{"rendered":"<p>El 25 de noviembre asumi\u00f3 formalmente la conducci\u00f3n de ATE R\u00edo Cuarto bajo el formato de Plenario General, \u201cporque sabemos que en tiempos adversos no hay nada m\u00e1s sano que encontrarnos escucharnos y abrazarnos en nuestra trinchera de lucha\u201d, asegur\u00f3 Rafaela Alcoba, reelecta Secretaria General del Sindicato. \u201cCon la misma convicci\u00f3n que hace cuatro a\u00f1os [&hellip;]<\/p>\n","protected":false},"author":7,"featured_media":40137,"comment_status":"open","ping_status":"open","sticky":false,"template":"","format":"standard","meta":{"_exactmetrics_skip_tracking":false,"_exactmetrics_sitenote_active":false,"_exactmetrics_sitenote_note":"","_exactmetrics_sitenote_category":0,"jnews-multi-image_gallery":[],"jnews_single_post":{"subtitle":"Durante el acto de asunci\u00f3n se realiz\u00f3 un plenario general de la Seccional. All\u00ed la reelecta secretaria General Rafaela Alcoba dijo que \u201cjunto a m\u00e1s de 45 compa\u00f1eros y compa\u00f1eras de los distintos sectores que forman parte de esta ATE, y con un voto un\u00e1nime ratificamos el Estado de Alerta y Movilizaci\u00f3n para defender los derechos ya conquistados. La \u00fanica manera de frenar la embestida antiderechos es con m\u00e1s lucha y m\u00e1s organizaci\u00f3n\".","format":"standard","video":"","gallery":"","source_name":"","source_url":"","via_name":"","via_url":"","override_template":"0","override":[{"template":"1","single_blog_custom":"","parallax":"1","fullscreen":"1","layout":"no-sidebar-narrow","sidebar":"default-sidebar","second_sidebar":"default-sidebar","sticky_sidebar":"1","share_position":"bottom","share_float_style":"share-monocrhome","show_share_counter":"1","show_view_counter":"1","show_featured":"0","show_post_meta":"1","show_post_author":"0","show_post_author_image":"1","show_post_date":"1","post_date_format":"default","post_date_format_custom":"Y\/m\/d","show_post_category":"1","show_post_reading_time":"0","post_reading_time_wpm":"300","show_zoom_button":"0","zoom_button_out_step":"2","zoom_button_in_step":"3","show_post_tag":"1","show_prev_next_post":"0","show_popup_post":"0","number_popup_post":"1","show_author_box":"0","show_post_related":"1","show_inline_post_related":"0"}],"override_image_size":"0","image_override":[{"single_post_thumbnail_size":"crop-500","single_post_gallery_size":"crop-500"}],"trending_post":"0","trending_post_position":"meta","trending_post_label":"Trending","sponsored_post":"0","sponsored_post_label":"Sponsored by","sponsored_post_name":"","sponsored_post_url":"","sponsored_post_logo_enable":"0","sponsored_post_logo":"","sponsored_post_desc":"","disable_ad":"0"},"jnews_primary_category":{"id":"","hide":""},"jnews_social_meta":{"fb_title":"","fb_description":"","fb_image":"","twitter_title":"","twitter_description":"","twitter_image":""},"jnews_review":[],"enable_review":"0","type":"percentage","name":"","summary":"","brand":"","sku":"","good":[{"good_text":""}],"bad":[{"bad_text":""}],"score_override":"","override_value":"","rating":[{"rating_text":"","rating_number":"10"}],"price":[{"shop":"","price":"","link":"","icon":""}],"jnews_override_counter":{"override_view_counter":"0","view_counter_number":"0","override_share_counter":"0","share_counter_number":"0","override_like_counter":"0","like_counter_number":"0","override_dislike_counter":"0","dislike_counter_number":"0"},"jnews_post_split":{"enable_post_split":"0","post_split":[{"template":"1","tag":"h2","numbering":"asc","mode":"normal","first":"0","enable_toc":"0","toc_type":"normal"}]},"footnotes":""},"categories":[12],"tags":[],"class_list":["post-40129","post","type-post","status-publish","format-standard","has-post-thumbnail","hentry","category-rio-cuarto"],"jetpack_featured_media_url":"https:\/\/atecordoba.org\/wp-content\/uploads\/2023\/12\/rafaela-alcoba-e1701435726245.jpg","_links":{"self":[{"href":"https:\/\/atecordoba.org\/index.php?rest_route=\/wp\/v2\/posts\/40129","targetHints":{"allow":["GET"]}}],"collection":[{"href":"https:\/\/atecordoba.org\/index.php?rest_route=\/wp\/v2\/posts"}],"about":[{"href":"https:\/\/atecordoba.org\/index.php?rest_route=\/wp\/v2\/types\/post"}],"author":[{"embeddable":true,"href":"https:\/\/atecordoba.org\/index.php?rest_route=\/wp\/v2\/users\/7"}],"replies":[{"embeddable":true,"href":"https:\/\/atecordoba.org\/index.php?rest_route=%2Fwp%2Fv2%2Fcomments&post=40129"}],"version-history":[{"count":1,"href":"https:\/\/atecordoba.org\/index.php?rest_route=\/wp\/v2\/posts\/40129\/revisions"}],"predecessor-version":[{"id":40135,"href":"https:\/\/atecordoba.org\/index.php?rest_route=\/wp\/v2\/posts\/40129\/revisions\/40135"}],"wp:featuredmedia":[{"embeddable":true,"href":"https:\/\/atecordoba.org\/index.php?rest_route=\/wp\/v2\/media\/40137"}],"wp:attachment":[{"href":"https:\/\/atecordoba.org\/index.php?rest_route=%2Fwp%2Fv2%2Fmedia&parent=40129"}],"wp:term":[{"taxonomy":"category","embeddable":true,"href":"https:\/\/atecordoba.org\/index.php?rest_route=%2Fwp%2Fv2%2Fcategories&post=40129"},{"taxonomy":"post_tag","embeddable":true,"href":"https:\/\/atecordoba.org\/index.php?rest_route=%2Fwp%2Fv2%2Ftags&post=40129"}],"curies":[{"name":"wp","href":"https:\/\/api.w.org\/{rel}","templated":true}]}}