{"id":40108,"date":"2023-11-30T13:10:36","date_gmt":"2023-11-30T16:10:36","guid":{"rendered":"https:\/\/atecordoba.org\/?p=40108"},"modified":"2023-11-30T13:11:21","modified_gmt":"2023-11-30T16:11:21","slug":"ate-nacional-convoca-a-llenar-el-pais-de-radios-abiertas-y-movilizaciones-el-11-de-diciembre","status":"publish","type":"post","link":"https:\/\/atecordoba.org\/?p=40108","title":{"rendered":"ATE Nacional convoca a llenar el pa\u00eds de radios abiertas y movilizaciones el 11 de diciembre"},"content":{"rendered":"<div class=\"wp-block-image\">\n<figure class=\"aligncenter size-large is-resized\"><img loading=\"lazy\" decoding=\"async\" src=\"https:\/\/atecordoba.org\/wp-content\/uploads\/2023\/11\/406406948_854696053004982_4979931402675920713_n-1024x683.jpg\" alt=\"\" class=\"wp-image-40109\" width=\"768\" height=\"512\" srcset=\"https:\/\/atecordoba.org\/wp-content\/uploads\/2023\/11\/406406948_854696053004982_4979931402675920713_n-1024x683.jpg 1024w, https:\/\/atecordoba.org\/wp-content\/uploads\/2023\/11\/406406948_854696053004982_4979931402675920713_n-300x200.jpg 300w, https:\/\/atecordoba.org\/wp-content\/uploads\/2023\/11\/406406948_854696053004982_4979931402675920713_n-768x512.jpg 768w, https:\/\/atecordoba.org\/wp-content\/uploads\/2023\/11\/406406948_854696053004982_4979931402675920713_n-1536x1024.jpg 1536w, https:\/\/atecordoba.org\/wp-content\/uploads\/2023\/11\/406406948_854696053004982_4979931402675920713_n-750x500.jpg 750w, https:\/\/atecordoba.org\/wp-content\/uploads\/2023\/11\/406406948_854696053004982_4979931402675920713_n-1140x760.jpg 1140w, https:\/\/atecordoba.org\/wp-content\/uploads\/2023\/11\/406406948_854696053004982_4979931402675920713_n.jpg 1599w\" sizes=\"auto, (max-width: 768px) 100vw, 768px\" \/><\/figure>\n<\/div>\n\n\n<p>En una conferencia de prensa realizada hoy en las puertas de la sede de ATE Nacional, que congreg\u00f3 a una multitud de estatales, el secretario General del Consejo Directivo Nacional, Rody Aguiar, comunic\u00f3 la resoluci\u00f3n de nuestro gremial de convocar a una Jornada Nacional de Lucha el pr\u00f3ximo 11 de diciembre, con radios abiertas y movilizaciones en todos los organismos del Estado Nacional, tanto en sus sedes centrales como en las delegaciones de cada provincia. <\/p>\n\n\n\n<p>La medida obedece a las versiones difundidas sobre el programa de ajuste y desguace del estado que impulsa el pr\u00f3ximo Gobierno Nacional que asumir\u00e1 el 10 de diciembre, encabezado por el Presidente electo Javier Milei. <\/p>\n\n\n\n<p>&#8220;Y convertir vamos ese 11 de diciembre en una jornada nacional de lucha con movilizaci\u00f3n al Congreso de la Naci\u00f3n&#8221;, afirm\u00f3, Para luego agregar que &#8220;respetamos la voluntad popular. Para nosotros es incuestionable, pero tenemos la obligaci\u00f3n de seguir hablando de los problemas que enfrentan los trabajadores todos los d\u00edas. Exigimos conocer los detalles de la ley que pretende reformar el Estado. Se encuentran en peligro miles de fuentes de empleo y la mayor\u00eda de las pol\u00edticas p\u00fablicas. Adem\u00e1s, los jubilados no soportan ni una pizca de ajuste m\u00e1s&#8221;, explic\u00f3 Aguiar, acompa\u00f1ado en la ocasi\u00f3n por la secretaria Adjunta de ATE nacional, Mercedes Cabezas, y los secretarios Generales de los consejo directivos provinciales de Buenos Aires, Claudio Ar\u00e9valo, y Capital Federal, Daniel Catalano. <\/p>\n\n\n<div class=\"wp-block-image\">\n<figure class=\"aligncenter size-large is-resized\"><img loading=\"lazy\" decoding=\"async\" src=\"https:\/\/atecordoba.org\/wp-content\/uploads\/2023\/11\/406435700_854696043004983_5061624926806478752_n-1024x576.jpg\" alt=\"\" class=\"wp-image-40110\" width=\"768\" height=\"432\" \/><\/figure>\n<\/div>\n\n\n<p>En esa l\u00ednea, Aguiar adelant\u00f3 que la conducci\u00f3n nacional solicitar\u00e1 una audiencia con el nuevo presidente Milei para exigirle &#8220;precisiones sobre el alcance de la Ley \u00d3mnibus de reforma y achique del Estado&#8221;. <\/p>\n\n\n\n<p>&#8220;Tiene que quedar claro, no salimos a defender ning\u00fan privilegio. Defendemos las fuentes laborales pero fundamentalmente al Estado y todas las pol\u00edticas p\u00fablicas. En todo el pa\u00eds los estatales tenemos la serenidad y templanza que la hora requiere, y todas nuestras convicciones intactas. Que nadie dude que tenemos la unidad y la fuerza que hacen falta para enfrentar el tiempo que viene&#8221;, dijo el dirigente.<\/p>\n\n\n\n<p>Y alent\u00f3 un llamado p\u00fablico a la unidad de las tres centrales sindicales. &#8220;Las dos CTA y la CGT deben comenzar a articular acciones porque del programa de ajuste regresivo que se planifica, no se salva nadie&#8221;, advirti\u00f3.<\/p>\n\n\n\n<p><strong>Conducci\u00f3n del Centenario<\/strong><\/p>\n\n\n\n<p>Tambi\u00e9n hicieron uso de la palabra Cabezas, Ar\u00e9valo y Catalano para ratificar la unidad de nuestra organizaci\u00f3n sindical frente al programa de ajuste y refrendar la defensa de los puestos de trabajo en cada sector del Estado, haciendo especial menci\u00f3n a los medios p\u00fablicos de comunicaci\u00f3n, fuente de permanente acoso de parte de los dirigentes del futuro gobierno.<\/p>\n\n\n<div class=\"wp-block-image\">\n<figure class=\"aligncenter size-large is-resized\"><img loading=\"lazy\" decoding=\"async\" src=\"https:\/\/atecordoba.org\/wp-content\/uploads\/2023\/11\/406519822_854696096338311_2056765525450275675_n-1024x577.jpg\" alt=\"\" class=\"wp-image-40111\" width=\"768\" height=\"433\" srcset=\"https:\/\/atecordoba.org\/wp-content\/uploads\/2023\/11\/406519822_854696096338311_2056765525450275675_n-1024x577.jpg 1024w, https:\/\/atecordoba.org\/wp-content\/uploads\/2023\/11\/406519822_854696096338311_2056765525450275675_n-300x169.jpg 300w, https:\/\/atecordoba.org\/wp-content\/uploads\/2023\/11\/406519822_854696096338311_2056765525450275675_n-768x432.jpg 768w, https:\/\/atecordoba.org\/wp-content\/uploads\/2023\/11\/406519822_854696096338311_2056765525450275675_n-1536x865.jpg 1536w, https:\/\/atecordoba.org\/wp-content\/uploads\/2023\/11\/406519822_854696096338311_2056765525450275675_n-750x422.jpg 750w, https:\/\/atecordoba.org\/wp-content\/uploads\/2023\/11\/406519822_854696096338311_2056765525450275675_n-1140x642.jpg 1140w, https:\/\/atecordoba.org\/wp-content\/uploads\/2023\/11\/406519822_854696096338311_2056765525450275675_n.jpg 2048w\" sizes=\"auto, (max-width: 768px) 100vw, 768px\" \/><\/figure>\n<\/div>\n\n\n<p>&#8220;Somos la conducci\u00f3n del centenario. que tiene responsabilidades a nivel nacional, en la Capital Federal, Buenos Aires y el resto del pa\u00eds. \u00bfQu\u00e9 esperan los 340 mil que nos votaron? Que no nos olvidemos de d\u00f3nde venimos. El poder del sindicato est\u00e1 en su gente, donde hay un compa\u00f1ero y compa\u00f1era discutiendo con el patr\u00f3n de turno donde los derechos de sus representados&#8221;, se\u00f1al\u00f3 Aguiar.<\/p>\n\n\n\n<p>El dirigente plante\u00f3 &#8220;cu\u00e1l es el valor realmente de nuestra fuerza de trabajo&#8221;. Y respondi\u00f3 &#8220;la ley manda que el salario cubra las necesidades del trabajador, pagar la vivienda, la alimentaci\u00f3n, y las cuestiones b\u00e1sicas de la familia, pero hoy no se est\u00e1 cumpliendo&#8221;.<\/p>\n\n\n\n<p>Por eso apunt\u00f3 que &#8220;Vamos a pedir aumento salarial y pase a planta permanente en cada jurisdicci\u00f3n&#8221;.<\/p>\n\n\n\n<p>Y concluy\u00f3 afirmando que &#8220;para eso nuestra responsabilidad es tener m\u00e1s poder, tenemos que ser medio mill\u00f3n de afiliados cunado cumplamos 100 a\u00f1os de vida&#8221;, ante el aplauso general.<\/p>\n","protected":false},"excerpt":{"rendered":"<p>En una conferencia de prensa realizada hoy en las puertas de la sede de ATE Nacional, que congreg\u00f3 a una multitud de estatales, el secretario General del Consejo Directivo Nacional, Rody Aguiar, comunic\u00f3 la resoluci\u00f3n de nuestro gremial de convocar a una Jornada Nacional de Lucha el pr\u00f3ximo 11 de diciembre, con radios abiertas y [&hellip;]<\/p>\n","protected":false},"author":7,"featured_media":40110,"comment_status":"open","ping_status":"open","sticky":false,"template":"","format":"standard","meta":{"_exactmetrics_skip_tracking":false,"_exactmetrics_sitenote_active":false,"_exactmetrics_sitenote_note":"","_exactmetrics_sitenote_category":0,"jnews-multi-image_gallery":[],"jnews_single_post":{"subtitle":"En conferencia de prensa, el secretario General de ATE Nacional, Rodolfo 'Rody' Aguiar, adelant\u00f3 que la jornada de lucha incluye una masiva movilizaci\u00f3n de estatales al Congreso de la Naci\u00f3n. ","format":"standard","video":"","gallery":"","source_name":"","source_url":"","via_name":"","via_url":"","override_template":"0","override":[{"template":"1","single_blog_custom":"","parallax":"1","fullscreen":"1","layout":"no-sidebar-narrow","sidebar":"default-sidebar","second_sidebar":"default-sidebar","sticky_sidebar":"1","share_position":"bottom","share_float_style":"share-monocrhome","show_share_counter":"1","show_view_counter":"1","show_featured":"0","show_post_meta":"1","show_post_author":"0","show_post_author_image":"1","show_post_date":"1","post_date_format":"default","post_date_format_custom":"Y\/m\/d","show_post_category":"1","show_post_reading_time":"0","post_reading_time_wpm":"300","show_zoom_button":"0","zoom_button_out_step":"2","zoom_button_in_step":"3","show_post_tag":"1","show_prev_next_post":"0","show_popup_post":"0","number_popup_post":"1","show_author_box":"0","show_post_related":"1","show_inline_post_related":"0"}],"override_image_size":"0","image_override":[{"single_post_thumbnail_size":"crop-500","single_post_gallery_size":"crop-500"}],"trending_post":"0","trending_post_position":"meta","trending_post_label":"Trending","sponsored_post":"0","sponsored_post_label":"Sponsored by","sponsored_post_name":"","sponsored_post_url":"","sponsored_post_logo_enable":"0","sponsored_post_logo":"","sponsored_post_desc":"","disable_ad":"0"},"jnews_primary_category":{"id":"","hide":""},"jnews_social_meta":{"fb_title":"","fb_description":"","fb_image":"","twitter_title":"","twitter_description":"","twitter_image":""},"jnews_review":[],"enable_review":"0","type":"percentage","name":"","summary":"","brand":"","sku":"","good":[{"good_text":""}],"bad":[{"bad_text":""}],"score_override":"","override_value":"","rating":[{"rating_text":"","rating_number":"10"}],"price":[{"shop":"","price":"","link":"","icon":""}],"jnews_override_counter":{"override_view_counter":"0","view_counter_number":"0","override_share_counter":"0","share_counter_number":"0","override_like_counter":"0","like_counter_number":"0","override_dislike_counter":"0","dislike_counter_number":"0"},"jnews_post_split":{"enable_post_split":"0","post_split":[{"template":"1","tag":"h2","numbering":"asc","mode":"normal","first":"0","enable_toc":"0","toc_type":"normal"}]},"footnotes":""},"categories":[756],"tags":[],"class_list":["post-40108","post","type-post","status-publish","format-standard","has-post-thumbnail","hentry","category-consejo-directivo-nacional-cdn"],"jetpack_featured_media_url":"https:\/\/atecordoba.org\/wp-content\/uploads\/2023\/11\/406435700_854696043004983_5061624926806478752_n-e1701360630563.jpg","_links":{"self":[{"href":"https:\/\/atecordoba.org\/index.php?rest_route=\/wp\/v2\/posts\/40108","targetHints":{"allow":["GET"]}}],"collection":[{"href":"https:\/\/atecordoba.org\/index.php?rest_route=\/wp\/v2\/posts"}],"about":[{"href":"https:\/\/atecordoba.org\/index.php?rest_route=\/wp\/v2\/types\/post"}],"author":[{"embeddable":true,"href":"https:\/\/atecordoba.org\/index.php?rest_route=\/wp\/v2\/users\/7"}],"replies":[{"embeddable":true,"href":"https:\/\/atecordoba.org\/index.php?rest_route=%2Fwp%2Fv2%2Fcomments&post=40108"}],"version-history":[{"count":1,"href":"https:\/\/atecordoba.org\/index.php?rest_route=\/wp\/v2\/posts\/40108\/revisions"}],"predecessor-version":[{"id":40112,"href":"https:\/\/atecordoba.org\/index.php?rest_route=\/wp\/v2\/posts\/40108\/revisions\/40112"}],"wp:featuredmedia":[{"embeddable":true,"href":"https:\/\/atecordoba.org\/index.php?rest_route=\/wp\/v2\/media\/40110"}],"wp:attachment":[{"href":"https:\/\/atecordoba.org\/index.php?rest_route=%2Fwp%2Fv2%2Fmedia&parent=40108"}],"wp:term":[{"taxonomy":"category","embeddable":true,"href":"https:\/\/atecordoba.org\/index.php?rest_route=%2Fwp%2Fv2%2Fcategories&post=40108"},{"taxonomy":"post_tag","embeddable":true,"href":"https:\/\/atecordoba.org\/index.php?rest_route=%2Fwp%2Fv2%2Ftags&post=40108"}],"curies":[{"name":"wp","href":"https:\/\/api.w.org\/{rel}","templated":true}]}}