{"id":40086,"date":"2023-11-29T11:27:49","date_gmt":"2023-11-29T14:27:49","guid":{"rendered":"https:\/\/atecordoba.org\/?p=40086"},"modified":"2023-11-29T11:27:50","modified_gmt":"2023-11-29T14:27:50","slug":"a-sala-llena-pipon-giuliani-presento-su-ultimo-libro-en-ate","status":"publish","type":"post","link":"https:\/\/atecordoba.org\/?p=40086","title":{"rendered":"A sala llena, Pip\u00f3n Giuliani present\u00f3 su \u00faltimo libro en ATE"},"content":{"rendered":"<div class=\"wp-block-image\">\n<figure class=\"aligncenter size-large is-resized\"><img loading=\"lazy\" decoding=\"async\" src=\"https:\/\/atecordoba.org\/wp-content\/uploads\/2023\/11\/WhatsApp-Image-2023-11-29-at-10.25.35-1-1024x569.jpeg\" alt=\"\" class=\"wp-image-40087\" width=\"768\" height=\"427\" srcset=\"https:\/\/atecordoba.org\/wp-content\/uploads\/2023\/11\/WhatsApp-Image-2023-11-29-at-10.25.35-1-1024x569.jpeg 1024w, https:\/\/atecordoba.org\/wp-content\/uploads\/2023\/11\/WhatsApp-Image-2023-11-29-at-10.25.35-1-300x167.jpeg 300w, https:\/\/atecordoba.org\/wp-content\/uploads\/2023\/11\/WhatsApp-Image-2023-11-29-at-10.25.35-1-768x427.jpeg 768w, https:\/\/atecordoba.org\/wp-content\/uploads\/2023\/11\/WhatsApp-Image-2023-11-29-at-10.25.35-1-750x417.jpeg 750w, https:\/\/atecordoba.org\/wp-content\/uploads\/2023\/11\/WhatsApp-Image-2023-11-29-at-10.25.35-1.jpeg 1080w\" sizes=\"auto, (max-width: 768px) 100vw, 768px\" \/><\/figure>\n<\/div>\n\n\n<p>El periodista y dirigente sindical y pol\u00edtico Juan Carlos Pip\u00f3n Giuliani present\u00f3 ayer en el auditorio de ATE C\u00f3rdoba su \u00faltimo libro &#8220;Qu\u00e9 rumbo hay que tomar&#8221;.<\/p>\n\n\n\n<p>La actividad estuvo organizada por la Secretaria de Formaci\u00f3n del Consejo Directivo Provincial y cont\u00f3 con el apoyo, integrando la mesa de presentaci\u00f3n junto a Giuliani, de la secretaria General de Uni\u00f3n Obrera Gr\u00e1fica, Ilda Bustos, y el secretario Gremial del CDP, Jorge Chalup.<\/p>\n\n\n\n<p>Se trat\u00f3 de un encuentro fraterno programado como homenaje al D\u00eda de la Militancia, el pasado 17 de noviembre cuando asumi\u00f3 la nuevo conducci\u00f3n de ATE C\u00f3rdoba, surgida de las elecciones de agosto pasado. <\/p>\n\n\n<div class=\"wp-block-image\">\n<figure class=\"aligncenter size-large is-resized\"><img loading=\"lazy\" decoding=\"async\" src=\"https:\/\/atecordoba.org\/wp-content\/uploads\/2023\/11\/20231128_172351-1024x577.jpg\" alt=\"\" class=\"wp-image-40088\" width=\"768\" height=\"433\" \/><\/figure>\n<\/div>\n\n\n<p>&#8220;Fue una instancia de di\u00e1logo y reflexiones junto a compa\u00f1eras y compa\u00f1eros, de juventudes y viejos militantes, referentes de organismos de DDHH y de diverso sindicatos&#8221; cont\u00f3 la secretaria de Formaci\u00f3n, Irina Silberman.<\/p>\n\n\n\n<p>&#8220;Pensamos la actividad como un espacio de encuentro, debate y reflexi\u00f3n, teniendo en cuenta la coyuntura pol\u00edtica actual. Son necesarios estos encuentros, que la formaci\u00f3n debe ser permanente ya que somos seres en permanente transformaci\u00f3n y cambio y crecimiento. A trav\u00e9s de las experiencias de Pip\u00f3n y de lo que relata el libro pudimos hacer un recorrido pol\u00edtico, para tratar de comprender por qu\u00e9 estamos como estamos a 40 a\u00f1os de recuperada la democracia en Argentina&#8221;, explic\u00f3 la dirigente.<\/p>\n\n\n<div class=\"wp-block-image\">\n<figure class=\"aligncenter size-large is-resized\"><img loading=\"lazy\" decoding=\"async\" src=\"https:\/\/atecordoba.org\/wp-content\/uploads\/2023\/11\/WhatsApp-Image-2023-11-29-at-10.25.35-1024x569.jpeg\" alt=\"\" class=\"wp-image-40089\" width=\"768\" height=\"427\" srcset=\"https:\/\/atecordoba.org\/wp-content\/uploads\/2023\/11\/WhatsApp-Image-2023-11-29-at-10.25.35-1024x569.jpeg 1024w, https:\/\/atecordoba.org\/wp-content\/uploads\/2023\/11\/WhatsApp-Image-2023-11-29-at-10.25.35-300x167.jpeg 300w, https:\/\/atecordoba.org\/wp-content\/uploads\/2023\/11\/WhatsApp-Image-2023-11-29-at-10.25.35-768x427.jpeg 768w, https:\/\/atecordoba.org\/wp-content\/uploads\/2023\/11\/WhatsApp-Image-2023-11-29-at-10.25.35-750x417.jpeg 750w, https:\/\/atecordoba.org\/wp-content\/uploads\/2023\/11\/WhatsApp-Image-2023-11-29-at-10.25.35.jpeg 1080w\" sizes=\"auto, (max-width: 768px) 100vw, 768px\" \/><\/figure>\n<\/div>\n\n\n<p>Por eso destac\u00f3 que &#8220;de la mano de Pip\u00f3n revalorizamos las luchas que nos precedieron en los \u201970, los \u201990, de los 2000, \u00a0nos sirve para tomar experiencias y como faro a partir de lo que nos merecemos la clase trabajadora&#8221;.<\/p>\n\n\n\n<p>&#8220;Fue un momento para abrazarnos y tomar fuerzas para asumir la responsabilidad de lo que se viene en nuestro pa\u00eds. M\u00e1s fortalecidos que nunca seguiremos en la lucha que dieron nuestros viejos, con el compromiso que tenemos hoy como dirigentes sindicales y pol\u00edticos&#8221;, concluy\u00f3 Silberman.<\/p>\n\n\n\n<figure class=\"wp-block-gallery has-nested-images columns-default is-cropped wp-block-gallery-1 is-layout-flex wp-block-gallery-is-layout-flex\">\n<figure class=\"wp-block-image size-large\"><img loading=\"lazy\" decoding=\"async\" width=\"1024\" height=\"577\" data-id=\"40090\" src=\"https:\/\/atecordoba.org\/wp-content\/uploads\/2023\/11\/20231128_172859-1024x577.jpg\" alt=\"\" class=\"wp-image-40090\" srcset=\"https:\/\/atecordoba.org\/wp-content\/uploads\/2023\/11\/20231128_172859-1024x577.jpg 1024w, https:\/\/atecordoba.org\/wp-content\/uploads\/2023\/11\/20231128_172859-300x169.jpg 300w, https:\/\/atecordoba.org\/wp-content\/uploads\/2023\/11\/20231128_172859-768x432.jpg 768w, https:\/\/atecordoba.org\/wp-content\/uploads\/2023\/11\/20231128_172859-1536x865.jpg 1536w, https:\/\/atecordoba.org\/wp-content\/uploads\/2023\/11\/20231128_172859-2048x1153.jpg 2048w, https:\/\/atecordoba.org\/wp-content\/uploads\/2023\/11\/20231128_172859-750x422.jpg 750w, https:\/\/atecordoba.org\/wp-content\/uploads\/2023\/11\/20231128_172859-1140x642.jpg 1140w\" sizes=\"auto, (max-width: 1024px) 100vw, 1024px\" \/><\/figure>\n\n\n\n<figure class=\"wp-block-image size-large\"><img loading=\"lazy\" decoding=\"async\" width=\"1024\" height=\"577\" data-id=\"40091\" src=\"https:\/\/atecordoba.org\/wp-content\/uploads\/2023\/11\/20231128_172954-1024x577.jpg\" alt=\"\" class=\"wp-image-40091\" srcset=\"https:\/\/atecordoba.org\/wp-content\/uploads\/2023\/11\/20231128_172954-1024x577.jpg 1024w, https:\/\/atecordoba.org\/wp-content\/uploads\/2023\/11\/20231128_172954-300x169.jpg 300w, https:\/\/atecordoba.org\/wp-content\/uploads\/2023\/11\/20231128_172954-768x432.jpg 768w, https:\/\/atecordoba.org\/wp-content\/uploads\/2023\/11\/20231128_172954-1536x865.jpg 1536w, https:\/\/atecordoba.org\/wp-content\/uploads\/2023\/11\/20231128_172954-2048x1153.jpg 2048w, https:\/\/atecordoba.org\/wp-content\/uploads\/2023\/11\/20231128_172954-750x422.jpg 750w, https:\/\/atecordoba.org\/wp-content\/uploads\/2023\/11\/20231128_172954-1140x642.jpg 1140w\" sizes=\"auto, (max-width: 1024px) 100vw, 1024px\" \/><\/figure>\n\n\n\n<figure class=\"wp-block-image size-large\"><img loading=\"lazy\" decoding=\"async\" width=\"1024\" height=\"577\" data-id=\"40092\" src=\"https:\/\/atecordoba.org\/wp-content\/uploads\/2023\/11\/20231128_173018-1024x577.jpg\" alt=\"\" class=\"wp-image-40092\" srcset=\"https:\/\/atecordoba.org\/wp-content\/uploads\/2023\/11\/20231128_173018-1024x577.jpg 1024w, https:\/\/atecordoba.org\/wp-content\/uploads\/2023\/11\/20231128_173018-300x169.jpg 300w, https:\/\/atecordoba.org\/wp-content\/uploads\/2023\/11\/20231128_173018-768x432.jpg 768w, https:\/\/atecordoba.org\/wp-content\/uploads\/2023\/11\/20231128_173018-1536x865.jpg 1536w, https:\/\/atecordoba.org\/wp-content\/uploads\/2023\/11\/20231128_173018-2048x1153.jpg 2048w, https:\/\/atecordoba.org\/wp-content\/uploads\/2023\/11\/20231128_173018-750x422.jpg 750w, https:\/\/atecordoba.org\/wp-content\/uploads\/2023\/11\/20231128_173018-1140x642.jpg 1140w\" sizes=\"auto, (max-width: 1024px) 100vw, 1024px\" \/><\/figure>\n\n\n\n<figure class=\"wp-block-image size-large\"><img loading=\"lazy\" decoding=\"async\" width=\"1024\" height=\"577\" data-id=\"40097\" src=\"https:\/\/atecordoba.org\/wp-content\/uploads\/2023\/11\/20231128_171045-1-1024x577.jpg\" alt=\"\" class=\"wp-image-40097\" srcset=\"https:\/\/atecordoba.org\/wp-content\/uploads\/2023\/11\/20231128_171045-1-1024x577.jpg 1024w, https:\/\/atecordoba.org\/wp-content\/uploads\/2023\/11\/20231128_171045-1-300x169.jpg 300w, https:\/\/atecordoba.org\/wp-content\/uploads\/2023\/11\/20231128_171045-1-768x432.jpg 768w, https:\/\/atecordoba.org\/wp-content\/uploads\/2023\/11\/20231128_171045-1-1536x865.jpg 1536w, https:\/\/atecordoba.org\/wp-content\/uploads\/2023\/11\/20231128_171045-1-2048x1153.jpg 2048w, https:\/\/atecordoba.org\/wp-content\/uploads\/2023\/11\/20231128_171045-1-750x422.jpg 750w, https:\/\/atecordoba.org\/wp-content\/uploads\/2023\/11\/20231128_171045-1-1140x642.jpg 1140w\" sizes=\"auto, (max-width: 1024px) 100vw, 1024px\" \/><\/figure>\n<\/figure>\n","protected":false},"excerpt":{"rendered":"<p>El periodista y dirigente sindical y pol\u00edtico Juan Carlos Pip\u00f3n Giuliani present\u00f3 ayer en el auditorio de ATE C\u00f3rdoba su \u00faltimo libro &#8220;Qu\u00e9 rumbo hay que tomar&#8221;. La actividad estuvo organizada por la Secretaria de Formaci\u00f3n del Consejo Directivo Provincial y cont\u00f3 con el apoyo, integrando la mesa de presentaci\u00f3n junto a Giuliani, de la [&hellip;]<\/p>\n","protected":false},"author":7,"featured_media":40088,"comment_status":"open","ping_status":"open","sticky":false,"template":"","format":"standard","meta":{"_exactmetrics_skip_tracking":false,"_exactmetrics_sitenote_active":false,"_exactmetrics_sitenote_note":"","_exactmetrics_sitenote_category":0,"jnews-multi-image_gallery":[],"jnews_single_post":{"subtitle":"La actividad estuvo organizada por la Secretaria de Formaci\u00f3n del Consejo Directivo Provincial y cont\u00f3 con el apoyo, integrando la mesa de presentaci\u00f3n junto a Giuliani, de la secretaria General de Uni\u00f3n Obrera Gr\u00e1fica, Ilda Bustos, y el secretario Gremial del CDP, Jorge Chalup.","format":"standard","video":"","gallery":"","source_name":"","source_url":"","via_name":"","via_url":"","override_template":"0","override":[{"template":"1","single_blog_custom":"","parallax":"1","fullscreen":"1","layout":"no-sidebar-narrow","sidebar":"default-sidebar","second_sidebar":"default-sidebar","sticky_sidebar":"1","share_position":"bottom","share_float_style":"share-monocrhome","show_share_counter":"1","show_view_counter":"1","show_featured":"0","show_post_meta":"1","show_post_author":"0","show_post_author_image":"1","show_post_date":"1","post_date_format":"default","post_date_format_custom":"Y\/m\/d","show_post_category":"1","show_post_reading_time":"0","post_reading_time_wpm":"300","show_zoom_button":"0","zoom_button_out_step":"2","zoom_button_in_step":"3","show_post_tag":"1","show_prev_next_post":"0","show_popup_post":"0","number_popup_post":"1","show_author_box":"0","show_post_related":"1","show_inline_post_related":"0"}],"override_image_size":"0","image_override":[{"single_post_thumbnail_size":"crop-500","single_post_gallery_size":"crop-500"}],"trending_post":"0","trending_post_position":"meta","trending_post_label":"Trending","sponsored_post":"0","sponsored_post_label":"Sponsored by","sponsored_post_name":"","sponsored_post_url":"","sponsored_post_logo_enable":"0","sponsored_post_logo":"","sponsored_post_desc":"","disable_ad":"0"},"jnews_primary_category":{"id":"","hide":""},"jnews_social_meta":{"fb_title":"","fb_description":"","fb_image":"","twitter_title":"","twitter_description":"","twitter_image":""},"jnews_review":[],"enable_review":"0","type":"percentage","name":"","summary":"","brand":"","sku":"","good":[{"good_text":""}],"bad":[{"bad_text":""}],"score_override":"","override_value":"","rating":[{"rating_text":"","rating_number":"10"}],"price":[{"shop":"","price":"","link":"","icon":""}],"jnews_override_counter":{"override_view_counter":"0","view_counter_number":"0","override_share_counter":"0","share_counter_number":"0","override_like_counter":"0","like_counter_number":"0","override_dislike_counter":"0","dislike_counter_number":"0"},"jnews_post_split":{"enable_post_split":"0","post_split":[{"template":"1","tag":"h2","numbering":"asc","mode":"normal","first":"0","enable_toc":"0","toc_type":"normal"}]},"footnotes":""},"categories":[88],"tags":[],"class_list":["post-40086","post","type-post","status-publish","format-standard","has-post-thumbnail","hentry","category-formacion"],"jetpack_featured_media_url":"https:\/\/atecordoba.org\/wp-content\/uploads\/2023\/11\/20231128_172351-scaled-e1701268049255.jpg","_links":{"self":[{"href":"https:\/\/atecordoba.org\/index.php?rest_route=\/wp\/v2\/posts\/40086","targetHints":{"allow":["GET"]}}],"collection":[{"href":"https:\/\/atecordoba.org\/index.php?rest_route=\/wp\/v2\/posts"}],"about":[{"href":"https:\/\/atecordoba.org\/index.php?rest_route=\/wp\/v2\/types\/post"}],"author":[{"embeddable":true,"href":"https:\/\/atecordoba.org\/index.php?rest_route=\/wp\/v2\/users\/7"}],"replies":[{"embeddable":true,"href":"https:\/\/atecordoba.org\/index.php?rest_route=%2Fwp%2Fv2%2Fcomments&post=40086"}],"version-history":[{"count":1,"href":"https:\/\/atecordoba.org\/index.php?rest_route=\/wp\/v2\/posts\/40086\/revisions"}],"predecessor-version":[{"id":40098,"href":"https:\/\/atecordoba.org\/index.php?rest_route=\/wp\/v2\/posts\/40086\/revisions\/40098"}],"wp:featuredmedia":[{"embeddable":true,"href":"https:\/\/atecordoba.org\/index.php?rest_route=\/wp\/v2\/media\/40088"}],"wp:attachment":[{"href":"https:\/\/atecordoba.org\/index.php?rest_route=%2Fwp%2Fv2%2Fmedia&parent=40086"}],"wp:term":[{"taxonomy":"category","embeddable":true,"href":"https:\/\/atecordoba.org\/index.php?rest_route=%2Fwp%2Fv2%2Fcategories&post=40086"},{"taxonomy":"post_tag","embeddable":true,"href":"https:\/\/atecordoba.org\/index.php?rest_route=%2Fwp%2Fv2%2Ftags&post=40086"}],"curies":[{"name":"wp","href":"https:\/\/api.w.org\/{rel}","templated":true}]}}