{"id":4005,"date":"2014-04-07T18:09:20","date_gmt":"2014-04-07T21:09:20","guid":{"rendered":"http:\/\/www.atecordoba.org\/?p=4005"},"modified":"2014-04-07T18:09:20","modified_gmt":"2014-04-07T21:09:20","slug":"eleccion-de-delegados-en-el-ipad-amplia-la-organizacion-de-ate-en-la-provincia","status":"publish","type":"post","link":"https:\/\/atecordoba.org\/?p=4005","title":{"rendered":"Elecci\u00f3n de delegados en el IPAD amplia la organizaci\u00f3n de ATE en la Provincia"},"content":{"rendered":"<p><em>El pr\u00f3ximo mi\u00e9rcoles 9 de abril alrededor de 100 compa\u00f1eros del Instituto Provincial de Drogadicci\u00f3n y Alcoholismo elegir\u00e1n la representaci\u00f3n gremial.<\/em><\/p>\n<p style=\"text-align: center;\">\u00a0<a href=\"http:\/\/www.atecordoba.org\/wp-content\/uploads\/2014\/04\/IPAD_FACHADA.png\"><img loading=\"lazy\" decoding=\"async\" class=\"aligncenter  wp-image-4006\" alt=\"IPAD_FACHADA\" src=\"http:\/\/www.atecordoba.org\/wp-content\/uploads\/2014\/04\/IPAD_FACHADA.png\" width=\"560\" height=\"420\" \/><\/a><\/p>\n<p>De esta forma, los compa\u00f1eros Silvia Ibarrlucea y Jes\u00fas Albornoz se presentar\u00e1n como candidatos. El IPAD es uno de los sectores que mostraron un importante compromiso durante el conflicto de salud del segundo semestre del a\u00f1o pasado.<\/p>\n<p>Las urnas se abrir\u00e1n de 6 a 16 horas y se espera una nutrida concurrencia de votantes.<\/p>\n","protected":false},"excerpt":{"rendered":"<p>El pr\u00f3ximo mi\u00e9rcoles 9 de abril alrededor de 100 compa\u00f1eros del Instituto Provincial de Drogadicci\u00f3n y Alcoholismo elegir\u00e1n la representaci\u00f3n gremial. \u00a0 De esta forma, los compa\u00f1eros Silvia Ibarrlucea y Jes\u00fas Albornoz se presentar\u00e1n como candidatos. El IPAD es uno de los sectores que mostraron un importante compromiso durante el conflicto de salud del segundo [&hellip;]<\/p>\n","protected":false},"author":1,"featured_media":19220,"comment_status":"open","ping_status":"open","sticky":false,"template":"","format":"standard","meta":{"_exactmetrics_skip_tracking":false,"_exactmetrics_sitenote_active":false,"_exactmetrics_sitenote_note":"","_exactmetrics_sitenote_category":0,"jnews-multi-image_gallery":[],"jnews_single_post":[],"jnews_primary_category":[],"jnews_social_meta":[],"jnews_review":[],"enable_review":"","type":"","name":"","summary":"","brand":"","sku":"","good":[],"bad":[],"score_override":"","override_value":"","rating":[],"price":[],"jnews_override_counter":[],"jnews_post_split":[],"footnotes":""},"categories":[7,8],"tags":[],"class_list":["post-4005","post","type-post","status-publish","format-standard","has-post-thumbnail","hentry","category-hospitales","category-provinciales"],"jetpack_featured_media_url":"https:\/\/atecordoba.org\/wp-content\/uploads\/2020\/05\/logo-nuevochico-e1561581322808.png","_links":{"self":[{"href":"https:\/\/atecordoba.org\/index.php?rest_route=\/wp\/v2\/posts\/4005","targetHints":{"allow":["GET"]}}],"collection":[{"href":"https:\/\/atecordoba.org\/index.php?rest_route=\/wp\/v2\/posts"}],"about":[{"href":"https:\/\/atecordoba.org\/index.php?rest_route=\/wp\/v2\/types\/post"}],"author":[{"embeddable":true,"href":"https:\/\/atecordoba.org\/index.php?rest_route=\/wp\/v2\/users\/1"}],"replies":[{"embeddable":true,"href":"https:\/\/atecordoba.org\/index.php?rest_route=%2Fwp%2Fv2%2Fcomments&post=4005"}],"version-history":[{"count":0,"href":"https:\/\/atecordoba.org\/index.php?rest_route=\/wp\/v2\/posts\/4005\/revisions"}],"wp:featuredmedia":[{"embeddable":true,"href":"https:\/\/atecordoba.org\/index.php?rest_route=\/wp\/v2\/media\/19220"}],"wp:attachment":[{"href":"https:\/\/atecordoba.org\/index.php?rest_route=%2Fwp%2Fv2%2Fmedia&parent=4005"}],"wp:term":[{"taxonomy":"category","embeddable":true,"href":"https:\/\/atecordoba.org\/index.php?rest_route=%2Fwp%2Fv2%2Fcategories&post=4005"},{"taxonomy":"post_tag","embeddable":true,"href":"https:\/\/atecordoba.org\/index.php?rest_route=%2Fwp%2Fv2%2Ftags&post=4005"}],"curies":[{"name":"wp","href":"https:\/\/api.w.org\/{rel}","templated":true}]}}