{"id":40044,"date":"2023-11-27T15:08:05","date_gmt":"2023-11-27T18:08:05","guid":{"rendered":"https:\/\/atecordoba.org\/?p=40044"},"modified":"2023-11-27T15:08:37","modified_gmt":"2023-11-27T18:08:37","slug":"el-cordobesismo-apuesta-sus-fichas-al-menemismo-recargado-de-milei","status":"publish","type":"post","link":"https:\/\/atecordoba.org\/?p=40044","title":{"rendered":"\u201cEl \u2018Cordobesismo\u2019 apuesta sus fichas al menemismo recargado de Milei\u201d"},"content":{"rendered":"<div class=\"wp-block-image\">\n<figure class=\"alignright size-full is-resized\"><img loading=\"lazy\" decoding=\"async\" src=\"https:\/\/atecordoba.org\/wp-content\/uploads\/2023\/11\/fedeumbro.jpg\" alt=\"\" class=\"wp-image-40045\" width=\"437\" height=\"494\" srcset=\"https:\/\/atecordoba.org\/wp-content\/uploads\/2023\/11\/fedeumbro.jpg 582w, https:\/\/atecordoba.org\/wp-content\/uploads\/2023\/11\/fedeumbro-265x300.jpg 265w\" sizes=\"auto, (max-width: 437px) 100vw, 437px\" \/><\/figure>\n<\/div>\n\n\n<p>El Secretario General de ATE y la CTA Aut\u00f3noma C\u00f3rdoba, Federico Giuliani, afirm\u00f3 que los trabajadores \u201cestamos atentos y vigilantes -como dec\u00eda Evita- para enfrentar los embates del neoliberalismo y la ultraderecha que gobernar\u00e1 el pa\u00eds a partir del 10 de diciembre con una fuerte impronta del \u2018Cordobesismo\u2019, que fue aliado de Macri primero y ahora hace expl\u00edcito su contubernio con Javier Milei\u201d.<\/p>\n\n\n\n<p>\u201cDespu\u00e9s de colaborar con su rotundo triunfo electoral en C\u00f3rdoba, Schiaretti apuesta sus fichas al Modelo de Menemismo recargado de Milei sumando funcionarios a este nuevo experimento antinacional y antipopular que se remonta a la d\u00e9cada del \u201990, cuando el Gobernador era Secretario de Industria del Ministro de Econom\u00eda, Domingo Cavallo, qui\u00e9n tambi\u00e9n lo impuls\u00f3 como Interventor en Santiago del Estero, despu\u00e9s lo alent\u00f3 a participar en la interna del PJ cordob\u00e9s -donde cay\u00f3 derrotado por De la Sota-, y con el que siempre se mantuvo alineado\u201d.<\/p>\n\n\n\n<p>Para Giuliani, \u201csiendo Cavallo uno de los asesores de cabecera de Milei, no es casual el aporte del \u2018Cordobesismo\u2019 al armado del nuevo Gobierno que, contra el supuesto discurso \u2018anticasta\u2019, est\u00e1 poblado de viejos y nuevos representantes de la \u201ccasta\u201d. Figuras del entorno de Schiaretti van a ocupar lugares claves en el Gabinete, como Osvaldo Giordano, actual Ministro de Finanzas que dirigir\u00e1 ANSES; Franco Mogetta, Secretario de Transporte de la provincia que ocupar\u00e1 el mismo cargo en la Naci\u00f3n y Fabi\u00e1n L\u00f3pez, Secretario de Servicios P\u00fablicos y mano derecha del Gobernador que ser\u00e1 designado en el \u00c1rea de Energ\u00eda. Si a esto le sumamos que su compa\u00f1ero de f\u00f3rmula, Florencio Randazzo, suena como eventual Presidente de la C\u00e1mara de Diputados y que el propio Schiaretti ser\u00eda designado Embajador en Espa\u00f1a, es m\u00e1s que evidente el acuerdo con Milei\u201d.<\/p>\n\n\n\n<p>\u201cEl Gobernador electo, Mart\u00edn Llaryora, ya adelant\u00f3 que contribuir\u00e1 a la \u2018gobernabilidad\u2019 del nuevo Gobierno Nacional que, para aplicar su plan de desguace del Estado, despidos masivos, ajuste salvaje, mayor represi\u00f3n, saqueo y entrega de Soberan\u00eda, va a profundizar la criminalizaci\u00f3n de la protesta\u201d, subray\u00f3.<\/p>\n\n\n\n<p>Y agreg\u00f3: \u201cLa persecuci\u00f3n a los que luchan contra la injusticia social la sufrimos en carne propia desde hace tiempo. Un Fiscal de la ciudad de C\u00f3rdoba -de la que todav\u00eda es Intendente Llaryora- fue el que junto a otros cinco militantes populares nos proces\u00f3 y pidi\u00f3 la elevaci\u00f3n a juicio de una causa armada a medida del poder por participar de una Marcha contra el Hambre el 5 de abril pasado\u201d.<\/p>\n\n\n\n<p>\u201cVienen por las conquistas de los laburantes, y el \u2018Pejotismo\u2019 cordob\u00e9s ser\u00e1 c\u00f3mplice de este ataque de furia del revanchismo patronal contra los sectores populares. Desde una nueva centralidad de la clase nos aprestamos a defender los derechos adquiridos y resistir -con unidad y organizaci\u00f3n- los planes del protofascismo que, de prosperar, nos llevar\u00e1n al agravamiento de la descomposici\u00f3n social y a la desintegraci\u00f3n nacional\u201d, remat\u00f3 Giuliani.<\/p>\n","protected":false},"excerpt":{"rendered":"<p>El Secretario General de ATE y la CTA Aut\u00f3noma C\u00f3rdoba, Federico Giuliani, afirm\u00f3 que los trabajadores \u201cestamos atentos y vigilantes -como dec\u00eda Evita- para enfrentar los embates del neoliberalismo y la ultraderecha que gobernar\u00e1 el pa\u00eds a partir del 10 de diciembre con una fuerte impronta del \u2018Cordobesismo\u2019, que fue aliado de Macri primero y [&hellip;]<\/p>\n","protected":false},"author":7,"featured_media":40046,"comment_status":"open","ping_status":"open","sticky":false,"template":"","format":"standard","meta":{"_exactmetrics_skip_tracking":false,"_exactmetrics_sitenote_active":false,"_exactmetrics_sitenote_note":"","_exactmetrics_sitenote_category":0,"jnews-multi-image_gallery":[],"jnews_single_post":{"subtitle":"\u201cDespu\u00e9s de colaborar con su rotundo triunfo electoral en C\u00f3rdoba, Schiaretti apuesta sus fichas a este nuevo experimento antinacional y antipopular que se remonta a la d\u00e9cada del \u201990\", define el secretario General de ATE C\u00f3rdoba, Federico Giuliani.","format":"standard","video":"","gallery":"","source_name":"","source_url":"","via_name":"","via_url":"","override_template":"0","override":[{"template":"1","single_blog_custom":"","parallax":"1","fullscreen":"1","layout":"no-sidebar-narrow","sidebar":"default-sidebar","second_sidebar":"default-sidebar","sticky_sidebar":"1","share_position":"bottom","share_float_style":"share-monocrhome","show_share_counter":"1","show_view_counter":"1","show_featured":"0","show_post_meta":"1","show_post_author":"0","show_post_author_image":"1","show_post_date":"1","post_date_format":"default","post_date_format_custom":"Y\/m\/d","show_post_category":"1","show_post_reading_time":"0","post_reading_time_wpm":"300","show_zoom_button":"0","zoom_button_out_step":"2","zoom_button_in_step":"3","show_post_tag":"1","show_prev_next_post":"0","show_popup_post":"0","number_popup_post":"1","show_author_box":"0","show_post_related":"1","show_inline_post_related":"0"}],"override_image_size":"0","image_override":[{"single_post_thumbnail_size":"crop-500","single_post_gallery_size":"crop-500"}],"trending_post":"0","trending_post_position":"meta","trending_post_label":"Trending","sponsored_post":"0","sponsored_post_label":"Sponsored by","sponsored_post_name":"","sponsored_post_url":"","sponsored_post_logo_enable":"0","sponsored_post_logo":"","sponsored_post_desc":"","disable_ad":"0"},"jnews_primary_category":{"id":"","hide":""},"jnews_social_meta":{"fb_title":"","fb_description":"","fb_image":"","twitter_title":"","twitter_description":"","twitter_image":""},"jnews_review":[],"enable_review":"0","type":"percentage","name":"","summary":"","brand":"","sku":"","good":[{"good_text":""}],"bad":[{"bad_text":""}],"score_override":"","override_value":"","rating":[{"rating_text":"","rating_number":"10"}],"price":[{"shop":"","price":"","link":"","icon":""}],"jnews_override_counter":{"override_view_counter":"0","view_counter_number":"0","override_share_counter":"0","share_counter_number":"0","override_like_counter":"0","like_counter_number":"0","override_dislike_counter":"0","dislike_counter_number":"0"},"jnews_post_split":{"enable_post_split":"0","post_split":[{"template":"1","tag":"h2","numbering":"asc","mode":"normal","first":"0","enable_toc":"0","toc_type":"normal"}]},"footnotes":""},"categories":[10],"tags":[],"class_list":["post-40044","post","type-post","status-publish","format-standard","has-post-thumbnail","hentry","category-accion-politica"],"jetpack_featured_media_url":"https:\/\/atecordoba.org\/wp-content\/uploads\/2023\/11\/fedeumbroportada-e1701108406616.jpg","_links":{"self":[{"href":"https:\/\/atecordoba.org\/index.php?rest_route=\/wp\/v2\/posts\/40044","targetHints":{"allow":["GET"]}}],"collection":[{"href":"https:\/\/atecordoba.org\/index.php?rest_route=\/wp\/v2\/posts"}],"about":[{"href":"https:\/\/atecordoba.org\/index.php?rest_route=\/wp\/v2\/types\/post"}],"author":[{"embeddable":true,"href":"https:\/\/atecordoba.org\/index.php?rest_route=\/wp\/v2\/users\/7"}],"replies":[{"embeddable":true,"href":"https:\/\/atecordoba.org\/index.php?rest_route=%2Fwp%2Fv2%2Fcomments&post=40044"}],"version-history":[{"count":1,"href":"https:\/\/atecordoba.org\/index.php?rest_route=\/wp\/v2\/posts\/40044\/revisions"}],"predecessor-version":[{"id":40047,"href":"https:\/\/atecordoba.org\/index.php?rest_route=\/wp\/v2\/posts\/40044\/revisions\/40047"}],"wp:featuredmedia":[{"embeddable":true,"href":"https:\/\/atecordoba.org\/index.php?rest_route=\/wp\/v2\/media\/40046"}],"wp:attachment":[{"href":"https:\/\/atecordoba.org\/index.php?rest_route=%2Fwp%2Fv2%2Fmedia&parent=40044"}],"wp:term":[{"taxonomy":"category","embeddable":true,"href":"https:\/\/atecordoba.org\/index.php?rest_route=%2Fwp%2Fv2%2Fcategories&post=40044"},{"taxonomy":"post_tag","embeddable":true,"href":"https:\/\/atecordoba.org\/index.php?rest_route=%2Fwp%2Fv2%2Ftags&post=40044"}],"curies":[{"name":"wp","href":"https:\/\/api.w.org\/{rel}","templated":true}]}}