{"id":40037,"date":"2023-11-27T13:46:53","date_gmt":"2023-11-27T16:46:53","guid":{"rendered":"https:\/\/atecordoba.org\/?p=40037"},"modified":"2023-11-27T13:50:00","modified_gmt":"2023-11-27T16:50:00","slug":"villa-ciudad-parque-desenmascarar-a-los-farsantes","status":"publish","type":"post","link":"https:\/\/atecordoba.org\/?p=40037","title":{"rendered":"Villa Ciudad Parque: Desenmascarar a los farsantes"},"content":{"rendered":"<div class=\"wp-block-image\">\n<figure class=\"aligncenter size-large is-resized\"><img loading=\"lazy\" decoding=\"async\" src=\"https:\/\/atecordoba.org\/wp-content\/uploads\/2023\/11\/marcha0709-29-1024x684.jpg\" alt=\"\" class=\"wp-image-40038\" width=\"768\" height=\"513\" \/><\/figure>\n<\/div>\n\n\n<p>El Consejo Directivo Provincial de ATE C\u00f3rdoba rechaza y repudia las injuriosas manifestaciones vertidas en un comunicado por la \u201cCorriente Nacional Mart\u00edn Fierro\u201d, que apela al agravio y la descalificaci\u00f3n de nuestra organizaci\u00f3n gremial y de su Secretario General, Federico Giuliani, para justificar el incumplimiento y ninguneo en la atenci\u00f3n de la agenda laboral planteada por los trabajadores y trabajadoras de la Comuna de Villa Ciudad Parque a los cuales representa, por parte del Jefe Comunal saliente, Pablo Riveros.<\/p>\n\n\n\n<p>Pronunciamientos de este tenor difamatorio merece nuestra total reprobaci\u00f3n, toda vez que provienen de una de las tantas agrupaciones que rinden culto al \u201cposibilismo\u201d y que, en nombre de la \u201cgobernabilidad progresista\u201d, durante todos estos a\u00f1os instaron a \u201cno hacer olas\u201d, \u201cno tirar de la soga\u201d, \u201cno hacer l\u00edo\u201d para que \u201cno venga la derecha\u201d, so pretexto de paralizar cualquier atisbo de protesta contra la falta de justicia social.<\/p>\n\n\n\n<p>Quienes hoy se sienten ofendidos por la denuncia realizada por ATE contra la Administraci\u00f3n Comunal de Riveros en Villa Ciudad Parque, integran el lote de la \u201cprogres\u00eda\u201d aut\u00f3ctona que con su accionar pusil\u00e1nime frente al poder econ\u00f3mico, terminaron asfaltando el camino para la restauraci\u00f3n olig\u00e1rquica de la mano del neoliberalismo y la ultraderecha.<\/p>\n\n\n\n<p>Si hay que optar, preferimos que nos llamen \u201cgremio peque\u00f1o y aislado del campo popular\u201d o que cataloguen a nuestra conducci\u00f3n de \u201cpoco seria y malintencionada\u201d que ser alcahuetes de los que mandan, aunque se decoren de \u201cprogresistas\u201d y terminen actuando con la misma l\u00f3gica patronal del Estado empleador.<\/p>\n\n\n\n<p>La energ\u00eda utilizada por la Corriente Mart\u00edn Fierro -adscripta al \u201cCordobesismo\u201d, para denostar a ATE y su Secretario General, no la notamos a la hora de expresarse contra el procesamiento y elevaci\u00f3n a juicio de la causa armada por la Justicia adicta al Gobierno de Schiaretti contra Giuliani y otros cinco luchadores populares por participar el 5 de abril pasado de una \u201cMarcha contra el Hambre\u201d.<\/p>\n\n\n\n<p>La Asociaci\u00f3n Trabajadores del Estado junto a la CTA Aut\u00f3noma de la provincia de C\u00f3rdoba seguir\u00e1n aportando a la construcci\u00f3n de organizaci\u00f3n, poder y unidad popular con los que luchan, los que no transan, ni claudican para enfrentar el ajuste, desenmascarando a los farsantes y confrontando con los que quieren atrasar el reloj de la historia y dar una nueva vuelta de tuerca a la planificaci\u00f3n de la miseria de nuestro pueblo.<\/p>\n\n\n<div class=\"wp-block-image\">\n<figure class=\"aligncenter size-full\"><img loading=\"lazy\" decoding=\"async\" width=\"942\" height=\"107\" src=\"https:\/\/atecordoba.org\/wp-content\/uploads\/2023\/11\/firma-pie.png\" alt=\"\" class=\"wp-image-40041\" srcset=\"https:\/\/atecordoba.org\/wp-content\/uploads\/2023\/11\/firma-pie.png 942w, https:\/\/atecordoba.org\/wp-content\/uploads\/2023\/11\/firma-pie-300x34.png 300w, https:\/\/atecordoba.org\/wp-content\/uploads\/2023\/11\/firma-pie-768x87.png 768w, https:\/\/atecordoba.org\/wp-content\/uploads\/2023\/11\/firma-pie-750x85.png 750w\" sizes=\"auto, (max-width: 942px) 100vw, 942px\" \/><\/figure>\n<\/div>\n\n\n<p class=\"has-text-align-center\"><\/p>\n\n\n\n<p><\/p>\n","protected":false},"excerpt":{"rendered":"<p>El Consejo Directivo Provincial de ATE C\u00f3rdoba rechaza y repudia las injuriosas manifestaciones vertidas en un comunicado por la \u201cCorriente Nacional Mart\u00edn Fierro\u201d, que apela al agravio y la descalificaci\u00f3n de nuestra organizaci\u00f3n gremial y de su Secretario General, Federico Giuliani, para justificar el incumplimiento y ninguneo en la atenci\u00f3n de la agenda laboral planteada [&hellip;]<\/p>\n","protected":false},"author":7,"featured_media":40038,"comment_status":"open","ping_status":"open","sticky":false,"template":"","format":"standard","meta":{"_exactmetrics_skip_tracking":false,"_exactmetrics_sitenote_active":false,"_exactmetrics_sitenote_note":"","_exactmetrics_sitenote_category":0,"jnews-multi-image_gallery":[],"jnews_single_post":{"subtitle":"El Consejo Directivo Provincial de ATE C\u00f3rdoba rechaza y repudia las injuriosas manifestaciones vertidas en un comunicado por la \u201cCorriente Nacional Mart\u00edn Fierro\u201d.","format":"standard","video":"","gallery":"","source_name":"","source_url":"","via_name":"","via_url":"","override_template":"0","override":[{"template":"1","single_blog_custom":"","parallax":"1","fullscreen":"1","layout":"no-sidebar-narrow","sidebar":"default-sidebar","second_sidebar":"default-sidebar","sticky_sidebar":"1","share_position":"bottom","share_float_style":"share-monocrhome","show_share_counter":"1","show_view_counter":"1","show_featured":"0","show_post_meta":"1","show_post_author":"0","show_post_author_image":"1","show_post_date":"1","post_date_format":"default","post_date_format_custom":"Y\/m\/d","show_post_category":"1","show_post_reading_time":"0","post_reading_time_wpm":"300","show_zoom_button":"0","zoom_button_out_step":"2","zoom_button_in_step":"3","show_post_tag":"1","show_prev_next_post":"0","show_popup_post":"0","number_popup_post":"1","show_author_box":"0","show_post_related":"1","show_inline_post_related":"0"}],"override_image_size":"0","image_override":[{"single_post_thumbnail_size":"crop-500","single_post_gallery_size":"crop-500"}],"trending_post":"0","trending_post_position":"meta","trending_post_label":"Trending","sponsored_post":"0","sponsored_post_label":"Sponsored by","sponsored_post_name":"","sponsored_post_url":"","sponsored_post_logo_enable":"0","sponsored_post_logo":"","sponsored_post_desc":"","disable_ad":"0"},"jnews_primary_category":{"id":"","hide":""},"jnews_social_meta":{"fb_title":"","fb_description":"","fb_image":"","twitter_title":"","twitter_description":"","twitter_image":""},"jnews_review":[],"enable_review":"0","type":"percentage","name":"","summary":"","brand":"","sku":"","good":[{"good_text":""}],"bad":[{"bad_text":""}],"score_override":"","override_value":"","rating":[{"rating_text":"","rating_number":"10"}],"price":[{"shop":"","price":"","link":"","icon":""}],"jnews_override_counter":{"override_view_counter":"0","view_counter_number":"0","override_share_counter":"0","share_counter_number":"0","override_like_counter":"0","like_counter_number":"0","override_dislike_counter":"0","dislike_counter_number":"0"},"jnews_post_split":{"enable_post_split":"0","post_split":[{"template":"1","tag":"h2","numbering":"asc","mode":"normal","first":"0","enable_toc":"0","toc_type":"normal"}]},"footnotes":""},"categories":[53],"tags":[],"class_list":["post-40037","post","type-post","status-publish","format-standard","has-post-thumbnail","hentry","category-comunicados-de-prensa"],"jetpack_featured_media_url":"https:\/\/atecordoba.org\/wp-content\/uploads\/2023\/11\/marcha0709-29-scaled-e1701103567808.jpg","_links":{"self":[{"href":"https:\/\/atecordoba.org\/index.php?rest_route=\/wp\/v2\/posts\/40037","targetHints":{"allow":["GET"]}}],"collection":[{"href":"https:\/\/atecordoba.org\/index.php?rest_route=\/wp\/v2\/posts"}],"about":[{"href":"https:\/\/atecordoba.org\/index.php?rest_route=\/wp\/v2\/types\/post"}],"author":[{"embeddable":true,"href":"https:\/\/atecordoba.org\/index.php?rest_route=\/wp\/v2\/users\/7"}],"replies":[{"embeddable":true,"href":"https:\/\/atecordoba.org\/index.php?rest_route=%2Fwp%2Fv2%2Fcomments&post=40037"}],"version-history":[{"count":2,"href":"https:\/\/atecordoba.org\/index.php?rest_route=\/wp\/v2\/posts\/40037\/revisions"}],"predecessor-version":[{"id":40042,"href":"https:\/\/atecordoba.org\/index.php?rest_route=\/wp\/v2\/posts\/40037\/revisions\/40042"}],"wp:featuredmedia":[{"embeddable":true,"href":"https:\/\/atecordoba.org\/index.php?rest_route=\/wp\/v2\/media\/40038"}],"wp:attachment":[{"href":"https:\/\/atecordoba.org\/index.php?rest_route=%2Fwp%2Fv2%2Fmedia&parent=40037"}],"wp:term":[{"taxonomy":"category","embeddable":true,"href":"https:\/\/atecordoba.org\/index.php?rest_route=%2Fwp%2Fv2%2Fcategories&post=40037"},{"taxonomy":"post_tag","embeddable":true,"href":"https:\/\/atecordoba.org\/index.php?rest_route=%2Fwp%2Fv2%2Ftags&post=40037"}],"curies":[{"name":"wp","href":"https:\/\/api.w.org\/{rel}","templated":true}]}}