{"id":40006,"date":"2023-11-24T10:10:38","date_gmt":"2023-11-24T13:10:38","guid":{"rendered":"https:\/\/atecordoba.org\/?p=40006"},"modified":"2023-11-24T10:10:39","modified_gmt":"2023-11-24T13:10:39","slug":"denuncian-a-macri-por-incitacion-a-la-violencia","status":"publish","type":"post","link":"https:\/\/atecordoba.org\/?p=40006","title":{"rendered":"Denuncian a Macri por incitaci\u00f3n a la violencia"},"content":{"rendered":"<div class=\"wp-block-image\">\n<figure class=\"aligncenter size-full\"><img loading=\"lazy\" decoding=\"async\" width=\"500\" height=\"280\" src=\"https:\/\/atecordoba.org\/wp-content\/uploads\/2023\/11\/macri.jpg\" alt=\"\" class=\"wp-image-40007\" srcset=\"https:\/\/atecordoba.org\/wp-content\/uploads\/2023\/11\/macri.jpg 500w, https:\/\/atecordoba.org\/wp-content\/uploads\/2023\/11\/macri-300x168.jpg 300w\" sizes=\"auto, (max-width: 500px) 100vw, 500px\" \/><\/figure>\n<\/div>\n\n\n<p>El Secretario General de ATE y la CTA Aut\u00f3noma C\u00f3rdoba, Federico Giuliani, remiti\u00f3 este jueves una Carta Documento al ex Presidente Mauricio Macri para que rectifique o ratifique las expresiones vertidas en un programa televisivo que se difunde por un canal de TV del Grupo Clar\u00edn, en las que -sin ninguna sutileza- convoca a los sectores juveniles que acompa\u00f1aron con devoci\u00f3n el ascenso de Milei a la Presidencia a conformar grupos de choque contra todos los que decidan resistir la barbarie que se avecina. De no haber respuesta, se iniciar\u00e1 una acci\u00f3n penal por el delito de \u201cIntimidaci\u00f3n P\u00fablica\u201d.<\/p>\n\n\n\n<p>\u201cNo podemos admitir calladamente que Macri pretenda utilizar bandas de j\u00f3venes desclasados para reprimir la protesta de los que van a ser expulsados del sistema, imitando repudiables experiencias ultraderechistas como fueron la Liga Patri\u00f3tica o las Tres A\u201d, asegur\u00f3 Giuliani.<\/p>\n\n\n\n<p>Y agreg\u00f3: \u201cEl ex Presidente reivindica con sus dichos la represi\u00f3n ilegal y crea una nueva grieta: Los que vienen a arrasar con los derechos sociales, laborales y ambientales en nombre de la libertad de mercado, por un lado; y, por el otro, los que apostamos a lo colectivo, la justicia social, los valores de la solidaridad y rechazamos vivir bajo los principios de la Ley de la Selva marcados por el individualismo del s\u00e1lvese quien pueda\u201d.<\/p>\n\n\n\n<p>La Liga Patri\u00f3tica oper\u00f3 entre 1910 -actu\u00f3 como grupo paramilitar de autodefensa de la clase olig\u00e1rquica con absoluta impunidad durante la Semana Tr\u00e1gica en la huelga de los Talleres Vassena- hasta la D\u00e9cada Infame en los a\u00f1os \u201930.<\/p>\n\n\n\n<p>La Alianza Anticomunista Argentina -Triple A- fue una fuerza fascista que funcion\u00f3 desde fines de 1973 a 1976, iniciando sus tareas a trav\u00e9s de la publicaci\u00f3n de listas negras de referentes populares y siguiendo su accionar con la ejecuci\u00f3n por secuestro y asesinato de dirigentes y militantes de distintos \u00e1mbitos sociales. Financiada y armada por Jos\u00e9 L\u00f3pez Rega, y comandada operacionalmente por los comisarios de la Polic\u00eda Federal Alberto Villar y Luis Margaride, fue la organizaci\u00f3n parapolicial que instrument\u00f3 el creciente discurso de exterminio de sus opositores que desembocar\u00eda en el terrorismo de Estado con la dictadura genocida en 1976.<\/p>\n\n\n\n<p><strong>La Carta Documento<\/strong><\/p>\n\n\n<div class=\"wp-block-image\">\n<figure class=\"alignleft size-full is-resized\"><img loading=\"lazy\" decoding=\"async\" src=\"https:\/\/atecordoba.org\/wp-content\/uploads\/2023\/11\/cartadocmacri.jpg\" alt=\"\" class=\"wp-image-40008\" width=\"380\" height=\"286\" \/><\/figure>\n<\/div>\n\n\n<p>\u201cEn nombre y representaci\u00f3n de la Asociaci\u00f3n Trabajadores del Estado (ATE) -Consejo Directivo Provincial C\u00f3rdoba-, entidad sindical de primer grado, Personer\u00eda Gremial N\u00ba 2, nos dirigimos a Ud. a los fines que rectifique o ratifique en dicho caso aclare y otorgue precisiones de sus dichos vertidos en el programa \u201cDesde el Llano\u201d emitido el d\u00eda lunes 20 de noviembre de 2023, conducido por el periodista Joaqu\u00edn Morales Sol\u00e1, en el que Ud. manifest\u00f3 lo siguiente: \u2018Los j\u00f3venes no se van a quedar en casa si estos se\u00f1ores empiezan a tirar toneladas de piedras, los j\u00f3venes van a ir a defender su oportunidad, ellos van a tener que medir muy bien, los orcos, cuando quiera salir a la calle a hacerles mal\u2019 (minuto 26).<\/p>\n\n\n\n<p>\u201cAtento que sus manifestaciones podr\u00edan configurar el delito de intimidaci\u00f3n p\u00fablica tipificado en el art. 212 del C\u00f3digo Penal, en el que Ud. incita a la violencia colectiva contra un grupo de personas o instituciones que califica como \u2018ellos\u2019, \u2018los orcos\u2019 y la acci\u00f3n catalogada como \u2018hacerles mal\u2019.<\/p>\n\n\n\n<p>\u201cEn tal sentido, se lo intima a que se abstenga de promover e incitar conductas violentas, persecutorias y de represi\u00f3n de la protesta social, haci\u00e9ndole saber que su silencio se entender\u00e1 como ratificaci\u00f3n de lo Ud. manifestado, haciendo reserva de interponer la denuncia penal correspondiente para la investigaci\u00f3n y la sanci\u00f3n de la conducta il\u00edcita que desde su representaci\u00f3n pol\u00edtica Ud. ocasiona.<\/p>\n\n\n\n<p>\u201cQueda Ud. debidamente notificado\u201d, concluye la Carta Documento de fecha 23 de noviembre de 2023, firmada por Federico Giuliani, Secretario General de ATE C\u00f3rdoba.<\/p>\n","protected":false},"excerpt":{"rendered":"<p>El Secretario General de ATE y la CTA Aut\u00f3noma C\u00f3rdoba, Federico Giuliani, remiti\u00f3 este jueves una Carta Documento al ex Presidente Mauricio Macri para que rectifique o ratifique las expresiones vertidas en un programa televisivo que se difunde por un canal de TV del Grupo Clar\u00edn, en las que -sin ninguna sutileza- convoca a los [&hellip;]<\/p>\n","protected":false},"author":7,"featured_media":40007,"comment_status":"open","ping_status":"open","sticky":false,"template":"","format":"standard","meta":{"_exactmetrics_skip_tracking":false,"_exactmetrics_sitenote_active":false,"_exactmetrics_sitenote_note":"","_exactmetrics_sitenote_category":0,"jnews-multi-image_gallery":[],"jnews_single_post":{"subtitle":"\u201cNo podemos admitir calladamente que Macri pretenda utilizar bandas de j\u00f3venes desclasados para reprimir la protesta de los que van a ser expulsados del sistema, imitando repudiables experiencias ultraderechistas como fueron la Liga Patri\u00f3tica o las Tres A\u201d, asegur\u00f3 el secretario General de ATE C\u00f3rdoba y la CTAA C\u00f3rdoba, Federico Giuliani.","format":"standard","video":"","gallery":"","source_name":"","source_url":"","via_name":"","via_url":"","override_template":"0","override":[{"template":"1","single_blog_custom":"","parallax":"1","fullscreen":"1","layout":"no-sidebar-narrow","sidebar":"default-sidebar","second_sidebar":"default-sidebar","sticky_sidebar":"1","share_position":"bottom","share_float_style":"share-monocrhome","show_share_counter":"1","show_view_counter":"1","show_featured":"0","show_post_meta":"1","show_post_author":"0","show_post_author_image":"1","show_post_date":"1","post_date_format":"default","post_date_format_custom":"Y\/m\/d","show_post_category":"1","show_post_reading_time":"0","post_reading_time_wpm":"300","show_zoom_button":"0","zoom_button_out_step":"2","zoom_button_in_step":"3","show_post_tag":"1","show_prev_next_post":"0","show_popup_post":"0","number_popup_post":"1","show_author_box":"0","show_post_related":"1","show_inline_post_related":"0"}],"override_image_size":"0","image_override":[{"single_post_thumbnail_size":"crop-500","single_post_gallery_size":"crop-500"}],"trending_post":"0","trending_post_position":"meta","trending_post_label":"Trending","sponsored_post":"0","sponsored_post_label":"Sponsored by","sponsored_post_name":"","sponsored_post_url":"","sponsored_post_logo_enable":"0","sponsored_post_logo":"","sponsored_post_desc":"","disable_ad":"0"},"jnews_primary_category":{"id":"","hide":""},"jnews_social_meta":{"fb_title":"","fb_description":"","fb_image":"","twitter_title":"","twitter_description":"","twitter_image":""},"jnews_review":[],"enable_review":"0","type":"percentage","name":"","summary":"","brand":"","sku":"","good":[{"good_text":""}],"bad":[{"bad_text":""}],"score_override":"","override_value":"","rating":[{"rating_text":"","rating_number":"10"}],"price":[{"shop":"","price":"","link":"","icon":""}],"jnews_override_counter":{"override_view_counter":"0","view_counter_number":"0","override_share_counter":"0","share_counter_number":"0","override_like_counter":"0","like_counter_number":"0","override_dislike_counter":"0","dislike_counter_number":"0"},"jnews_post_split":{"enable_post_split":"0","post_split":[{"template":"1","tag":"h2","numbering":"asc","mode":"normal","first":"0","enable_toc":"0","toc_type":"normal"}]},"footnotes":""},"categories":[10],"tags":[],"class_list":["post-40006","post","type-post","status-publish","format-standard","has-post-thumbnail","hentry","category-accion-politica"],"jetpack_featured_media_url":"https:\/\/atecordoba.org\/wp-content\/uploads\/2023\/11\/macri.jpg","_links":{"self":[{"href":"https:\/\/atecordoba.org\/index.php?rest_route=\/wp\/v2\/posts\/40006","targetHints":{"allow":["GET"]}}],"collection":[{"href":"https:\/\/atecordoba.org\/index.php?rest_route=\/wp\/v2\/posts"}],"about":[{"href":"https:\/\/atecordoba.org\/index.php?rest_route=\/wp\/v2\/types\/post"}],"author":[{"embeddable":true,"href":"https:\/\/atecordoba.org\/index.php?rest_route=\/wp\/v2\/users\/7"}],"replies":[{"embeddable":true,"href":"https:\/\/atecordoba.org\/index.php?rest_route=%2Fwp%2Fv2%2Fcomments&post=40006"}],"version-history":[{"count":1,"href":"https:\/\/atecordoba.org\/index.php?rest_route=\/wp\/v2\/posts\/40006\/revisions"}],"predecessor-version":[{"id":40009,"href":"https:\/\/atecordoba.org\/index.php?rest_route=\/wp\/v2\/posts\/40006\/revisions\/40009"}],"wp:featuredmedia":[{"embeddable":true,"href":"https:\/\/atecordoba.org\/index.php?rest_route=\/wp\/v2\/media\/40007"}],"wp:attachment":[{"href":"https:\/\/atecordoba.org\/index.php?rest_route=%2Fwp%2Fv2%2Fmedia&parent=40006"}],"wp:term":[{"taxonomy":"category","embeddable":true,"href":"https:\/\/atecordoba.org\/index.php?rest_route=%2Fwp%2Fv2%2Fcategories&post=40006"},{"taxonomy":"post_tag","embeddable":true,"href":"https:\/\/atecordoba.org\/index.php?rest_route=%2Fwp%2Fv2%2Ftags&post=40006"}],"curies":[{"name":"wp","href":"https:\/\/api.w.org\/{rel}","templated":true}]}}