{"id":4000,"date":"2014-04-07T13:29:12","date_gmt":"2014-04-07T16:29:12","guid":{"rendered":"http:\/\/www.atecordoba.org\/?p=4000"},"modified":"2020-06-09T15:43:04","modified_gmt":"2020-06-09T18:43:04","slug":"presentacion-oficial-del-departamento-de-genero-de-ate-cordoba","status":"publish","type":"post","link":"https:\/\/atecordoba.org\/?p=4000","title":{"rendered":"Presentaci\u00f3n oficial del Departamento de G\u00e9nero de ATE C\u00f3rdoba"},"content":{"rendered":"<p><em>Compa\u00f1eros, est\u00e1n todos invitados a la presentaci\u00f3n del Departamento de G\u00e9nero del Consejo Directivo Provincial, que se llevar\u00e1 a cabo el pr\u00f3ximo mi\u00e9rcoles\u00a09 de abril\u00a0a las 16 horas, en nuestra sede de Paran\u00e1 140, C\u00f3rdoba Capital.\u00a0<\/em><\/p>\n<p><a href=\"http:\/\/atecordoba.org\/wp-content\/uploads\/2020\/06\/afiche-final-presentacion.png\"><img loading=\"lazy\" decoding=\"async\" class=\"aligncenter size-full wp-image-4010\" alt=\"afiche final presentacion\" src=\"http:\/\/atecordoba.org\/wp-content\/uploads\/2020\/06\/afiche-final-presentacion.png\" width=\"483\" height=\"654\" \/><\/a><\/p>\n<div>El acto se inscribe en la pol\u00edtica de nuestro gremio en todo el pa\u00eds de atender a la problem\u00e1tica de g\u00e9nero en todo el territorio nacional. En ese marco, un grupo de compa\u00f1eras vienen trabajando desde el a\u00f1o pasado en articular una herramienta espec\u00edfica a tal efecto.<\/div>\n<div>Esta semana veremos cristilizada esta iniciativa y para la oportunidad contaremos con la presencia de la cra. Marta Galante, coordinadora del Departamento de G\u00e9nero que depende del Consejo Directivo Nacional.<\/div>\n<div>Esperamos la presencia de todos los compa\u00f1eros para impulsar este nuevo instrumento de nuestro gremio.<\/div>\n<p style=\"text-align: center;\">\n","protected":false},"excerpt":{"rendered":"<p>Compa\u00f1eros, est\u00e1n todos invitados a la presentaci\u00f3n del Departamento de G\u00e9nero del Consejo Directivo Provincial, que se llevar\u00e1 a cabo el pr\u00f3ximo mi\u00e9rcoles\u00a09 de abril\u00a0a las 16 horas, en nuestra sede de Paran\u00e1 140, C\u00f3rdoba Capital.\u00a0 El acto se inscribe en la pol\u00edtica de nuestro gremio en todo el pa\u00eds de atender a la problem\u00e1tica [&hellip;]<\/p>\n","protected":false},"author":1,"featured_media":19220,"comment_status":"open","ping_status":"open","sticky":false,"template":"","format":"standard","meta":{"_exactmetrics_skip_tracking":false,"_exactmetrics_sitenote_active":false,"_exactmetrics_sitenote_note":"","_exactmetrics_sitenote_category":0,"jnews-multi-image_gallery":[],"jnews_single_post":[],"jnews_primary_category":[],"jnews_social_meta":[],"jnews_review":[],"enable_review":"","type":"","name":"","summary":"","brand":"","sku":"","good":[],"bad":[],"score_override":"","override_value":"","rating":[],"price":[],"jnews_override_counter":[],"jnews_post_split":[],"footnotes":""},"categories":[325],"tags":[],"class_list":["post-4000","post","type-post","status-publish","format-standard","has-post-thumbnail","hentry","category-generos-y-diversidades"],"jetpack_featured_media_url":"https:\/\/atecordoba.org\/wp-content\/uploads\/2020\/05\/logo-nuevochico-e1561581322808.png","_links":{"self":[{"href":"https:\/\/atecordoba.org\/index.php?rest_route=\/wp\/v2\/posts\/4000","targetHints":{"allow":["GET"]}}],"collection":[{"href":"https:\/\/atecordoba.org\/index.php?rest_route=\/wp\/v2\/posts"}],"about":[{"href":"https:\/\/atecordoba.org\/index.php?rest_route=\/wp\/v2\/types\/post"}],"author":[{"embeddable":true,"href":"https:\/\/atecordoba.org\/index.php?rest_route=\/wp\/v2\/users\/1"}],"replies":[{"embeddable":true,"href":"https:\/\/atecordoba.org\/index.php?rest_route=%2Fwp%2Fv2%2Fcomments&post=4000"}],"version-history":[{"count":1,"href":"https:\/\/atecordoba.org\/index.php?rest_route=\/wp\/v2\/posts\/4000\/revisions"}],"predecessor-version":[{"id":20053,"href":"https:\/\/atecordoba.org\/index.php?rest_route=\/wp\/v2\/posts\/4000\/revisions\/20053"}],"wp:featuredmedia":[{"embeddable":true,"href":"https:\/\/atecordoba.org\/index.php?rest_route=\/wp\/v2\/media\/19220"}],"wp:attachment":[{"href":"https:\/\/atecordoba.org\/index.php?rest_route=%2Fwp%2Fv2%2Fmedia&parent=4000"}],"wp:term":[{"taxonomy":"category","embeddable":true,"href":"https:\/\/atecordoba.org\/index.php?rest_route=%2Fwp%2Fv2%2Fcategories&post=4000"},{"taxonomy":"post_tag","embeddable":true,"href":"https:\/\/atecordoba.org\/index.php?rest_route=%2Fwp%2Fv2%2Ftags&post=4000"}],"curies":[{"name":"wp","href":"https:\/\/api.w.org\/{rel}","templated":true}]}}