{"id":39965,"date":"2023-11-21T21:52:23","date_gmt":"2023-11-22T00:52:23","guid":{"rendered":"https:\/\/atecordoba.org\/?p=39965"},"modified":"2023-11-21T22:01:09","modified_gmt":"2023-11-22T01:01:09","slug":"el-consejo-directivo-provincial-de-ate-cordoba-rechaza-los-anuncios-del-electo-presidente-javier-milei-de-achicamiento-del-estado","status":"publish","type":"post","link":"https:\/\/atecordoba.org\/?p=39965","title":{"rendered":"El Consejo Directivo Provincial de ATE C\u00f3rdoba rechaza los anuncios del electo Presidente Javier Milei, de achicamiento del Estado"},"content":{"rendered":"\n<p>Ante el triunfo el pasado 19 de noviembre por el voto del 55% del padr\u00f3n electoral, de Javier Milei, el CDP ATE C\u00f3rdoba se reuni\u00f3 de manera virtual para delinear estrategias y planificaci\u00f3n ante la propuesta de achicamiento del Estado del l\u00edder de La Libertad Avanza. El Secretario General Federico Giuliani, comenz\u00f3 la reuni\u00f3n extraordinaria destacando la convocatoria a la unidad al conjunto de las seccionales de ATE en toda la provincia: <strong>&#8220;es el Gobierno quien tiene que hacerse cargo de la derrota, nosotros como sindicato defenderemos el rol del Estado como garante de derechos del conjunto de la sociedad&#8221;<\/strong>.<br>Atento a esto se anunci\u00f3 la necesidad de articular las estrategias con otras organizaciones ya que este es un momento peligroso y bisagra en nuestra historia, en donde debemos estar alertas y cuidarnos atento a las intenciones de represi\u00f3n y de complicidad del Poder Judicial que existir\u00e1 para que las y los trabajadores no nos expresemos en las calles.<br>Finalmente <strong>se convoca a plenario provincial de organismos nacionales para este mi\u00e9rcoles 22 de noviembre a las 10 horas en la sede de ATE C\u00f3rdoba<\/strong>, donde participar\u00e1n las y los Secretarios Generales de las seis seccionales de ATE de la provincia.<\/p>\n\n\n<figure class=\"wp-block-post-featured-image\"><img loading=\"lazy\" decoding=\"async\" width=\"1600\" height=\"900\" src=\"https:\/\/atecordoba.org\/wp-content\/uploads\/2023\/11\/WhatsApp-Image-2023-11-21-at-9.50.30-PM.jpeg\" class=\"attachment-post-thumbnail size-post-thumbnail wp-post-image\" alt=\"\" style=\"object-fit:cover;\" srcset=\"https:\/\/atecordoba.org\/wp-content\/uploads\/2023\/11\/WhatsApp-Image-2023-11-21-at-9.50.30-PM.jpeg 1600w, https:\/\/atecordoba.org\/wp-content\/uploads\/2023\/11\/WhatsApp-Image-2023-11-21-at-9.50.30-PM-300x169.jpeg 300w, https:\/\/atecordoba.org\/wp-content\/uploads\/2023\/11\/WhatsApp-Image-2023-11-21-at-9.50.30-PM-1024x576.jpeg 1024w, https:\/\/atecordoba.org\/wp-content\/uploads\/2023\/11\/WhatsApp-Image-2023-11-21-at-9.50.30-PM-768x432.jpeg 768w, https:\/\/atecordoba.org\/wp-content\/uploads\/2023\/11\/WhatsApp-Image-2023-11-21-at-9.50.30-PM-1536x864.jpeg 1536w, https:\/\/atecordoba.org\/wp-content\/uploads\/2023\/11\/WhatsApp-Image-2023-11-21-at-9.50.30-PM-750x422.jpeg 750w, https:\/\/atecordoba.org\/wp-content\/uploads\/2023\/11\/WhatsApp-Image-2023-11-21-at-9.50.30-PM-1140x641.jpeg 1140w\" sizes=\"auto, (max-width: 1600px) 100vw, 1600px\" \/><\/figure>","protected":false},"excerpt":{"rendered":"<p>Ante el triunfo el pasado 19 de noviembre por el voto del 55% del padr\u00f3n electoral, de Javier Milei, el CDP ATE C\u00f3rdoba se reuni\u00f3 de manera virtual para delinear estrategias y planificaci\u00f3n ante la propuesta de achicamiento del Estado del l\u00edder de La Libertad Avanza. El Secretario General Federico Giuliani, comenz\u00f3 la reuni\u00f3n extraordinaria [&hellip;]<\/p>\n","protected":false},"author":3,"featured_media":39967,"comment_status":"open","ping_status":"open","sticky":false,"template":"","format":"standard","meta":{"_exactmetrics_skip_tracking":false,"_exactmetrics_sitenote_active":false,"_exactmetrics_sitenote_note":"","_exactmetrics_sitenote_category":0,"jnews-multi-image_gallery":[],"jnews_single_post":{"subtitle":"","format":"standard","video":"","gallery":"","source_name":"","source_url":"","via_name":"","via_url":"","override_template":"0","override":[{"template":"1","single_blog_custom":"","parallax":"1","fullscreen":"1","layout":"no-sidebar-narrow","sidebar":"default-sidebar","second_sidebar":"default-sidebar","sticky_sidebar":"1","share_position":"bottom","share_float_style":"share-monocrhome","show_share_counter":"1","show_view_counter":"1","show_featured":"0","show_post_meta":"1","show_post_author":"0","show_post_author_image":"1","show_post_date":"1","post_date_format":"default","post_date_format_custom":"Y\/m\/d","show_post_category":"1","show_post_reading_time":"0","post_reading_time_wpm":"300","show_zoom_button":"0","zoom_button_out_step":"2","zoom_button_in_step":"3","show_post_tag":"1","show_prev_next_post":"0","show_popup_post":"0","number_popup_post":"1","show_author_box":"0","show_post_related":"1","show_inline_post_related":"0"}],"override_image_size":"0","image_override":[{"single_post_thumbnail_size":"crop-500","single_post_gallery_size":"crop-500"}],"trending_post":"0","trending_post_position":"meta","trending_post_label":"Trending","sponsored_post":"0","sponsored_post_label":"Sponsored by","sponsored_post_name":"","sponsored_post_url":"","sponsored_post_logo_enable":"0","sponsored_post_logo":"","sponsored_post_desc":"","disable_ad":"0"},"jnews_primary_category":{"id":"","hide":""},"jnews_social_meta":{"fb_title":"","fb_description":"","fb_image":"39967","twitter_title":"","twitter_description":"","twitter_image":""},"jnews_review":[],"enable_review":"0","type":"percentage","name":"","summary":"","brand":"","sku":"","good":[{"good_text":""}],"bad":[{"bad_text":""}],"score_override":"","override_value":"","rating":[{"rating_text":"","rating_number":"10"}],"price":[{"shop":"","price":"","link":"","icon":""}],"jnews_override_counter":{"override_view_counter":"0","view_counter_number":"0","override_share_counter":"0","share_counter_number":"0","override_like_counter":"0","like_counter_number":"0","override_dislike_counter":"0","dislike_counter_number":"0"},"jnews_post_split":{"enable_post_split":"0","post_split":[{"template":"1","tag":"h2","numbering":"asc","mode":"normal","first":"0","enable_toc":"0","toc_type":"normal"}]},"footnotes":""},"categories":[53,1],"tags":[31],"class_list":["post-39965","post","type-post","status-publish","format-standard","has-post-thumbnail","hentry","category-comunicados-de-prensa","category-sin-categoria","tag-provinciales-2"],"jetpack_featured_media_url":"https:\/\/atecordoba.org\/wp-content\/uploads\/2023\/11\/WhatsApp-Image-2023-11-21-at-9.50.30-PM.jpeg","_links":{"self":[{"href":"https:\/\/atecordoba.org\/index.php?rest_route=\/wp\/v2\/posts\/39965","targetHints":{"allow":["GET"]}}],"collection":[{"href":"https:\/\/atecordoba.org\/index.php?rest_route=\/wp\/v2\/posts"}],"about":[{"href":"https:\/\/atecordoba.org\/index.php?rest_route=\/wp\/v2\/types\/post"}],"author":[{"embeddable":true,"href":"https:\/\/atecordoba.org\/index.php?rest_route=\/wp\/v2\/users\/3"}],"replies":[{"embeddable":true,"href":"https:\/\/atecordoba.org\/index.php?rest_route=%2Fwp%2Fv2%2Fcomments&post=39965"}],"version-history":[{"count":3,"href":"https:\/\/atecordoba.org\/index.php?rest_route=\/wp\/v2\/posts\/39965\/revisions"}],"predecessor-version":[{"id":39971,"href":"https:\/\/atecordoba.org\/index.php?rest_route=\/wp\/v2\/posts\/39965\/revisions\/39971"}],"wp:featuredmedia":[{"embeddable":true,"href":"https:\/\/atecordoba.org\/index.php?rest_route=\/wp\/v2\/media\/39967"}],"wp:attachment":[{"href":"https:\/\/atecordoba.org\/index.php?rest_route=%2Fwp%2Fv2%2Fmedia&parent=39965"}],"wp:term":[{"taxonomy":"category","embeddable":true,"href":"https:\/\/atecordoba.org\/index.php?rest_route=%2Fwp%2Fv2%2Fcategories&post=39965"},{"taxonomy":"post_tag","embeddable":true,"href":"https:\/\/atecordoba.org\/index.php?rest_route=%2Fwp%2Fv2%2Ftags&post=39965"}],"curies":[{"name":"wp","href":"https:\/\/api.w.org\/{rel}","templated":true}]}}