{"id":39916,"date":"2023-11-21T11:26:01","date_gmt":"2023-11-21T14:26:01","guid":{"rendered":"https:\/\/atecordoba.org\/?p=39916"},"modified":"2023-11-21T11:26:38","modified_gmt":"2023-11-21T14:26:38","slug":"villa-maria-solidaridad-entre-laburantes","status":"publish","type":"post","link":"https:\/\/atecordoba.org\/?p=39916","title":{"rendered":"Villa Mar\u00eda: Solidaridad entre laburantes"},"content":{"rendered":"<div class=\"wp-block-image\">\n<figure class=\"aligncenter size-full\"><img decoding=\"async\" src=\"https:\/\/atecordoba.org\/wp-content\/uploads\/2023\/11\/402058974_249552764776199_7088182001964575007_n.jpg\" alt=\"\" class=\"wp-image-39917\" \/><\/figure>\n<\/div>\n\n\n<p>Los barrenderos tercerizados de la Municipalidad que prestan servicio para la empresa contratista COTRECO, \u201cson compa\u00f1eros que conocimos en la lucha, en conjunto con la CTA Aut\u00f3noma Regional Villa Mar\u00eda, en defensa de su estabilidad laboral\u201d, sostiene un comunicado de prensa de la flamante Junta Interna de la F\u00e1brica Militar de esa ciudad.<\/p>\n\n\n\n<p>\u201cLuego de ser despedidos sin causa, hoy en d\u00eda, gracias a la pelea colectiva, les devolvieron su trabajo. Y hoy nos&nbsp; encontramos trabajando juntos a la par para quienes lo necesitan en estos tiempos dif\u00edciles. Gracias compa\u00f1eros por esta solidaridad\u201d, dice la nota de la Junta Interna de ATE en la F\u00e1brica Militar de P\u00f3lvoras y Explosivos de Villa Mar\u00eda, cuyo Secretario General es el compa\u00f1ero Jonatan Cruze\u00f1o.<\/p>\n\n\n<div class=\"wp-block-image\">\n<figure class=\"alignleft size-full\"><img loading=\"lazy\" decoding=\"async\" width=\"300\" height=\"300\" src=\"https:\/\/atecordoba.org\/wp-content\/uploads\/2023\/11\/404384683_865622628543077_8931029277180152341_n-300x300-1.jpg\" alt=\"\" class=\"wp-image-39918\" srcset=\"https:\/\/atecordoba.org\/wp-content\/uploads\/2023\/11\/404384683_865622628543077_8931029277180152341_n-300x300-1.jpg 300w, https:\/\/atecordoba.org\/wp-content\/uploads\/2023\/11\/404384683_865622628543077_8931029277180152341_n-300x300-1-150x150.jpg 150w, https:\/\/atecordoba.org\/wp-content\/uploads\/2023\/11\/404384683_865622628543077_8931029277180152341_n-300x300-1-75x75.jpg 75w\" sizes=\"auto, (max-width: 300px) 100vw, 300px\" \/><\/figure>\n<\/div>\n\n\n<p>Y agrega: \u201cAnte el contexto nacional, provincial y local, del cual la ciudad de Villa Mar\u00eda no es ajeno, nos encontramos en unidad con los barrenderos municipales llevando adelante ollas populares en distintos barrios. La unidad de la clase como bandera, frente a una situaci\u00f3n que preocupa y nos mantiene en alerta, es la bandera que tenemos que levantar\u201d.<\/p>\n\n\n\n<p><strong>Estando donde hay que estar<\/strong><\/p>\n\n\n\n<p>Lucas Gorosito, integrante de la Lista Verde y Violeta de ATE C\u00f3rdoba y Secretario Gremial de la Junta Interna del sindicato en la F\u00e1brica Militar de Villa Mar\u00eda, escribi\u00f3 en las redes sociales: \u201cPertenecer a este espacio en ATE, es una elecci\u00f3n de vida.<\/p>\n\n\n\n<p>\u201cLa militancia es la que nos posibilita motorizar la pol\u00edtica para transformar la realidad. Y esa militancia debe ser integral. En el barrio, en el club del barrio, en el laburo y en el sindicato.<\/p>\n\n\n\n<p>\u201cSe vienen tiempos oscuros, estar organizados, unidos y con coherencia es lo que vamos a necesitar para resistir. Estando donde hay que estar, en el barrio con los pibes organizando la olla popular. Porque ac\u00e1 no se rinde nadie\u201d.<\/p>\n\n\n\n<p><strong>Merendero barrio La Calera<\/strong><\/p>\n\n\n\n<ul class=\"wp-block-list\">\n<li>El grupo de trabajadores del barrido y limpieza organizaron un Comedor en Barrio La Calera.<\/li>\n\n\n\n<li>La primera noche hicieron 130 porciones de comida.<\/li>\n\n\n\n<li>Piden colaboraciones para poder mantener y ampliar el espacio solidario.<\/li>\n<\/ul>\n\n\n<div class=\"wp-block-image\">\n<figure class=\"alignright size-full\"><img loading=\"lazy\" decoding=\"async\" width=\"300\" height=\"225\" src=\"https:\/\/atecordoba.org\/wp-content\/uploads\/2023\/11\/404333401_253380041060138_3828384720413391330_n-300x225-1.jpg\" alt=\"\" class=\"wp-image-39919\" \/><\/figure>\n<\/div>\n\n\n<p>La solidaridad bien entendida surge de saber lo que pasa, de ponerse en el lugar del otro, pero tambi\u00e9n de saber de d\u00f3nde viene cada uno y de poder darle a otros lo que quiz\u00e1s a uno le falt\u00f3 en alg\u00fan momento. No s\u00f3lo se trata de asistir, sino de contener y de estar en donde hay una carencia.<\/p>\n\n\n\n<p>Todo esto se resume en un plato de comida caliente en una noche fr\u00eda, como la que recibieron 130 personas en el Merendero \u201cSo\u00f1emos Juntos\u201d, de barrio La Calera, donde trabajadores que se dedican al barrido y limpieza armaron una olla comunitaria, y&nbsp;entregaron 130 raciones de comida a la gente del sector.<\/p>\n\n\n\n<p>\u201cNosotros ya ven\u00edamos hablando de esto con mis compa\u00f1eros y pudimos lograr llevarlo adelante, con aportes nuestros y de los chicos de la Cooperativa de barrido\u201d, relat\u00f3&nbsp;Facundo, uno de los trabajadores solidarios, que se\u00f1al\u00f3 que el objetivo es poder sumar m\u00e1s aportes econ\u00f3micos para poder sostener la iniciativa con el tiempo.<\/p>\n\n\n\n<p>\u201cLo hacemos p\u00fablico para ver si conseguimos gente que pueda acercar su aporte al grupo y poder hacer que esta actividad se extienda en el tiempo\u201d, explic\u00f3.<\/p>\n\n\n\n<p>Los interesados en colaborar con el grupo, pueden hacerlo a trav\u00e9s de los tel\u00e9fonos 3534063398 o bien al 3535690106.<\/p>\n\n\n\n<p>El merendero \u201cSo\u00f1emos Juntos\u201d, se encuentra en Castelli 1313, en el coraz\u00f3n de La Calera, y todos los que puedan colaborar con el mantenimiento del comedor, ser\u00e1n bienvenidos.<\/p>\n","protected":false},"excerpt":{"rendered":"<p>Los barrenderos tercerizados de la Municipalidad que prestan servicio para la empresa contratista COTRECO, \u201cson compa\u00f1eros que conocimos en la lucha, en conjunto con la CTA Aut\u00f3noma Regional Villa Mar\u00eda, en defensa de su estabilidad laboral\u201d, sostiene un comunicado de prensa de la flamante Junta Interna de la F\u00e1brica Militar de esa ciudad. \u201cLuego de [&hellip;]<\/p>\n","protected":false},"author":7,"featured_media":39917,"comment_status":"open","ping_status":"open","sticky":false,"template":"","format":"standard","meta":{"_exactmetrics_skip_tracking":false,"_exactmetrics_sitenote_active":false,"_exactmetrics_sitenote_note":"","_exactmetrics_sitenote_category":0,"jnews-multi-image_gallery":[],"jnews_single_post":{"subtitle":"La Junta Interna de la F\u00e1brica Militar de P\u00f3lvora y Explosivos realiz\u00f3 un trabajo mancomunado y solidario con trabajadores barrenderos de Villa Mar\u00eda. ","format":"standard","video":"","gallery":"","source_name":"","source_url":"","via_name":"","via_url":"","override_template":"0","override":[{"template":"1","single_blog_custom":"","parallax":"1","fullscreen":"1","layout":"no-sidebar-narrow","sidebar":"default-sidebar","second_sidebar":"default-sidebar","sticky_sidebar":"1","share_position":"bottom","share_float_style":"share-monocrhome","show_share_counter":"1","show_view_counter":"1","show_featured":"0","show_post_meta":"1","show_post_author":"0","show_post_author_image":"1","show_post_date":"1","post_date_format":"default","post_date_format_custom":"Y\/m\/d","show_post_category":"1","show_post_reading_time":"0","post_reading_time_wpm":"300","show_zoom_button":"0","zoom_button_out_step":"2","zoom_button_in_step":"3","show_post_tag":"1","show_prev_next_post":"0","show_popup_post":"0","number_popup_post":"1","show_author_box":"0","show_post_related":"1","show_inline_post_related":"0"}],"override_image_size":"0","image_override":[{"single_post_thumbnail_size":"crop-500","single_post_gallery_size":"crop-500"}],"trending_post":"0","trending_post_position":"meta","trending_post_label":"Trending","sponsored_post":"0","sponsored_post_label":"Sponsored by","sponsored_post_name":"","sponsored_post_url":"","sponsored_post_logo_enable":"0","sponsored_post_logo":"","sponsored_post_desc":"","disable_ad":"0"},"jnews_primary_category":{"id":"","hide":""},"jnews_social_meta":{"fb_title":"","fb_description":"","fb_image":"","twitter_title":"","twitter_description":"","twitter_image":""},"jnews_review":[],"enable_review":"0","type":"percentage","name":"","summary":"","brand":"","sku":"","good":[{"good_text":""}],"bad":[{"bad_text":""}],"score_override":"","override_value":"","rating":[{"rating_text":"","rating_number":"10"}],"price":[{"shop":"","price":"","link":"","icon":""}],"jnews_override_counter":{"override_view_counter":"0","view_counter_number":"0","override_share_counter":"0","share_counter_number":"0","override_like_counter":"0","like_counter_number":"0","override_dislike_counter":"0","dislike_counter_number":"0"},"jnews_post_split":{"enable_post_split":"0","post_split":[{"template":"1","tag":"h2","numbering":"asc","mode":"normal","first":"0","enable_toc":"0","toc_type":"normal"}]},"footnotes":""},"categories":[10],"tags":[],"class_list":["post-39916","post","type-post","status-publish","format-standard","has-post-thumbnail","hentry","category-accion-politica"],"jetpack_featured_media_url":"https:\/\/atecordoba.org\/wp-content\/uploads\/2023\/11\/402058974_249552764776199_7088182001964575007_n-e1700576793648.jpg","_links":{"self":[{"href":"https:\/\/atecordoba.org\/index.php?rest_route=\/wp\/v2\/posts\/39916","targetHints":{"allow":["GET"]}}],"collection":[{"href":"https:\/\/atecordoba.org\/index.php?rest_route=\/wp\/v2\/posts"}],"about":[{"href":"https:\/\/atecordoba.org\/index.php?rest_route=\/wp\/v2\/types\/post"}],"author":[{"embeddable":true,"href":"https:\/\/atecordoba.org\/index.php?rest_route=\/wp\/v2\/users\/7"}],"replies":[{"embeddable":true,"href":"https:\/\/atecordoba.org\/index.php?rest_route=%2Fwp%2Fv2%2Fcomments&post=39916"}],"version-history":[{"count":1,"href":"https:\/\/atecordoba.org\/index.php?rest_route=\/wp\/v2\/posts\/39916\/revisions"}],"predecessor-version":[{"id":39920,"href":"https:\/\/atecordoba.org\/index.php?rest_route=\/wp\/v2\/posts\/39916\/revisions\/39920"}],"wp:featuredmedia":[{"embeddable":true,"href":"https:\/\/atecordoba.org\/index.php?rest_route=\/wp\/v2\/media\/39917"}],"wp:attachment":[{"href":"https:\/\/atecordoba.org\/index.php?rest_route=%2Fwp%2Fv2%2Fmedia&parent=39916"}],"wp:term":[{"taxonomy":"category","embeddable":true,"href":"https:\/\/atecordoba.org\/index.php?rest_route=%2Fwp%2Fv2%2Fcategories&post=39916"},{"taxonomy":"post_tag","embeddable":true,"href":"https:\/\/atecordoba.org\/index.php?rest_route=%2Fwp%2Fv2%2Ftags&post=39916"}],"curies":[{"name":"wp","href":"https:\/\/api.w.org\/{rel}","templated":true}]}}