{"id":39913,"date":"2023-11-21T10:30:41","date_gmt":"2023-11-21T13:30:41","guid":{"rendered":"https:\/\/atecordoba.org\/?p=39913"},"modified":"2023-11-21T10:30:42","modified_gmt":"2023-11-21T13:30:42","slug":"ate-nacional-se-reune-hoy-para-evaluar-el-resultado-electoral","status":"publish","type":"post","link":"https:\/\/atecordoba.org\/?p=39913","title":{"rendered":"ATE Nacional se re\u00fane hoy para evaluar el resultado electoral"},"content":{"rendered":"<div class=\"wp-block-image\">\n<figure class=\"alignleft size-full is-resized\"><img loading=\"lazy\" decoding=\"async\" src=\"https:\/\/atecordoba.org\/wp-content\/uploads\/2023\/11\/rodiaguiar.jpg\" alt=\"\" class=\"wp-image-39914\" width=\"456\" height=\"315\" \/><\/figure>\n<\/div>\n\n\n<p>El Secretario General del Consejo Directivo Nacional de ATE, Rodolfo Aguiar, convoc\u00f3, para este martes, a una reuni\u00f3n del Secretariado Nacional ampliado del sindicato para evaluar el resultado electoral y los primeros anuncios del presidente electo.<\/p>\n\n\n\n<p>Desde el sindicato anticiparon que la conducci\u00f3n nacional analizar\u00e1 el nuevo escenario pol\u00edtico, econ\u00f3mico y social, como as\u00ed tambi\u00e9n definir\u00e1 las primeras estrategias destinadas a enfrentar, si fuera necesario, medidas que amenacen la larga conquista de derechos de los trabajadores argentinos.<\/p>\n\n\n\n<p>\u201cHemos decidido convocar a una reuni\u00f3n extraordinaria para analizar el escenario pol\u00edtico, econ\u00f3mico y social que se empieza a configurar luego del balotaje y pensar colectivamente sobre los primeros anuncios del presidente electo que se dan a conocer\u201d, dijo Aguiar.<\/p>\n\n\n\n<p>\u201cNo es muy promisorio que se empiece a hablar de privatizaciones y desguace del Estado. ATE, como a lo largo de toda su historia, deber\u00e1 una vez m\u00e1s estar a la altura de las circunstancias y defender los derechos adquiridos de todos los trabajadores\u00bb, precis\u00f3 el Secretario General de ATE.<\/p>\n","protected":false},"excerpt":{"rendered":"<p>El Secretario General del Consejo Directivo Nacional de ATE, Rodolfo Aguiar, convoc\u00f3, para este martes, a una reuni\u00f3n del Secretariado Nacional ampliado del sindicato para evaluar el resultado electoral y los primeros anuncios del presidente electo. Desde el sindicato anticiparon que la conducci\u00f3n nacional analizar\u00e1 el nuevo escenario pol\u00edtico, econ\u00f3mico y social, como as\u00ed tambi\u00e9n [&hellip;]<\/p>\n","protected":false},"author":7,"featured_media":39914,"comment_status":"open","ping_status":"open","sticky":false,"template":"","format":"standard","meta":{"_exactmetrics_skip_tracking":false,"_exactmetrics_sitenote_active":false,"_exactmetrics_sitenote_note":"","_exactmetrics_sitenote_category":0,"jnews-multi-image_gallery":[],"jnews_single_post":{"subtitle":"Aguiar convoc\u00f3 a una reuni\u00f3n extraordinaria para analizar las primeras medidas anunciadas por Milei. El encuentro ser\u00e1 en el Hotel Quagliaro de CABA.","format":"standard","video":"","gallery":"","source_name":"","source_url":"","via_name":"","via_url":"","override_template":"0","override":[{"template":"1","single_blog_custom":"","parallax":"1","fullscreen":"1","layout":"no-sidebar-narrow","sidebar":"default-sidebar","second_sidebar":"default-sidebar","sticky_sidebar":"1","share_position":"bottom","share_float_style":"share-monocrhome","show_share_counter":"1","show_view_counter":"1","show_featured":"0","show_post_meta":"1","show_post_author":"0","show_post_author_image":"1","show_post_date":"1","post_date_format":"default","post_date_format_custom":"Y\/m\/d","show_post_category":"1","show_post_reading_time":"0","post_reading_time_wpm":"300","show_zoom_button":"0","zoom_button_out_step":"2","zoom_button_in_step":"3","show_post_tag":"1","show_prev_next_post":"0","show_popup_post":"0","number_popup_post":"1","show_author_box":"0","show_post_related":"1","show_inline_post_related":"0"}],"override_image_size":"0","image_override":[{"single_post_thumbnail_size":"crop-500","single_post_gallery_size":"crop-500"}],"trending_post":"0","trending_post_position":"meta","trending_post_label":"Trending","sponsored_post":"0","sponsored_post_label":"Sponsored by","sponsored_post_name":"","sponsored_post_url":"","sponsored_post_logo_enable":"0","sponsored_post_logo":"","sponsored_post_desc":"","disable_ad":"0"},"jnews_primary_category":{"id":"","hide":""},"jnews_social_meta":{"fb_title":"","fb_description":"","fb_image":"","twitter_title":"","twitter_description":"","twitter_image":""},"jnews_review":[],"enable_review":"0","type":"percentage","name":"","summary":"","brand":"","sku":"","good":[{"good_text":""}],"bad":[{"bad_text":""}],"score_override":"","override_value":"","rating":[{"rating_text":"","rating_number":"10"}],"price":[{"shop":"","price":"","link":"","icon":""}],"jnews_override_counter":{"override_view_counter":"0","view_counter_number":"0","override_share_counter":"0","share_counter_number":"0","override_like_counter":"0","like_counter_number":"0","override_dislike_counter":"0","dislike_counter_number":"0"},"jnews_post_split":{"enable_post_split":"0","post_split":[{"template":"1","tag":"h2","numbering":"asc","mode":"normal","first":"0","enable_toc":"0","toc_type":"normal"}]},"footnotes":""},"categories":[756],"tags":[],"class_list":["post-39913","post","type-post","status-publish","format-standard","has-post-thumbnail","hentry","category-consejo-directivo-nacional-cdn"],"jetpack_featured_media_url":"https:\/\/atecordoba.org\/wp-content\/uploads\/2023\/11\/rodiaguiar-e1700573435844.jpg","_links":{"self":[{"href":"https:\/\/atecordoba.org\/index.php?rest_route=\/wp\/v2\/posts\/39913","targetHints":{"allow":["GET"]}}],"collection":[{"href":"https:\/\/atecordoba.org\/index.php?rest_route=\/wp\/v2\/posts"}],"about":[{"href":"https:\/\/atecordoba.org\/index.php?rest_route=\/wp\/v2\/types\/post"}],"author":[{"embeddable":true,"href":"https:\/\/atecordoba.org\/index.php?rest_route=\/wp\/v2\/users\/7"}],"replies":[{"embeddable":true,"href":"https:\/\/atecordoba.org\/index.php?rest_route=%2Fwp%2Fv2%2Fcomments&post=39913"}],"version-history":[{"count":1,"href":"https:\/\/atecordoba.org\/index.php?rest_route=\/wp\/v2\/posts\/39913\/revisions"}],"predecessor-version":[{"id":39915,"href":"https:\/\/atecordoba.org\/index.php?rest_route=\/wp\/v2\/posts\/39913\/revisions\/39915"}],"wp:featuredmedia":[{"embeddable":true,"href":"https:\/\/atecordoba.org\/index.php?rest_route=\/wp\/v2\/media\/39914"}],"wp:attachment":[{"href":"https:\/\/atecordoba.org\/index.php?rest_route=%2Fwp%2Fv2%2Fmedia&parent=39913"}],"wp:term":[{"taxonomy":"category","embeddable":true,"href":"https:\/\/atecordoba.org\/index.php?rest_route=%2Fwp%2Fv2%2Fcategories&post=39913"},{"taxonomy":"post_tag","embeddable":true,"href":"https:\/\/atecordoba.org\/index.php?rest_route=%2Fwp%2Fv2%2Ftags&post=39913"}],"curies":[{"name":"wp","href":"https:\/\/api.w.org\/{rel}","templated":true}]}}