{"id":39846,"date":"2023-11-15T09:54:00","date_gmt":"2023-11-15T12:54:00","guid":{"rendered":"https:\/\/atecordoba.org\/?p=39846"},"modified":"2023-11-15T10:00:59","modified_gmt":"2023-11-15T13:00:59","slug":"pipon-giuliani-presenta-en-cordoba-su-libro-que-rumbo-hay-que-tomar","status":"publish","type":"post","link":"https:\/\/atecordoba.org\/?p=39846","title":{"rendered":"\u201cPip\u00f3n\u201d Giuliani presenta en ATE C\u00f3rdoba su libro \u201cQu\u00e9 rumbo hay que tomar\u201d"},"content":{"rendered":"<div class=\"wp-block-image\">\n<figure class=\"aligncenter size-large is-resized\"><img loading=\"lazy\" decoding=\"async\" src=\"https:\/\/atecordoba.org\/wp-content\/uploads\/2023\/11\/flyer-pipon-1024x1024.jpg\" alt=\"\" class=\"wp-image-39847\" width=\"768\" height=\"768\" srcset=\"https:\/\/atecordoba.org\/wp-content\/uploads\/2023\/11\/flyer-pipon-1024x1024.jpg 1024w, https:\/\/atecordoba.org\/wp-content\/uploads\/2023\/11\/flyer-pipon-300x300.jpg 300w, https:\/\/atecordoba.org\/wp-content\/uploads\/2023\/11\/flyer-pipon-150x150.jpg 150w, https:\/\/atecordoba.org\/wp-content\/uploads\/2023\/11\/flyer-pipon-768x768.jpg 768w, https:\/\/atecordoba.org\/wp-content\/uploads\/2023\/11\/flyer-pipon-560x560.jpg 560w, https:\/\/atecordoba.org\/wp-content\/uploads\/2023\/11\/flyer-pipon-75x75.jpg 75w, https:\/\/atecordoba.org\/wp-content\/uploads\/2023\/11\/flyer-pipon-350x350.jpg 350w, https:\/\/atecordoba.org\/wp-content\/uploads\/2023\/11\/flyer-pipon-750x750.jpg 750w, https:\/\/atecordoba.org\/wp-content\/uploads\/2023\/11\/flyer-pipon.jpg 1080w\" sizes=\"auto, (max-width: 768px) 100vw, 768px\" \/><\/figure>\n<\/div>\n\n\n<p>El pr\u00f3ximo 28 de noviembre a las 17 horas en nuestra sede de calle Entre R\u00edos 450, se realizar\u00e1 la presentaci\u00f3n del libro \u201cQu\u00e9 rumbo hay que tomar. El valor de la autonom\u00eda\u201d, del periodista, dirigente pol\u00edtico, cofundador del C\u00edrculo Sindical de la Prensa y la Comunicaci\u00f3n de C\u00f3rdoba (Cispren-CTAA) e hist\u00f3rico militante de la Central, Juan Carlos \u201cPip\u00f3n\u201d Giuliani, publicado por CTA Ediciones.<\/p>\n\n\n\n<p>El texto -de 197 p\u00e1ginas y 50 cap\u00edtulos- cuenta con pr\u00f3logo de la ex Secretaria General de CTERA y la CTA, l\u00edder de la Carpa Blanca Docente y Diputada Nacional (MC) -autora de la Ley de Glaciares- Marta Maffei; el ep\u00edlogo de la obra es el poema \u201cActa\u201d del salvadore\u00f1o Roque Dalton; y las ilustraciones de Elder Garc\u00eda (Jericles).<\/p>\n\n\n<div class=\"wp-block-image\">\n<figure class=\"alignleft size-full\"><img loading=\"lazy\" decoding=\"async\" width=\"209\" height=\"300\" src=\"https:\/\/atecordoba.org\/wp-content\/uploads\/2023\/11\/tapapipon.jpg\" alt=\"\" class=\"wp-image-39849\" \/><\/figure>\n<\/div>\n\n\n<p><strong>El autor<\/strong><\/p>\n\n\n\n<p>Juan Carlos \u201cPip\u00f3n\u201d Giuliani naci\u00f3 el 7 de abril de 1949 en la ciudad de C\u00f3rdoba. Curs\u00f3 hasta cuarto a\u00f1o de Derecho en la Universidad Nacional de C\u00f3rdoba entre 1969 y 1972. Comienza su carrera como periodista en 1973, debutando como cronista deportivo en LV 16 Radio R\u00edo Cuarto. En esa ciudad trabaj\u00f3 en varios medios de comunicaci\u00f3n, entre ellos la revista El Puente, la Radio FM Libre y los diarios El Pueblo y Puntal. Fue corresponsal en R\u00edo Cuarto de los diarios C\u00f3rdoba y la La Voz del Mundo de Buenos Aires.<\/p>\n\n\n\n<p>En 1974, ya ingresado a las filas de la Juventud Trabajadora Peronista (JTP), fue electo primer vocal titular de la Asociaci\u00f3n Gremial de Periodistas de R\u00edo Cuarto.<\/p>\n\n\n\n<p>\u201cPip\u00f3n\u201d estuvo detenido por su militancia en Montoneros siete a\u00f1os y medio durante la \u00faltima dictadura c\u00edvico-militar en las c\u00e1rceles de R\u00edo Cuarto, C\u00f3rdoba, Sierra Chica, Rawson y Caseros.<\/p>\n\n\n\n<p>Despu\u00e9s de recuperar su libertad a fines de 1982 milit\u00f3 en Intransigencia y Movilizaci\u00f3n Peronista y, posteriormente, integr\u00f3 la mesa de conducci\u00f3n del Bloque Sindical del Peronismo Revolucionario (PR).<\/p>\n\n\n\n<p>En 1983 fue cofundador del Foro por los Derechos Humanos y la Justicia Social de R\u00edo Cuarto.<\/p>\n\n\n\n<p>Fue uno de los fundadores, en 1984, del C\u00edrculo Sindical de la Prensa y la Comunicaci\u00f3n de C\u00f3rdoba (Cispren), organizaci\u00f3n surgida de la fusi\u00f3n del Sindicato de Prensa, el C\u00edrculo de la Prensa -ambos de la ciudad de C\u00f3rdoba- y la Asociaci\u00f3n Gremial de Periodistas de R\u00edo Cuarto. Se desempe\u00f1\u00f3 como Secretario General del Cispren Seccional R\u00edo Cuarto y Secretario Adjunto del gremio a nivel provincial hasta asumir la Secretar\u00eda General en diciembre de 1994, cargo que ocup\u00f3 hasta el a\u00f1o 2005.<\/p>\n\n\n<div class=\"wp-block-image\">\n<figure class=\"alignright size-full\"><img loading=\"lazy\" decoding=\"async\" width=\"211\" height=\"300\" src=\"https:\/\/atecordoba.org\/wp-content\/uploads\/2023\/11\/tapapipon2.jpg\" alt=\"\" class=\"wp-image-39848\" \/><\/figure>\n<\/div>\n\n\n<p>En el 2000 fue electo Secretario General de la CTA de C\u00f3rdoba, cargo en el que fue reelecto en 2003 hasta el a\u00f1o 2006, cuando fue elegido Secretario de Comunicaci\u00f3n y Difusi\u00f3n de la Comisi\u00f3n Ejecutiva Nacional de la CTA. Desde 2010 hasta 2018 se desempe\u00f1\u00f3 como Secretario de Relaciones Institucionales de la Central a nivel nacional.<\/p>\n\n\n\n<p>Desde el 2018 hasta 2022 fue Vocal de la Comisi\u00f3n Ejecutiva de la CTA Aut\u00f3noma Regional R\u00edo Cuarto. Actualmente es Congresal Nacional de la Central en representaci\u00f3n de la provincia de C\u00f3rdoba.<\/p>\n\n\n\n<p>Entre agosto y diciembre de 1991 fue concejal en la ciudad de R\u00edo Cuarto por el PJ.<\/p>\n\n\n\n<p>En el a\u00f1o 2012 fue candidato a Intendente de la ciudad de R\u00edo Cuarto por Unidad Popular (UP).<\/p>\n\n\n\n<p>Es autor de otros dos libros, \u201cPensamiento propio. Lo nuevo estaba entre nosotros\u201d y \u201cLo que somos. Parte de la historia que construye el futuro\u201d.<\/p>\n\n\n\n<p>Es militante del Nacionalismo Popular Revolucionario.<\/p>\n\n\n\n<p><strong>Introducci\u00f3n de la obra<\/strong><\/p>\n\n\n\n<p>Pas\u00f3 m\u00e1s de una d\u00e9cada desde la aparici\u00f3n de \u201cLo que somos. Parte de la historia que escribe el futuro\u201d, para que viera a la luz este tercer libro que, como el primero, \u201cPensamiento propio. Lo nuevo estaba entre nosotros\u201d, est\u00e1 configurado en base a la recopilaci\u00f3n de notas y art\u00edculos publicados en distintos medios de comunicaci\u00f3n, sitios digitales y, fundamentalmente, en la p\u00e1gina institucional de la CTA Aut\u00f3noma de la provincia de C\u00f3rdoba.<\/p>\n\n\n<div class=\"wp-block-image\">\n<figure class=\"alignleft size-full\"><img loading=\"lazy\" decoding=\"async\" width=\"226\" height=\"300\" src=\"https:\/\/atecordoba.org\/wp-content\/uploads\/2023\/11\/tapapipon3.jpg\" alt=\"\" class=\"wp-image-39850\" \/><\/figure>\n<\/div>\n\n\n<p>\u201cQu\u00e9 rumbo hay que tomar. El valor de la autonom\u00eda\u201d, pretende contribuir al necesario debate del Movimiento Popular en una etapa signada por la frustraci\u00f3n, la bronca y la tentaci\u00f3n latente de resignar nuestro autogobierno como clase a cuarenta a\u00f1os de esta democracia fallida.<\/p>\n\n\n\n<p>Hoy, m\u00e1s que nunca, el desaf\u00edo consiste en llevar a la pr\u00e1ctica nuestros ideales de emancipaci\u00f3n social y de defensa del derecho al trabajo, a la salud, a la vivienda, a la educaci\u00f3n y al buen vivir.<\/p>\n\n\n\n<p>Si Cristina Fern\u00e1ndez de Kirchner dice que \u201cno ser\u00e1 mascota del poder por ninguna candidatura\u201d en el pr\u00f3ximo turno electoral y que estamos transitando una \u201cdemocracia que se perdi\u00f3 en lo econ\u00f3mico, degrad\u00f3 en lo social y ha comenzado a romperse en lo pol\u00edtico e institucional\u201d, implica el reconocimiento expl\u00edcito de la crisis terminal del formato de democracia representativa, un punto sobre el que venimos machacando desde hace mucho tiempo. Por una raz\u00f3n muy simple: los representados descreen de sus representantes.<\/p>\n\n\n\n<p>Es imprescindible desbaratar esta democracia colonizada por los poderes f\u00e1cticos para ir hacia un nuevo Pacto Constituyente capaz de alumbrar una nueva institucionalidad que abra las puertas a la participaci\u00f3n y protagonismo popular en el marco de una democracia plebiscitaria.<\/p>\n\n\n<div class=\"wp-block-image\">\n<figure class=\"alignright size-full\"><img loading=\"lazy\" decoding=\"async\" width=\"300\" height=\"291\" src=\"https:\/\/atecordoba.org\/wp-content\/uploads\/2023\/11\/tapapipon4.jpg\" alt=\"\" class=\"wp-image-39851\" \/><\/figure>\n<\/div>\n\n\n<p>Si la lectura de estas l\u00edneas sirve para encender la chispa del inter\u00e9s y la rebeld\u00eda de los compa\u00f1eros y compa\u00f1eras que no se conforman con administrar lo dado como un dogma, sino en indagar en nuestro pasado para bosquejar lo que viene, habr\u00e1 cumplido buena parte de su misi\u00f3n.<\/p>\n\n\n\n<p>Prop\u00f3sito que no es otro que el de promover la cr\u00edtica y autocr\u00edtica para intentar una respuesta colectiva, por la positiva, que est\u00e9 en capacidad de superar lo que pareciera ser un callej\u00f3n sin salida en la l\u00f3gica de la deuda, que no empez\u00f3 con el acuerdo firmado por este gobierno con el FMI, ni con el pr\u00e9stamo escandaloso otorgado por el Fondo al gobierno de Macri, sino que nuestro pa\u00eds arrastra el lastre del endeudamiento desde la dictadura c\u00edvico-militar.<\/p>\n\n\n\n<p>Al mismo tiempo que soportamos esta ofensiva del capital contra los trabajadores y trabajadoras y desde el poder alientan la restauraci\u00f3n del revanchismo olig\u00e1rquico, surgen voces, colectivos, organizaciones de nuevo tipo que cuestionan el orden establecido y proponen, todav\u00eda como un balbuceo, explorar nuevas formas de participaci\u00f3n y protagonismo para dar por terminada esta largu\u00edsima transici\u00f3n democr\u00e1tica que ha mantenido invictos los mecanismos coloniales que nos sojuzgan como Naci\u00f3n.<\/p>\n\n\n\n<p>El mensaje final es de esperanza porque creo profundamente en que nuestro pueblo, pese a todas las diatribas del r\u00e9gimen dominante, sigue siendo lo mejor que tenemos.<\/p>\n\n\n\n<p><em>Juan Carlos Giuliani;&nbsp;R\u00edo Cuarto, mayo de 2023<\/em><\/p>\n","protected":false},"excerpt":{"rendered":"<p>El pr\u00f3ximo 28 de noviembre a las 17 horas en nuestra sede de calle Entre R\u00edos 450, se realizar\u00e1 la presentaci\u00f3n del libro \u201cQu\u00e9 rumbo hay que tomar. El valor de la autonom\u00eda\u201d, del periodista, dirigente pol\u00edtico, cofundador del C\u00edrculo Sindical de la Prensa y la Comunicaci\u00f3n de C\u00f3rdoba (Cispren-CTAA) e hist\u00f3rico militante de la [&hellip;]<\/p>\n","protected":false},"author":7,"featured_media":39850,"comment_status":"open","ping_status":"open","sticky":false,"template":"","format":"standard","meta":{"_exactmetrics_skip_tracking":false,"_exactmetrics_sitenote_active":false,"_exactmetrics_sitenote_note":"","_exactmetrics_sitenote_category":0,"jnews-multi-image_gallery":[],"jnews_single_post":{"subtitle":"El texto -de 197 p\u00e1ginas y 50 cap\u00edtulos- cuenta con pr\u00f3logo de la ex Secretaria General de CTERA y la CTA, l\u00edder de la Carpa Blanca Docente y Diputada Nacional (MC) -autora de la Ley de Glaciares- Marta Maffei; el ep\u00edlogo de la obra es el poema \u201cActa\u201d del salvadore\u00f1o Roque Dalton; y las ilustraciones de Elder Garc\u00eda (Jericles).","format":"standard","video":"","gallery":"","source_name":"","source_url":"","via_name":"","via_url":"","override_template":"0","override":[{"template":"1","single_blog_custom":"","parallax":"1","fullscreen":"1","layout":"no-sidebar-narrow","sidebar":"default-sidebar","second_sidebar":"default-sidebar","sticky_sidebar":"1","share_position":"bottom","share_float_style":"share-monocrhome","show_share_counter":"1","show_view_counter":"1","show_featured":"0","show_post_meta":"1","show_post_author":"0","show_post_author_image":"1","show_post_date":"1","post_date_format":"default","post_date_format_custom":"Y\/m\/d","show_post_category":"1","show_post_reading_time":"0","post_reading_time_wpm":"300","show_zoom_button":"0","zoom_button_out_step":"2","zoom_button_in_step":"3","show_post_tag":"1","show_prev_next_post":"0","show_popup_post":"0","number_popup_post":"1","show_author_box":"0","show_post_related":"1","show_inline_post_related":"0"}],"override_image_size":"0","image_override":[{"single_post_thumbnail_size":"crop-500","single_post_gallery_size":"crop-500"}],"trending_post":"0","trending_post_position":"meta","trending_post_label":"Trending","sponsored_post":"0","sponsored_post_label":"Sponsored by","sponsored_post_name":"","sponsored_post_url":"","sponsored_post_logo_enable":"0","sponsored_post_logo":"","sponsored_post_desc":"","disable_ad":"0"},"jnews_primary_category":{"id":"","hide":""},"jnews_social_meta":{"fb_title":"","fb_description":"","fb_image":"","twitter_title":"","twitter_description":"","twitter_image":""},"jnews_review":[],"enable_review":"0","type":"percentage","name":"","summary":"","brand":"","sku":"","good":[{"good_text":""}],"bad":[{"bad_text":""}],"score_override":"","override_value":"","rating":[{"rating_text":"","rating_number":"10"}],"price":[{"shop":"","price":"","link":"","icon":""}],"jnews_override_counter":{"override_view_counter":"0","view_counter_number":"0","override_share_counter":"0","share_counter_number":"0","override_like_counter":"0","like_counter_number":"0","override_dislike_counter":"0","dislike_counter_number":"0"},"jnews_post_split":{"enable_post_split":"0","post_split":[{"template":"1","tag":"h2","numbering":"asc","mode":"normal","first":"0","enable_toc":"0","toc_type":"normal"}]},"footnotes":""},"categories":[346],"tags":[],"class_list":["post-39846","post","type-post","status-publish","format-standard","has-post-thumbnail","hentry","category-prensa-y-comunicacion"],"jetpack_featured_media_url":"https:\/\/atecordoba.org\/wp-content\/uploads\/2023\/11\/tapapipon3.jpg","_links":{"self":[{"href":"https:\/\/atecordoba.org\/index.php?rest_route=\/wp\/v2\/posts\/39846","targetHints":{"allow":["GET"]}}],"collection":[{"href":"https:\/\/atecordoba.org\/index.php?rest_route=\/wp\/v2\/posts"}],"about":[{"href":"https:\/\/atecordoba.org\/index.php?rest_route=\/wp\/v2\/types\/post"}],"author":[{"embeddable":true,"href":"https:\/\/atecordoba.org\/index.php?rest_route=\/wp\/v2\/users\/7"}],"replies":[{"embeddable":true,"href":"https:\/\/atecordoba.org\/index.php?rest_route=%2Fwp%2Fv2%2Fcomments&post=39846"}],"version-history":[{"count":2,"href":"https:\/\/atecordoba.org\/index.php?rest_route=\/wp\/v2\/posts\/39846\/revisions"}],"predecessor-version":[{"id":39853,"href":"https:\/\/atecordoba.org\/index.php?rest_route=\/wp\/v2\/posts\/39846\/revisions\/39853"}],"wp:featuredmedia":[{"embeddable":true,"href":"https:\/\/atecordoba.org\/index.php?rest_route=\/wp\/v2\/media\/39850"}],"wp:attachment":[{"href":"https:\/\/atecordoba.org\/index.php?rest_route=%2Fwp%2Fv2%2Fmedia&parent=39846"}],"wp:term":[{"taxonomy":"category","embeddable":true,"href":"https:\/\/atecordoba.org\/index.php?rest_route=%2Fwp%2Fv2%2Fcategories&post=39846"},{"taxonomy":"post_tag","embeddable":true,"href":"https:\/\/atecordoba.org\/index.php?rest_route=%2Fwp%2Fv2%2Ftags&post=39846"}],"curies":[{"name":"wp","href":"https:\/\/api.w.org\/{rel}","templated":true}]}}