{"id":39832,"date":"2023-11-14T11:47:22","date_gmt":"2023-11-14T14:47:22","guid":{"rendered":"https:\/\/atecordoba.org\/?p=39832"},"modified":"2023-11-14T11:47:22","modified_gmt":"2023-11-14T14:47:22","slug":"rio-cuarto-capacitacion-de-delegados-y-activistas-gremiales","status":"publish","type":"post","link":"https:\/\/atecordoba.org\/?p=39832","title":{"rendered":"R\u00edo Cuarto: capacitaci\u00f3n de delegados y activistas gremiales"},"content":{"rendered":"<div class=\"wp-block-image\">\n<figure class=\"aligncenter size-full\"><img loading=\"lazy\" decoding=\"async\" width=\"526\" height=\"526\" src=\"https:\/\/atecordoba.org\/wp-content\/uploads\/2023\/11\/flyerrio4formacion.jpg\" alt=\"\" class=\"wp-image-39833\" srcset=\"https:\/\/atecordoba.org\/wp-content\/uploads\/2023\/11\/flyerrio4formacion.jpg 526w, https:\/\/atecordoba.org\/wp-content\/uploads\/2023\/11\/flyerrio4formacion-300x300.jpg 300w, https:\/\/atecordoba.org\/wp-content\/uploads\/2023\/11\/flyerrio4formacion-150x150.jpg 150w, https:\/\/atecordoba.org\/wp-content\/uploads\/2023\/11\/flyerrio4formacion-75x75.jpg 75w, https:\/\/atecordoba.org\/wp-content\/uploads\/2023\/11\/flyerrio4formacion-350x350.jpg 350w\" sizes=\"auto, (max-width: 526px) 100vw, 526px\" \/><\/figure>\n<\/div>\n\n\n<p>Ma\u00f1ana \u00a0mi\u00e9rcoles 15 de noviembre, a las 9 horas, se llevar\u00e1 a cabo un Taller de Formaci\u00f3n para Delegados y Activistas Sindicales en la sede de ATE R\u00edo Cuarto, San Mart\u00edn 374.<\/p>\n\n\n\n<p>En el curso, se abordar\u00e1 la importancia de las y los delegados y activistas sindicales en la coyuntura pol\u00edtica actual y ser\u00e1 dictado por Carlos Rang, analista pol\u00edtico, delegado de ATE en la Secretar\u00eda de Agricultura Familiar (SAF), vocal electo del Consejo Directivo Provincial de ATE C\u00f3rdoba y docente en la Universidad Nacional de R\u00edo Cuarto (UNRC).<\/p>\n","protected":false},"excerpt":{"rendered":"<p>Ma\u00f1ana \u00a0mi\u00e9rcoles 15 de noviembre, a las 9 horas, se llevar\u00e1 a cabo un Taller de Formaci\u00f3n para Delegados y Activistas Sindicales en la sede de ATE R\u00edo Cuarto, San Mart\u00edn 374. En el curso, se abordar\u00e1 la importancia de las y los delegados y activistas sindicales en la coyuntura pol\u00edtica actual y ser\u00e1 dictado [&hellip;]<\/p>\n","protected":false},"author":7,"featured_media":39834,"comment_status":"open","ping_status":"open","sticky":false,"template":"","format":"standard","meta":{"_exactmetrics_skip_tracking":false,"_exactmetrics_sitenote_active":false,"_exactmetrics_sitenote_note":"","_exactmetrics_sitenote_category":0,"jnews-multi-image_gallery":[],"jnews_single_post":{"subtitle":"El taller ser\u00e1 dictado por Carlos Rang, analista pol\u00edtico, delegado de ATE en la Secretar\u00eda de Agricultura Familiar (SAF), vocal electo del Consejo Directivo Provincial de ATE C\u00f3rdoba y docente en la Universidad Nacional de R\u00edo Cuarto (UNRC).","format":"standard","video":"","gallery":"","source_name":"","source_url":"","via_name":"","via_url":"","override_template":"0","override":[{"template":"1","single_blog_custom":"","parallax":"1","fullscreen":"1","layout":"no-sidebar-narrow","sidebar":"default-sidebar","second_sidebar":"default-sidebar","sticky_sidebar":"1","share_position":"bottom","share_float_style":"share-monocrhome","show_share_counter":"1","show_view_counter":"1","show_featured":"0","show_post_meta":"1","show_post_author":"0","show_post_author_image":"1","show_post_date":"1","post_date_format":"default","post_date_format_custom":"Y\/m\/d","show_post_category":"1","show_post_reading_time":"0","post_reading_time_wpm":"300","show_zoom_button":"0","zoom_button_out_step":"2","zoom_button_in_step":"3","show_post_tag":"1","show_prev_next_post":"0","show_popup_post":"0","number_popup_post":"1","show_author_box":"0","show_post_related":"1","show_inline_post_related":"0"}],"override_image_size":"0","image_override":[{"single_post_thumbnail_size":"crop-500","single_post_gallery_size":"crop-500"}],"trending_post":"0","trending_post_position":"meta","trending_post_label":"Trending","sponsored_post":"0","sponsored_post_label":"Sponsored by","sponsored_post_name":"","sponsored_post_url":"","sponsored_post_logo_enable":"0","sponsored_post_logo":"","sponsored_post_desc":"","disable_ad":"0"},"jnews_primary_category":{"id":"","hide":""},"jnews_social_meta":{"fb_title":"","fb_description":"","fb_image":"","twitter_title":"","twitter_description":"","twitter_image":""},"jnews_review":[],"enable_review":"0","type":"percentage","name":"","summary":"","brand":"","sku":"","good":[{"good_text":""}],"bad":[{"bad_text":""}],"score_override":"","override_value":"","rating":[{"rating_text":"","rating_number":"10"}],"price":[{"shop":"","price":"","link":"","icon":""}],"jnews_override_counter":{"override_view_counter":"0","view_counter_number":"0","override_share_counter":"0","share_counter_number":"0","override_like_counter":"0","like_counter_number":"0","override_dislike_counter":"0","dislike_counter_number":"0"},"jnews_post_split":{"enable_post_split":"0","post_split":[{"template":"1","tag":"h2","numbering":"asc","mode":"normal","first":"0","enable_toc":"0","toc_type":"normal"}]},"footnotes":""},"categories":[88],"tags":[],"class_list":["post-39832","post","type-post","status-publish","format-standard","has-post-thumbnail","hentry","category-formacion"],"jetpack_featured_media_url":"https:\/\/atecordoba.org\/wp-content\/uploads\/2023\/11\/flyerrio4formacion-1.jpg","_links":{"self":[{"href":"https:\/\/atecordoba.org\/index.php?rest_route=\/wp\/v2\/posts\/39832","targetHints":{"allow":["GET"]}}],"collection":[{"href":"https:\/\/atecordoba.org\/index.php?rest_route=\/wp\/v2\/posts"}],"about":[{"href":"https:\/\/atecordoba.org\/index.php?rest_route=\/wp\/v2\/types\/post"}],"author":[{"embeddable":true,"href":"https:\/\/atecordoba.org\/index.php?rest_route=\/wp\/v2\/users\/7"}],"replies":[{"embeddable":true,"href":"https:\/\/atecordoba.org\/index.php?rest_route=%2Fwp%2Fv2%2Fcomments&post=39832"}],"version-history":[{"count":1,"href":"https:\/\/atecordoba.org\/index.php?rest_route=\/wp\/v2\/posts\/39832\/revisions"}],"predecessor-version":[{"id":39835,"href":"https:\/\/atecordoba.org\/index.php?rest_route=\/wp\/v2\/posts\/39832\/revisions\/39835"}],"wp:featuredmedia":[{"embeddable":true,"href":"https:\/\/atecordoba.org\/index.php?rest_route=\/wp\/v2\/media\/39834"}],"wp:attachment":[{"href":"https:\/\/atecordoba.org\/index.php?rest_route=%2Fwp%2Fv2%2Fmedia&parent=39832"}],"wp:term":[{"taxonomy":"category","embeddable":true,"href":"https:\/\/atecordoba.org\/index.php?rest_route=%2Fwp%2Fv2%2Fcategories&post=39832"},{"taxonomy":"post_tag","embeddable":true,"href":"https:\/\/atecordoba.org\/index.php?rest_route=%2Fwp%2Fv2%2Ftags&post=39832"}],"curies":[{"name":"wp","href":"https:\/\/api.w.org\/{rel}","templated":true}]}}